{"id":10746,"date":"2025-01-28T08:51:15","date_gmt":"2025-01-28T07:51:15","guid":{"rendered":"https:\/\/fundaciohospitalariesmartorell.org\/entre-tots\/?p=10746"},"modified":"2025-01-28T09:46:44","modified_gmt":"2025-01-28T08:46:44","slug":"escoltar-pacients-i-professionals-innovar-i-treballar-en-equip-son-claus-per-impulsar-latencio-intermedia","status":"publish","type":"post","link":"https:\/\/fundaciohospitalariesmartorell.org\/entre-tots\/2025\/01\/escoltar-pacients-i-professionals-innovar-i-treballar-en-equip-son-claus-per-impulsar-latencio-intermedia\/","title":{"rendered":"&#8220;Escoltar pacients i professionals, innovar i treballar en equip s\u00f3n claus per impulsar l\u2019atenci\u00f3 interm\u00e8dia\u201d"},"content":{"rendered":"\n<figure class=\"wp-block-image size-large\"><img loading=\"lazy\" decoding=\"async\" width=\"1024\" height=\"768\" src=\"https:\/\/fundaciohospitalariesmartorell.org\/entre-tots\/wp-content\/uploads\/2025\/01\/image-11-1024x768.png\" alt=\"\" class=\"wp-image-10748\" srcset=\"https:\/\/fundaciohospitalariesmartorell.org\/entre-tots\/wp-content\/uploads\/2025\/01\/image-11-1024x768.png 1024w, https:\/\/fundaciohospitalariesmartorell.org\/entre-tots\/wp-content\/uploads\/2025\/01\/image-11-300x225.png 300w, https:\/\/fundaciohospitalariesmartorell.org\/entre-tots\/wp-content\/uploads\/2025\/01\/image-11-768x576.png 768w, https:\/\/fundaciohospitalariesmartorell.org\/entre-tots\/wp-content\/uploads\/2025\/01\/image-11-1536x1152.png 1536w, https:\/\/fundaciohospitalariesmartorell.org\/entre-tots\/wp-content\/uploads\/2025\/01\/image-11-1320x990.png 1320w, https:\/\/fundaciohospitalariesmartorell.org\/entre-tots\/wp-content\/uploads\/2025\/01\/image-11.png 1600w\" sizes=\"auto, (max-width: 1024px) 100vw, 1024px\" \/><\/figure>\n\n\n\n<p>Aquest mes de gener, la Dra. M\u00f2nica Valverde ha assumit la coordinaci\u00f3 de l&#8217;\u00c0rea d&#8217;Atenci\u00f3 Interm\u00e8dia de la Fundaci\u00f3 Hospital\u00e0ries Martorell en substituci\u00f3, en aquesta funci\u00f3, del Dr. Santi Bernades, subdirector m\u00e8dic. Els seus companys i companyes la defineixen com una persona polivalent, carism\u00e0tica, assertiva i compromesa, din\u00e0mica i amb esperit resolutiu. En aquesta entrevista, ens explica com afronta aquest repte i la seva visi\u00f3 sobre l\u2019atenci\u00f3 interm\u00e8dia en el nostre hospital.<\/p>\n\n\n\n<h3 class=\"wp-block-heading\"><strong>Qu\u00e8 significa per tu assumir la coordinaci\u00f3 d\u2019aquesta \u00e0rea tan important per al nostre hospital? Com afrontes aquest nou repte professional?<\/strong><\/h3>\n\n\n\n<p>Assumir aquesta coordinaci\u00f3 \u00e9s una gran responsabilitat i, alhora, una oportunitat \u00fanica per posar en valor tot el que he apr\u00e8s durant la meva traject\u00f2ria professional. L\u2019atenci\u00f3 interm\u00e8dia \u00e9s clau en un sistema sanitari que vol ser eficient i centrat en les persones, especialment en un context com l\u2019actual. Afronto aquest nou repte amb molta il\u00b7lusi\u00f3, energia i la convicci\u00f3 que puc contribuir a millorar el funcionament de l\u2019\u00e0rea amb un estil de gesti\u00f3 proper, col\u00b7laboratiu i enfocat en els resultats.<\/p>\n\n\n\n<h3 class=\"wp-block-heading\"><strong>Quines qualitats creus que aportes a l\u2019\u00e0rea d\u2019atenci\u00f3 interm\u00e8dia i com definiries el teu estil de lideratge?<\/strong><\/h3>\n\n\n\n<p>Crec que aporto una combinaci\u00f3 d\u2019experi\u00e8ncia assistencial i de gesti\u00f3 que em permet entendre les necessitats dels pacients, dels professionals i del sistema. Tinc un lideratge col\u00b7laboratiu i proper; crec fermament en el valor de l\u2019escolta activa, en construir confian\u00e7a dins l\u2019equip i en donar espai perqu\u00e8 cadasc\u00fa pugui aportar el millor de si mateix. Soc resolutiva, amb empenta i sempre treballo amb una mirada global, connectant qualitat assistencial i efici\u00e8ncia en la gesti\u00f3.<\/p>\n\n\n\n<hr class=\"wp-block-separator has-alpha-channel-opacity\"\/>\n\n\n\n<h3 class=\"wp-block-heading\"><strong>Com planteges fomentar la cohesi\u00f3 i col\u00b7laboraci\u00f3 dels equips interdisciplinaris?<\/strong><\/h3>\n\n\n\n<p>La cohesi\u00f3 i la col\u00b7laboraci\u00f3 es basen en la confian\u00e7a i una bona comunicaci\u00f3. Per enfortir-les, treballar\u00e9 perqu\u00e8 tots els membres de l\u2019equip tinguin clars els objectius comuns i, alhora, se sentin valorats i escoltats. Aposto per establir espais de trobada regulars per compartir informaci\u00f3, inquietuds i propostes, aix\u00ed com per impulsar formacions interdisciplin\u00e0ries que reforcin el treball en equip. Tamb\u00e9 considero clau proporcionar eines digitals que millorin la comunicaci\u00f3 interna. Quan les persones s\u2019entenen i saben que remen en la mateixa direcci\u00f3, la feina flueix millor.<\/p>\n\n\n\n<hr class=\"wp-block-separator has-alpha-channel-opacity\"\/>\n\n\n\n<h3 class=\"wp-block-heading\"><strong>Quins s\u00f3n els principals reptes que afronta l\u2019atenci\u00f3 interm\u00e8dia a Catalunya i al nostre centre?<\/strong><\/h3>\n\n\n\n<p>El repte m\u00e9s gran \u00e9s adaptar-nos a unes necessitats cada vegada m\u00e9s complexes i cr\u00f2niques, amb uns recursos que no sempre creixen al mateix ritme. A Catalunya i al nostre centre, aix\u00f2 implica refor\u00e7ar la coordinaci\u00f3 entre nivells assistencials, optimitzar els recursos i posar el focus en el pacient, promovent l\u2019autonomia i l\u2019atenci\u00f3 centrada en les persones. Tamb\u00e9 \u00e9s clau innovar en l\u2019\u00fas de tecnologies, impulsar la prevenci\u00f3 i preparar-nos per donar respostes m\u00e9s flexibles i personalitzades.<\/p>\n\n\n\n<hr class=\"wp-block-separator has-alpha-channel-opacity\"\/>\n\n\n\n<h3 class=\"wp-block-heading\"><strong>Com veus la relaci\u00f3 entre l\u2019atenci\u00f3 interm\u00e8dia i altres \u00e0rees de la fundaci\u00f3?<\/strong><\/h3>\n\n\n\n<p>L\u2019atenci\u00f3 interm\u00e8dia ha de ser un pont, no una barrera. La relaci\u00f3 amb la resta d\u2019\u00e0rees s\u2019ha de basar en una comunicaci\u00f3 fluida i constant. La clau \u00e9s entendre que treballem per a la mateixa persona i que, si ens coordinem b\u00e9, redu\u00efm duplicacions, evitem errors i oferim una atenci\u00f3 molt m\u00e9s efectiva. Aix\u00f2 implica treballar per protocols compartits, agilitzar les derivacions i fomentar la col\u00b7laboraci\u00f3 en casos complexos.<\/p>\n\n\n\n<hr class=\"wp-block-separator has-alpha-channel-opacity\"\/>\n\n\n\n<h3 class=\"wp-block-heading\"><strong>Com t\u2019imagines l\u2019atenci\u00f3 interm\u00e8dia d\u2019aqu\u00ed a cinc anys?<\/strong><\/h3>\n\n\n\n<p>D\u2019aqu\u00ed a cinc anys, veig una atenci\u00f3 interm\u00e8dia m\u00e9s integrada i proactiva, amb equips interdisciplinaris consolidats i amb m\u00e9s pes de la tecnologia, que facilitar\u00e0 el seguiment a domicili i la coordinaci\u00f3 amb altres nivells assistencials. Tamb\u00e9 imagino una aposta clara per la personalitzaci\u00f3, amb serveis adaptats a les necessitats espec\u00edfiques de cada pacient i una major implicaci\u00f3 de la comunitat i les fam\u00edlies en el proc\u00e9s de cura. En definitiva, una atenci\u00f3 interm\u00e8dia que sigui un referent d\u2019humanitzaci\u00f3 i innovaci\u00f3.<\/p>\n\n\n\n<hr class=\"wp-block-separator has-alpha-channel-opacity\"\/>\n\n\n\n<h3 class=\"wp-block-heading\"><strong>I com t\u2019imagines la teva vellesa?<\/strong><\/h3>\n\n\n\n<p>La meva vellesa me l\u2019imagino en dues etapes. En la primera, viatjant amb el meu home amb una furgoneta i la moto, gaudint de la vida a l\u2019aire lliure, arrugada i prenent el sol mentre llegeixo un bon llibre. En la segona, envoltada dels meus fills, amb la tranquil\u00b7litat que dona la fam\u00edlia i, si tinc sort, amb algun net o neta que em faci somriure cada dia.<\/p>\n\n\n\n<p><\/p>\n","protected":false},"excerpt":{"rendered":"<p>Aquest mes de gener, la Dra. M\u00f2nica Valverde ha assumit la coordinaci\u00f3 de l&#8217;\u00c0rea d&#8217;Atenci\u00f3 Interm\u00e8dia de la Fundaci\u00f3 Hospital\u00e0ries Martorell en substituci\u00f3, en aquesta funci\u00f3, del Dr. Santi Bernades, subdirector m\u00e8dic. Els seus companys i companyes la defineixen com una persona polivalent, carism\u00e0tica, assertiva i compromesa, din\u00e0mica i amb esperit resolutiu. En aquesta entrevista, [&hellip;]<\/p>\n","protected":false},"author":5,"featured_media":10748,"comment_status":"closed","ping_status":"closed","sticky":false,"template":"","format":"standard","meta":{"footnotes":""},"categories":[27],"tags":[],"class_list":["post-10746","post","type-post","status-publish","format-standard","has-post-thumbnail","hentry","category-actualitat"],"blocksy_meta":[],"featured_image_urls_v2":{"full":["https:\/\/fundaciohospitalariesmartorell.org\/entre-tots\/wp-content\/uploads\/2025\/01\/image-11.png",1600,1200,false],"thumbnail":["https:\/\/fundaciohospitalariesmartorell.org\/entre-tots\/wp-content\/uploads\/2025\/01\/image-11-150x150.png",150,150,true],"medium":["https:\/\/fundaciohospitalariesmartorell.org\/entre-tots\/wp-content\/uploads\/2025\/01\/image-11-300x225.png",300,225,true],"medium_large":["https:\/\/fundaciohospitalariesmartorell.org\/entre-tots\/wp-content\/uploads\/2025\/01\/image-11-768x576.png",768,576,true],"large":["https:\/\/fundaciohospitalariesmartorell.org\/entre-tots\/wp-content\/uploads\/2025\/01\/image-11-1024x768.png",1024,768,true],"1536x1536":["https:\/\/fundaciohospitalariesmartorell.org\/entre-tots\/wp-content\/uploads\/2025\/01\/image-11-1536x1152.png",1536,1152,true],"2048x2048":["https:\/\/fundaciohospitalariesmartorell.org\/entre-tots\/wp-content\/uploads\/2025\/01\/image-11.png",1600,1200,false],"mailpoet_newsletter_max":["https:\/\/fundaciohospitalariesmartorell.org\/entre-tots\/wp-content\/uploads\/2025\/01\/image-11-1320x990.png",1320,990,true]},"post_excerpt_stackable_v2":"<p>Aquest mes de gener, la Dra. M\u00f2nica Valverde ha assumit la coordinaci\u00f3 de l&#8217;\u00c0rea d&#8217;Atenci\u00f3 Interm\u00e8dia de la Fundaci\u00f3 Hospital\u00e0ries Martorell en substituci\u00f3, en aquesta funci\u00f3, del Dr. Santi Bernades, subdirector m\u00e8dic. Els seus companys i companyes la defineixen com una persona polivalent, carism\u00e0tica, assertiva i compromesa, din\u00e0mica i amb esperit resolutiu. En aquesta entrevista, ens explica com afronta aquest repte i la seva visi\u00f3 sobre l\u2019atenci\u00f3 interm\u00e8dia en el nostre hospital. Qu\u00e8 significa per tu assumir la coordinaci\u00f3 d\u2019aquesta \u00e0rea tan important per al nostre hospital? Com afrontes aquest nou repte professional? Assumir aquesta coordinaci\u00f3 \u00e9s una gran responsabilitat&hellip;<\/p>\n","category_list_v2":"<a href=\"https:\/\/fundaciohospitalariesmartorell.org\/entre-tots\/category\/actualitat\/\" rel=\"category tag\">ACTUALITAT<\/a>","author_info_v2":{"name":"Alba Felip","url":"https:\/\/fundaciohospitalariesmartorell.org\/entre-tots\/author\/afelipr\/"},"comments_num_v2":"0 comments","_links":{"self":[{"href":"https:\/\/fundaciohospitalariesmartorell.org\/entre-tots\/wp-json\/wp\/v2\/posts\/10746","targetHints":{"allow":["GET"]}}],"collection":[{"href":"https:\/\/fundaciohospitalariesmartorell.org\/entre-tots\/wp-json\/wp\/v2\/posts"}],"about":[{"href":"https:\/\/fundaciohospitalariesmartorell.org\/entre-tots\/wp-json\/wp\/v2\/types\/post"}],"author":[{"embeddable":true,"href":"https:\/\/fundaciohospitalariesmartorell.org\/entre-tots\/wp-json\/wp\/v2\/users\/5"}],"replies":[{"embeddable":true,"href":"https:\/\/fundaciohospitalariesmartorell.org\/entre-tots\/wp-json\/wp\/v2\/comments?post=10746"}],"version-history":[{"count":2,"href":"https:\/\/fundaciohospitalariesmartorell.org\/entre-tots\/wp-json\/wp\/v2\/posts\/10746\/revisions"}],"predecessor-version":[{"id":10749,"href":"https:\/\/fundaciohospitalariesmartorell.org\/entre-tots\/wp-json\/wp\/v2\/posts\/10746\/revisions\/10749"}],"wp:featuredmedia":[{"embeddable":true,"href":"https:\/\/fundaciohospitalariesmartorell.org\/entre-tots\/wp-json\/wp\/v2\/media\/10748"}],"wp:attachment":[{"href":"https:\/\/fundaciohospitalariesmartorell.org\/entre-tots\/wp-json\/wp\/v2\/media?parent=10746"}],"wp:term":[{"taxonomy":"category","embeddable":true,"href":"https:\/\/fundaciohospitalariesmartorell.org\/entre-tots\/wp-json\/wp\/v2\/categories?post=10746"},{"taxonomy":"post_tag","embeddable":true,"href":"https:\/\/fundaciohospitalariesmartorell.org\/entre-tots\/wp-json\/wp\/v2\/tags?post=10746"}],"curies":[{"name":"wp","href":"https:\/\/api.w.org\/{rel}","templated":true}]}}