{"id":10779,"date":"2025-01-28T12:36:22","date_gmt":"2025-01-28T11:36:22","guid":{"rendered":"https:\/\/fundaciohospitalariesmartorell.org\/entre-tots\/?p=10779"},"modified":"2025-01-30T11:37:57","modified_gmt":"2025-01-30T10:37:57","slug":"gara-alias-resident-de-psicologia-clinica-guanyadora-del-9e-premi-alfredo-rego","status":"publish","type":"post","link":"https:\/\/fundaciohospitalariesmartorell.org\/entre-tots\/2025\/01\/gara-alias-resident-de-psicologia-clinica-guanyadora-del-9e-premi-alfredo-rego\/","title":{"rendered":"Gara Alias, resident de psicologia cl\u00ednica, guanyadora del 9\u00e8 Premi Alfredo Rego"},"content":{"rendered":"\n<figure class=\"wp-block-image size-large\"><img loading=\"lazy\" decoding=\"async\" width=\"1024\" height=\"768\" src=\"https:\/\/fundaciohospitalariesmartorell.org\/entre-tots\/wp-content\/uploads\/2025\/01\/20250122_123614-1024x768.jpg\" alt=\"\" class=\"wp-image-10782\" srcset=\"https:\/\/fundaciohospitalariesmartorell.org\/entre-tots\/wp-content\/uploads\/2025\/01\/20250122_123614-1024x768.jpg 1024w, https:\/\/fundaciohospitalariesmartorell.org\/entre-tots\/wp-content\/uploads\/2025\/01\/20250122_123614-300x225.jpg 300w, https:\/\/fundaciohospitalariesmartorell.org\/entre-tots\/wp-content\/uploads\/2025\/01\/20250122_123614-768x576.jpg 768w, https:\/\/fundaciohospitalariesmartorell.org\/entre-tots\/wp-content\/uploads\/2025\/01\/20250122_123614-1536x1152.jpg 1536w, https:\/\/fundaciohospitalariesmartorell.org\/entre-tots\/wp-content\/uploads\/2025\/01\/20250122_123614-2048x1536.jpg 2048w, https:\/\/fundaciohospitalariesmartorell.org\/entre-tots\/wp-content\/uploads\/2025\/01\/20250122_123614-1320x990.jpg 1320w\" sizes=\"auto, (max-width: 1024px) 100vw, 1024px\" \/><\/figure>\n\n\n\n<p>Gara Alias, resident de psicologia cl\u00ednica al nostre hospital, ha estat guardonada amb el Premi Alfredo Rego per la seva comunicaci\u00f3 <em>&#8220;El cos porta el compte: cervell, ment i cos en la superaci\u00f3 del trauma&#8221;<\/em>. Aquest reconeixement, atorgat per la Comissi\u00f3 de Doc\u00e8ncia del Centre, ha estat considerat com la millor presentaci\u00f3 docent del curs 2024. La cerim\u00f2nia de lliurament va tenir lloc el passat dimecres 22 de gener, en el marc de la primera sessi\u00f3 del cicle de sessions cl\u00edniques de residents del curs docent 2025.<\/p>\n\n\n\n<p>El Jurat, format per les tutores i tutors del programa de residents, ha valorat diversos aspectes de la presentaci\u00f3, com el contingut docent, la documentaci\u00f3 presentada, l&#8217;estructura de la comunicaci\u00f3 i les habilitats en la transmissi\u00f3 de coneixements.<\/p>\n\n\n\n<p>&#8220;Quan estava al CSMA de Martorell, treballant amb pacients, em vaig adonar que sovint apareixia algun motiu traum\u00e0tic que havia fragmentat les seves vides. Va ser aleshores quan em vaig comen\u00e7ar a interessar per aquest tema i vaig buscar informaci\u00f3 per entendre qu\u00e8 passava realment&#8221;, explica la Gara. Per aix\u00f2 es van endinsar en el llibre <em>El cuerpo lleva la cuenta<\/em>, de Bessel van der Kolk. <\/p>\n\n\n\n<p>Des d&#8217;aqu\u00ed va explorar el trauma &#8220;des d&#8217;una nova perspectiva, que no nom\u00e9s el veia com una mem\u00f2ria reprimida o fragmentada, sin\u00f3 tamb\u00e9 com una experi\u00e8ncia que afecta el cos&#8221;. &#8220;Aquesta visi\u00f3, assegura, &#8220;em va obrir els ulls a la import\u00e0ncia de treballar amb el cos per poder transitar i elaborar el trauma. Vaig comen\u00e7ar a veure com t\u00e8cniques com el ioga poden ser una eina efica\u00e7 per treballar el trauma, ja que ajuden a recuperar una hist\u00f2ria que sovint est\u00e0 bloquejada o reprimirada al cos. Aix\u00f2 em va semblar fonamental per poder ajudar els pacients de manera m\u00e9s global, no nom\u00e9s a nivell mental sin\u00f3 tamb\u00e9 corporal&#8221;, afegeix.<\/p>\n\n\n\n<figure class=\"wp-block-embed is-type-video is-provider-youtube wp-block-embed-youtube wp-embed-aspect-16-9 wp-has-aspect-ratio\"><div class=\"wp-block-embed__wrapper\">\n<iframe loading=\"lazy\" title=\"Gara Alias, guanyadora del Premi Alfredo Rego 2024\" width=\"1290\" height=\"726\" src=\"https:\/\/www.youtube.com\/embed\/lsZH_ag1lEc?feature=oembed\" frameborder=\"0\" allow=\"accelerometer; autoplay; clipboard-write; encrypted-media; gyroscope; picture-in-picture; web-share\" referrerpolicy=\"strict-origin-when-cross-origin\" allowfullscreen><\/iframe>\n<\/div><\/figure>\n\n\n\n<p>Aquest premi subratlla l&#8217;excel\u00b7l\u00e8ncia i la qualitat docent del nostre centre, i reconeix l&#8217;esfor\u00e7 i la dedicaci\u00f3 dels residents en el seu cam\u00ed de formaci\u00f3 professional.<\/p>\n\n\n\n<figure class=\"wp-block-image size-large\"><img loading=\"lazy\" decoding=\"async\" width=\"2560\" height=\"1440\" src=\"https:\/\/fundaciohospitalariesmartorell.org\/entre-tots\/wp-content\/uploads\/2025\/01\/20250122_123340-edited-scaled.jpg\" alt=\"\" class=\"wp-image-10781\" srcset=\"https:\/\/fundaciohospitalariesmartorell.org\/entre-tots\/wp-content\/uploads\/2025\/01\/20250122_123340-edited-scaled.jpg 2560w, https:\/\/fundaciohospitalariesmartorell.org\/entre-tots\/wp-content\/uploads\/2025\/01\/20250122_123340-edited-300x169.jpg 300w, https:\/\/fundaciohospitalariesmartorell.org\/entre-tots\/wp-content\/uploads\/2025\/01\/20250122_123340-edited-1024x576.jpg 1024w, https:\/\/fundaciohospitalariesmartorell.org\/entre-tots\/wp-content\/uploads\/2025\/01\/20250122_123340-edited-768x432.jpg 768w, https:\/\/fundaciohospitalariesmartorell.org\/entre-tots\/wp-content\/uploads\/2025\/01\/20250122_123340-edited-1536x864.jpg 1536w, https:\/\/fundaciohospitalariesmartorell.org\/entre-tots\/wp-content\/uploads\/2025\/01\/20250122_123340-edited-2048x1152.jpg 2048w, https:\/\/fundaciohospitalariesmartorell.org\/entre-tots\/wp-content\/uploads\/2025\/01\/20250122_123340-edited-1320x743.jpg 1320w\" sizes=\"auto, (max-width: 2560px) 100vw, 2560px\" \/><\/figure>\n","protected":false},"excerpt":{"rendered":"<p>Gara Alias, resident de psicologia cl\u00ednica al nostre hospital, ha estat guardonada amb el Premi Alfredo Rego per la seva comunicaci\u00f3 &#8220;El cos porta el compte: cervell, ment i cos en la superaci\u00f3 del trauma&#8221;. Aquest reconeixement, atorgat per la Comissi\u00f3 de Doc\u00e8ncia del Centre, ha estat considerat com la millor presentaci\u00f3 docent del curs [&hellip;]<\/p>\n","protected":false},"author":5,"featured_media":10783,"comment_status":"closed","ping_status":"closed","sticky":false,"template":"","format":"standard","meta":{"footnotes":""},"categories":[27,58],"tags":[],"class_list":["post-10779","post","type-post","status-publish","format-standard","has-post-thumbnail","hentry","category-actualitat","category-collaboradors-es"],"blocksy_meta":[],"featured_image_urls_v2":{"full":["https:\/\/fundaciohospitalariesmartorell.org\/entre-tots\/wp-content\/uploads\/2025\/01\/Captura-de-pantalla-2025-01-28-123505.png",707,518,false],"thumbnail":["https:\/\/fundaciohospitalariesmartorell.org\/entre-tots\/wp-content\/uploads\/2025\/01\/Captura-de-pantalla-2025-01-28-123505-150x150.png",150,150,true],"medium":["https:\/\/fundaciohospitalariesmartorell.org\/entre-tots\/wp-content\/uploads\/2025\/01\/Captura-de-pantalla-2025-01-28-123505-300x220.png",300,220,true],"medium_large":["https:\/\/fundaciohospitalariesmartorell.org\/entre-tots\/wp-content\/uploads\/2025\/01\/Captura-de-pantalla-2025-01-28-123505.png",707,518,false],"large":["https:\/\/fundaciohospitalariesmartorell.org\/entre-tots\/wp-content\/uploads\/2025\/01\/Captura-de-pantalla-2025-01-28-123505.png",707,518,false],"1536x1536":["https:\/\/fundaciohospitalariesmartorell.org\/entre-tots\/wp-content\/uploads\/2025\/01\/Captura-de-pantalla-2025-01-28-123505.png",707,518,false],"2048x2048":["https:\/\/fundaciohospitalariesmartorell.org\/entre-tots\/wp-content\/uploads\/2025\/01\/Captura-de-pantalla-2025-01-28-123505.png",707,518,false],"mailpoet_newsletter_max":["https:\/\/fundaciohospitalariesmartorell.org\/entre-tots\/wp-content\/uploads\/2025\/01\/Captura-de-pantalla-2025-01-28-123505.png",707,518,false]},"post_excerpt_stackable_v2":"<p>Gara Alias, resident de psicologia cl\u00ednica al nostre hospital, ha estat guardonada amb el Premi Alfredo Rego per la seva comunicaci\u00f3 &#8220;El cos porta el compte: cervell, ment i cos en la superaci\u00f3 del trauma&#8221;. Aquest reconeixement, atorgat per la Comissi\u00f3 de Doc\u00e8ncia del Centre, ha estat considerat com la millor presentaci\u00f3 docent del curs 2024. La cerim\u00f2nia de lliurament va tenir lloc el passat dimecres 22 de gener, en el marc de la primera sessi\u00f3 del cicle de sessions cl\u00edniques de residents del curs docent 2025. El Jurat, format per les tutores i tutors del programa de residents, ha&hellip;<\/p>\n","category_list_v2":"<a href=\"https:\/\/fundaciohospitalariesmartorell.org\/entre-tots\/category\/actualitat\/\" rel=\"category tag\">ACTUALITAT<\/a>, <a href=\"https:\/\/fundaciohospitalariesmartorell.org\/entre-tots\/category\/actualitat\/col%c2%b7laboradors-es\/\" rel=\"category tag\">COL\u00b7LABORADORS\/ES<\/a>","author_info_v2":{"name":"Alba Felip","url":"https:\/\/fundaciohospitalariesmartorell.org\/entre-tots\/author\/afelipr\/"},"comments_num_v2":"0 comments","_links":{"self":[{"href":"https:\/\/fundaciohospitalariesmartorell.org\/entre-tots\/wp-json\/wp\/v2\/posts\/10779","targetHints":{"allow":["GET"]}}],"collection":[{"href":"https:\/\/fundaciohospitalariesmartorell.org\/entre-tots\/wp-json\/wp\/v2\/posts"}],"about":[{"href":"https:\/\/fundaciohospitalariesmartorell.org\/entre-tots\/wp-json\/wp\/v2\/types\/post"}],"author":[{"embeddable":true,"href":"https:\/\/fundaciohospitalariesmartorell.org\/entre-tots\/wp-json\/wp\/v2\/users\/5"}],"replies":[{"embeddable":true,"href":"https:\/\/fundaciohospitalariesmartorell.org\/entre-tots\/wp-json\/wp\/v2\/comments?post=10779"}],"version-history":[{"count":3,"href":"https:\/\/fundaciohospitalariesmartorell.org\/entre-tots\/wp-json\/wp\/v2\/posts\/10779\/revisions"}],"predecessor-version":[{"id":10792,"href":"https:\/\/fundaciohospitalariesmartorell.org\/entre-tots\/wp-json\/wp\/v2\/posts\/10779\/revisions\/10792"}],"wp:featuredmedia":[{"embeddable":true,"href":"https:\/\/fundaciohospitalariesmartorell.org\/entre-tots\/wp-json\/wp\/v2\/media\/10783"}],"wp:attachment":[{"href":"https:\/\/fundaciohospitalariesmartorell.org\/entre-tots\/wp-json\/wp\/v2\/media?parent=10779"}],"wp:term":[{"taxonomy":"category","embeddable":true,"href":"https:\/\/fundaciohospitalariesmartorell.org\/entre-tots\/wp-json\/wp\/v2\/categories?post=10779"},{"taxonomy":"post_tag","embeddable":true,"href":"https:\/\/fundaciohospitalariesmartorell.org\/entre-tots\/wp-json\/wp\/v2\/tags?post=10779"}],"curies":[{"name":"wp","href":"https:\/\/api.w.org\/{rel}","templated":true}]}}