{"id":10835,"date":"2025-02-04T08:16:51","date_gmt":"2025-02-04T07:16:51","guid":{"rendered":"https:\/\/fundaciohospitalariesmartorell.org\/entre-tots\/?p=10835"},"modified":"2025-02-04T08:16:52","modified_gmt":"2025-02-04T07:16:52","slug":"pla-de-formacio-2025","status":"publish","type":"post","link":"https:\/\/fundaciohospitalariesmartorell.org\/entre-tots\/2025\/02\/pla-de-formacio-2025\/","title":{"rendered":"Pla de Formaci\u00f3 2025"},"content":{"rendered":"\n<figure class=\"wp-block-image size-large\"><a href=\"https:\/\/intranetsagratcor.hospitalarias.es\/docs_galeria\/doc_233\/document\/files\/Programa_formatiu_2025.pdf\"><img loading=\"lazy\" decoding=\"async\" width=\"724\" height=\"1024\" src=\"https:\/\/fundaciohospitalariesmartorell.org\/entre-tots\/wp-content\/uploads\/2025\/02\/2025-Poster-programa-formatiu-724x1024.png\" alt=\"\" class=\"wp-image-10836\" srcset=\"https:\/\/fundaciohospitalariesmartorell.org\/entre-tots\/wp-content\/uploads\/2025\/02\/2025-Poster-programa-formatiu-724x1024.png 724w, https:\/\/fundaciohospitalariesmartorell.org\/entre-tots\/wp-content\/uploads\/2025\/02\/2025-Poster-programa-formatiu-212x300.png 212w, https:\/\/fundaciohospitalariesmartorell.org\/entre-tots\/wp-content\/uploads\/2025\/02\/2025-Poster-programa-formatiu-768x1086.png 768w, https:\/\/fundaciohospitalariesmartorell.org\/entre-tots\/wp-content\/uploads\/2025\/02\/2025-Poster-programa-formatiu-1086x1536.png 1086w, https:\/\/fundaciohospitalariesmartorell.org\/entre-tots\/wp-content\/uploads\/2025\/02\/2025-Poster-programa-formatiu-1320x1867.png 1320w, https:\/\/fundaciohospitalariesmartorell.org\/entre-tots\/wp-content\/uploads\/2025\/02\/2025-Poster-programa-formatiu.png 1414w\" sizes=\"auto, (max-width: 724px) 100vw, 724px\" \/><\/a><\/figure>\n\n\n\n<p>Ja est\u00e0 disponible el Pla de Formaci\u00f3 de l\u2019Hospital per a l\u2019exercici 2025, que integra les activitats formatives amb les propostes de l\u2019Aula Docent, amb l\u2019objectiu d\u2019oferir una formaci\u00f3 continuada diversa, actualitzada i de qualitat. Aquest pla ha estat dissenyat tenint en compte les necessitats i propostes dels i les professionals, recollides a trav\u00e9s dels coordinadors i coordinadores, aix\u00ed com les aportacions dels representants sindicals. A m\u00e9s, incorpora les demandes formatives de l\u2019administraci\u00f3 sanit\u00e0ria, alineant-se amb el nostre pla estrat\u00e8gic i el Marc d\u2019Identitat.<\/p>\n\n\n\n<p>Per garantir una formaci\u00f3 integral i coherent, s\u2019ha dut a terme una recollida \u00fanica de necessitats formatives, treballant coordinadament entre l\u2019\u00c0rea de Persones i l\u2019\u00c0rea de Gesti\u00f3 del Coneixement. D\u2019aquesta manera, s\u2019ha pogut estructurar el programa en diferents \u00e0rees clau:<\/p>\n\n\n\n<ul class=\"wp-block-list\">\n<li><strong>\u00c0rea institucional<\/strong><\/li>\n\n\n\n<li><strong>\u00c0rea normativa<\/strong><\/li>\n\n\n\n<li><strong>\u00c0rea de desenvolupament d\u2019habilitats<\/strong><\/li>\n\n\n\n<li><strong>\u00c0rea de formaci\u00f3 t\u00e8cnica<\/strong><\/li>\n\n\n\n<li><strong>\u00c0rea de formaci\u00f3 continuada<\/strong><\/li>\n<\/ul>\n\n\n\n<h2 class=\"wp-block-heading\">Aposta per la innovaci\u00f3 tecnol\u00f2gica <\/h2>\n\n\n\n<p>Amb la consolidaci\u00f3 del model de formaci\u00f3 virtual combinat amb activitats presencials imprescindibles, s\u2019ha transformat l\u2019Aula Docent en un espai d\u2019aprenentatge avan\u00e7at que funciona tamb\u00e9 com a aula virtual. Aquesta aposta per la innovaci\u00f3 inclou tamb\u00e9 espais modernitzats com l\u2019Edifici 9, dotat d\u2019instal\u00b7lacions adaptades a les necessitats actuals, i una aula d\u2019inform\u00e0tica equipada tecnol\u00f2gicament per garantir una experi\u00e8ncia formativa \u00f2ptima.<\/p>\n\n\n\n<h2 class=\"wp-block-heading\">Comprom\u00eds amb la qualitat i el desenvolupament professional<\/h2>\n\n\n\n<p>La formaci\u00f3 continuada \u00e9s una responsabilitat professional i \u00e8tica essencial en les professions sanit\u00e0ries i les ci\u00e8ncies de la salut. Aquest programa de formaci\u00f3 2025 reflecteix el comprom\u00eds de la Instituci\u00f3 per garantir un alt nivell de qualitat en l\u2019atenci\u00f3 a les persones. Aix\u00ed mateix, posa en valor la inversi\u00f3 en recursos destinats al desenvolupament professional de totes les persones col\u00b7laboradores.<\/p>\n\n\n\n<p>Us animem a participar activament en aquesta proposta formativa, impulsada per la Direcci\u00f3, l\u2019\u00c0rea de Gesti\u00f3 del Coneixement i l\u2019\u00c0rea de Persones, i a aprofitar l\u2019oportunitat d\u2019ampliar i actualitzar els vostres coneixements dins d\u2019un entorn innovador i de qualitat.<\/p>\n\n\n\n<p>Podeu trobar aquest Pla de Formaci\u00f3\u00a0<a href=\"https:\/\/intranetsagratcor.hospitalarias.es\/docs_galeria\/doc_233\/document\/files\/Programa_formatiu_2025.pdf\">aqu\u00ed.<\/a><\/p>\n","protected":false},"excerpt":{"rendered":"<p>Ja est\u00e0 disponible el Pla de Formaci\u00f3 de l\u2019Hospital per a l\u2019exercici 2025, que integra les activitats formatives amb les propostes de l\u2019Aula Docent, amb l\u2019objectiu d\u2019oferir una formaci\u00f3 continuada diversa, actualitzada i de qualitat. Aquest pla ha estat dissenyat tenint en compte les necessitats i propostes dels i les professionals, recollides a trav\u00e9s dels [&hellip;]<\/p>\n","protected":false},"author":5,"featured_media":10837,"comment_status":"closed","ping_status":"closed","sticky":false,"template":"","format":"standard","meta":{"footnotes":""},"categories":[27,56],"tags":[],"class_list":["post-10835","post","type-post","status-publish","format-standard","has-post-thumbnail","hentry","category-actualitat","category-bon-govern"],"blocksy_meta":[],"featured_image_urls_v2":{"full":["https:\/\/fundaciohospitalariesmartorell.org\/entre-tots\/wp-content\/uploads\/2025\/02\/pla-de-formacio-2025.png",471,380,false],"thumbnail":["https:\/\/fundaciohospitalariesmartorell.org\/entre-tots\/wp-content\/uploads\/2025\/02\/pla-de-formacio-2025-150x150.png",150,150,true],"medium":["https:\/\/fundaciohospitalariesmartorell.org\/entre-tots\/wp-content\/uploads\/2025\/02\/pla-de-formacio-2025-300x242.png",300,242,true],"medium_large":["https:\/\/fundaciohospitalariesmartorell.org\/entre-tots\/wp-content\/uploads\/2025\/02\/pla-de-formacio-2025.png",471,380,false],"large":["https:\/\/fundaciohospitalariesmartorell.org\/entre-tots\/wp-content\/uploads\/2025\/02\/pla-de-formacio-2025.png",471,380,false],"1536x1536":["https:\/\/fundaciohospitalariesmartorell.org\/entre-tots\/wp-content\/uploads\/2025\/02\/pla-de-formacio-2025.png",471,380,false],"2048x2048":["https:\/\/fundaciohospitalariesmartorell.org\/entre-tots\/wp-content\/uploads\/2025\/02\/pla-de-formacio-2025.png",471,380,false],"mailpoet_newsletter_max":["https:\/\/fundaciohospitalariesmartorell.org\/entre-tots\/wp-content\/uploads\/2025\/02\/pla-de-formacio-2025.png",471,380,false]},"post_excerpt_stackable_v2":"<p>Ja est\u00e0 disponible el Pla de Formaci\u00f3 de l\u2019Hospital per a l\u2019exercici 2025, que integra les activitats formatives amb les propostes de l\u2019Aula Docent, amb l\u2019objectiu d\u2019oferir una formaci\u00f3 continuada diversa, actualitzada i de qualitat. Aquest pla ha estat dissenyat tenint en compte les necessitats i propostes dels i les professionals, recollides a trav\u00e9s dels coordinadors i coordinadores, aix\u00ed com les aportacions dels representants sindicals. A m\u00e9s, incorpora les demandes formatives de l\u2019administraci\u00f3 sanit\u00e0ria, alineant-se amb el nostre pla estrat\u00e8gic i el Marc d\u2019Identitat. Per garantir una formaci\u00f3 integral i coherent, s\u2019ha dut a terme una recollida \u00fanica de necessitats&hellip;<\/p>\n","category_list_v2":"<a href=\"https:\/\/fundaciohospitalariesmartorell.org\/entre-tots\/category\/actualitat\/\" rel=\"category tag\">ACTUALITAT<\/a>, <a href=\"https:\/\/fundaciohospitalariesmartorell.org\/entre-tots\/category\/actualitat\/bon-govern\/\" rel=\"category tag\">BON GOVERN<\/a>","author_info_v2":{"name":"Alba Felip","url":"https:\/\/fundaciohospitalariesmartorell.org\/entre-tots\/author\/afelipr\/"},"comments_num_v2":"0 comments","_links":{"self":[{"href":"https:\/\/fundaciohospitalariesmartorell.org\/entre-tots\/wp-json\/wp\/v2\/posts\/10835","targetHints":{"allow":["GET"]}}],"collection":[{"href":"https:\/\/fundaciohospitalariesmartorell.org\/entre-tots\/wp-json\/wp\/v2\/posts"}],"about":[{"href":"https:\/\/fundaciohospitalariesmartorell.org\/entre-tots\/wp-json\/wp\/v2\/types\/post"}],"author":[{"embeddable":true,"href":"https:\/\/fundaciohospitalariesmartorell.org\/entre-tots\/wp-json\/wp\/v2\/users\/5"}],"replies":[{"embeddable":true,"href":"https:\/\/fundaciohospitalariesmartorell.org\/entre-tots\/wp-json\/wp\/v2\/comments?post=10835"}],"version-history":[{"count":1,"href":"https:\/\/fundaciohospitalariesmartorell.org\/entre-tots\/wp-json\/wp\/v2\/posts\/10835\/revisions"}],"predecessor-version":[{"id":10838,"href":"https:\/\/fundaciohospitalariesmartorell.org\/entre-tots\/wp-json\/wp\/v2\/posts\/10835\/revisions\/10838"}],"wp:featuredmedia":[{"embeddable":true,"href":"https:\/\/fundaciohospitalariesmartorell.org\/entre-tots\/wp-json\/wp\/v2\/media\/10837"}],"wp:attachment":[{"href":"https:\/\/fundaciohospitalariesmartorell.org\/entre-tots\/wp-json\/wp\/v2\/media?parent=10835"}],"wp:term":[{"taxonomy":"category","embeddable":true,"href":"https:\/\/fundaciohospitalariesmartorell.org\/entre-tots\/wp-json\/wp\/v2\/categories?post=10835"},{"taxonomy":"post_tag","embeddable":true,"href":"https:\/\/fundaciohospitalariesmartorell.org\/entre-tots\/wp-json\/wp\/v2\/tags?post=10835"}],"curies":[{"name":"wp","href":"https:\/\/api.w.org\/{rel}","templated":true}]}}