{"id":10839,"date":"2025-02-09T20:49:43","date_gmt":"2025-02-09T19:49:43","guid":{"rendered":"https:\/\/fundaciohospitalariesmartorell.org\/entre-tots\/?p=10839"},"modified":"2025-02-28T12:23:01","modified_gmt":"2025-02-28T11:23:01","slug":"el-dr-carles-franquelo-nou-coordinador-de-la-comissio-de-salut-mental-i-rehabilitacio-psicosocial-de-la-fundacio-hospitalaries","status":"publish","type":"post","link":"https:\/\/fundaciohospitalariesmartorell.org\/entre-tots\/2025\/02\/el-dr-carles-franquelo-nou-coordinador-de-la-comissio-de-salut-mental-i-rehabilitacio-psicosocial-de-la-fundacio-hospitalaries\/","title":{"rendered":"El Dr. Carles\u00a0Franquelo, nou coordinador de la Comissi\u00f3 de Salut Mental i Rehabilitaci\u00f3 Psicosocial de la Fundaci\u00f3 Hospital\u00e0ries"},"content":{"rendered":"<figure class=\"wp-block-post-featured-image\"><img loading=\"lazy\" decoding=\"async\" width=\"1200\" height=\"1600\" src=\"https:\/\/fundaciohospitalariesmartorell.org\/entre-tots\/wp-content\/uploads\/2025\/02\/PHOTO-2025-02-28-12-08-44.jpg\" class=\"attachment-post-thumbnail size-post-thumbnail wp-post-image\" alt=\"\" style=\"object-fit:cover;\" srcset=\"https:\/\/fundaciohospitalariesmartorell.org\/entre-tots\/wp-content\/uploads\/2025\/02\/PHOTO-2025-02-28-12-08-44.jpg 1200w, https:\/\/fundaciohospitalariesmartorell.org\/entre-tots\/wp-content\/uploads\/2025\/02\/PHOTO-2025-02-28-12-08-44-225x300.jpg 225w, https:\/\/fundaciohospitalariesmartorell.org\/entre-tots\/wp-content\/uploads\/2025\/02\/PHOTO-2025-02-28-12-08-44-768x1024.jpg 768w, https:\/\/fundaciohospitalariesmartorell.org\/entre-tots\/wp-content\/uploads\/2025\/02\/PHOTO-2025-02-28-12-08-44-1152x1536.jpg 1152w\" sizes=\"auto, (max-width: 1200px) 100vw, 1200px\" \/><\/figure>\n\n\n<p>El Dr. Carles&nbsp;Franquelo, director m\u00e8dic de la Fundaci\u00f3 Hospital\u00e0ries Martorell, ha estat nomenat coordinador de la Comissi\u00f3 de Salut Mental i Rehabilitaci\u00f3 Psicosocial de la Fundaci\u00f3 Hospital\u00e0ries en l&#8217;\u00e0mbit estatal. Aquest nomenament ha estat avalat per la direcci\u00f3 de ger\u00e8ncia corporativa&nbsp;i pel Comit\u00e8 Assistencial.<\/p>\n\n\n\n<p>El relleu es produeix arran del nomenament, el passat mes d\u2019octubre, del Dr. Paco del Olmo&nbsp;com a director Assistencial i Educatiu de la instituci\u00f3. Amb aquesta decisi\u00f3, es vol garantir la independ\u00e8ncia de la Comissi\u00f3, preservant-ne l\u2019autonomia, mentre el Dr. del Olmo en continuar\u00e0 sent membre convidat.<\/p>\n\n\n\n<p>La Comissi\u00f3 de Salut Mental i Rehabilitaci\u00f3 Psicosocial \u00e9s un \u00f2rgan consultiu de la Direcci\u00f3 Assistencial i Educativa i te per objectiu prioritari contribuir al desenvolupament, la implementaci\u00f3 i l&#8217;avaluaci\u00f3 del Model Assistencial i Educatiu en els centres i recursos de salut mental i rehabilitaci\u00f3 de la Fundaci\u00f3 Hospital\u00e0ries a Espanya.<\/p>\n\n\n\n<p>Entre les seves funcions, la Comissi\u00f3 elabora les l\u00ednies estrat\u00e8giques en salut mental i rehabilitaci\u00f3 per als Plans de Gesti\u00f3 Anual (PGA) dels centres, aix\u00ed com la planificaci\u00f3 d&#8217;accions formatives en aquest \u00e0mbit.<\/p>\n\n\n\n<p>Les principals l\u00ednies de treball de la Comissi\u00f3 s\u00f3n:<\/p>\n\n\n\n<ul class=\"wp-block-list\">\n<li>Cartera de serveis i programes transversals.<\/li>\n\n\n\n<li>Desenvolupament i difusi\u00f3 del model de recuperaci\u00f3 en salut mental.<\/li>\n\n\n\n<li>Elaboraci\u00f3 de guies de bones pr\u00e0ctiques en salut mental.<\/li>\n<\/ul>\n","protected":false},"excerpt":{"rendered":"<p>El Dr. Carles&nbsp;Franquelo, director m\u00e8dic de la Fundaci\u00f3 Hospital\u00e0ries Martorell, ha estat nomenat coordinador de la Comissi\u00f3 de Salut Mental i Rehabilitaci\u00f3 Psicosocial de la Fundaci\u00f3 Hospital\u00e0ries en l&#8217;\u00e0mbit estatal. Aquest nomenament ha estat avalat per la direcci\u00f3 de ger\u00e8ncia corporativa&nbsp;i pel Comit\u00e8 Assistencial. El relleu es produeix arran del nomenament, el passat mes d\u2019octubre, [&hellip;]<\/p>\n","protected":false},"author":5,"featured_media":10979,"comment_status":"closed","ping_status":"closed","sticky":false,"template":"","format":"standard","meta":{"footnotes":""},"categories":[27,56],"tags":[],"class_list":["post-10839","post","type-post","status-publish","format-standard","has-post-thumbnail","hentry","category-actualitat","category-bon-govern"],"blocksy_meta":[],"featured_image_urls_v2":{"full":["https:\/\/fundaciohospitalariesmartorell.org\/entre-tots\/wp-content\/uploads\/2025\/02\/PHOTO-2025-02-28-12-08-44.jpg",1200,1600,false],"thumbnail":["https:\/\/fundaciohospitalariesmartorell.org\/entre-tots\/wp-content\/uploads\/2025\/02\/PHOTO-2025-02-28-12-08-44-150x150.jpg",150,150,true],"medium":["https:\/\/fundaciohospitalariesmartorell.org\/entre-tots\/wp-content\/uploads\/2025\/02\/PHOTO-2025-02-28-12-08-44-225x300.jpg",225,300,true],"medium_large":["https:\/\/fundaciohospitalariesmartorell.org\/entre-tots\/wp-content\/uploads\/2025\/02\/PHOTO-2025-02-28-12-08-44-768x1024.jpg",768,1024,true],"large":["https:\/\/fundaciohospitalariesmartorell.org\/entre-tots\/wp-content\/uploads\/2025\/02\/PHOTO-2025-02-28-12-08-44-768x1024.jpg",768,1024,true],"1536x1536":["https:\/\/fundaciohospitalariesmartorell.org\/entre-tots\/wp-content\/uploads\/2025\/02\/PHOTO-2025-02-28-12-08-44-1152x1536.jpg",1152,1536,true],"2048x2048":["https:\/\/fundaciohospitalariesmartorell.org\/entre-tots\/wp-content\/uploads\/2025\/02\/PHOTO-2025-02-28-12-08-44.jpg",1200,1600,false],"mailpoet_newsletter_max":["https:\/\/fundaciohospitalariesmartorell.org\/entre-tots\/wp-content\/uploads\/2025\/02\/PHOTO-2025-02-28-12-08-44.jpg",1200,1600,false]},"post_excerpt_stackable_v2":"<p>El Dr. Carles&nbsp;Franquelo, director m\u00e8dic de la Fundaci\u00f3 Hospital\u00e0ries Martorell, ha estat nomenat coordinador de la Comissi\u00f3 de Salut Mental i Rehabilitaci\u00f3 Psicosocial de la Fundaci\u00f3 Hospital\u00e0ries en l&#8217;\u00e0mbit estatal. Aquest nomenament ha estat avalat per la direcci\u00f3 de ger\u00e8ncia corporativa&nbsp;i pel Comit\u00e8 Assistencial. El relleu es produeix arran del nomenament, el passat mes d\u2019octubre, del Dr. Paco del Olmo&nbsp;com a director Assistencial i Educatiu de la instituci\u00f3. Amb aquesta decisi\u00f3, es vol garantir la independ\u00e8ncia de la Comissi\u00f3, preservant-ne l\u2019autonomia, mentre el Dr. del Olmo en continuar\u00e0 sent membre convidat. La Comissi\u00f3 de Salut Mental i Rehabilitaci\u00f3 Psicosocial \u00e9s&hellip;<\/p>\n","category_list_v2":"<a href=\"https:\/\/fundaciohospitalariesmartorell.org\/entre-tots\/category\/actualitat\/\" rel=\"category tag\">ACTUALITAT<\/a>, <a href=\"https:\/\/fundaciohospitalariesmartorell.org\/entre-tots\/category\/actualitat\/bon-govern\/\" rel=\"category tag\">BON GOVERN<\/a>","author_info_v2":{"name":"Alba Felip","url":"https:\/\/fundaciohospitalariesmartorell.org\/entre-tots\/author\/afelipr\/"},"comments_num_v2":"0 comments","_links":{"self":[{"href":"https:\/\/fundaciohospitalariesmartorell.org\/entre-tots\/wp-json\/wp\/v2\/posts\/10839","targetHints":{"allow":["GET"]}}],"collection":[{"href":"https:\/\/fundaciohospitalariesmartorell.org\/entre-tots\/wp-json\/wp\/v2\/posts"}],"about":[{"href":"https:\/\/fundaciohospitalariesmartorell.org\/entre-tots\/wp-json\/wp\/v2\/types\/post"}],"author":[{"embeddable":true,"href":"https:\/\/fundaciohospitalariesmartorell.org\/entre-tots\/wp-json\/wp\/v2\/users\/5"}],"replies":[{"embeddable":true,"href":"https:\/\/fundaciohospitalariesmartorell.org\/entre-tots\/wp-json\/wp\/v2\/comments?post=10839"}],"version-history":[{"count":3,"href":"https:\/\/fundaciohospitalariesmartorell.org\/entre-tots\/wp-json\/wp\/v2\/posts\/10839\/revisions"}],"predecessor-version":[{"id":10981,"href":"https:\/\/fundaciohospitalariesmartorell.org\/entre-tots\/wp-json\/wp\/v2\/posts\/10839\/revisions\/10981"}],"wp:featuredmedia":[{"embeddable":true,"href":"https:\/\/fundaciohospitalariesmartorell.org\/entre-tots\/wp-json\/wp\/v2\/media\/10979"}],"wp:attachment":[{"href":"https:\/\/fundaciohospitalariesmartorell.org\/entre-tots\/wp-json\/wp\/v2\/media?parent=10839"}],"wp:term":[{"taxonomy":"category","embeddable":true,"href":"https:\/\/fundaciohospitalariesmartorell.org\/entre-tots\/wp-json\/wp\/v2\/categories?post=10839"},{"taxonomy":"post_tag","embeddable":true,"href":"https:\/\/fundaciohospitalariesmartorell.org\/entre-tots\/wp-json\/wp\/v2\/tags?post=10839"}],"curies":[{"name":"wp","href":"https:\/\/api.w.org\/{rel}","templated":true}]}}