{"id":10841,"date":"2025-02-09T21:11:29","date_gmt":"2025-02-09T20:11:29","guid":{"rendered":"https:\/\/fundaciohospitalariesmartorell.org\/entre-tots\/?p=10841"},"modified":"2025-02-10T15:19:21","modified_gmt":"2025-02-10T14:19:21","slug":"el-diagnostic-de-cancer-sol-provocar-un-bloqueig-inicial-per-assimilar-la-nova-realitat-i-restablir-lequilibri-emocional","status":"publish","type":"post","link":"https:\/\/fundaciohospitalariesmartorell.org\/entre-tots\/2025\/02\/el-diagnostic-de-cancer-sol-provocar-un-bloqueig-inicial-per-assimilar-la-nova-realitat-i-restablir-lequilibri-emocional\/","title":{"rendered":"&#8220;El diagn\u00f2stic de c\u00e0ncer sol provocar un bloqueig inicial per assimilar la nova realitat i restablir l&#8217;equilibri emocional&#8221;"},"content":{"rendered":"\n<figure class=\"wp-block-image size-large\"><img loading=\"lazy\" decoding=\"async\" width=\"1410\" height=\"1057\" src=\"https:\/\/fundaciohospitalariesmartorell.org\/entre-tots\/wp-content\/uploads\/2025\/02\/DARIO-PADES-edited-1.jpg\" alt=\"\" class=\"wp-image-10861\" srcset=\"https:\/\/fundaciohospitalariesmartorell.org\/entre-tots\/wp-content\/uploads\/2025\/02\/DARIO-PADES-edited-1.jpg 1410w, https:\/\/fundaciohospitalariesmartorell.org\/entre-tots\/wp-content\/uploads\/2025\/02\/DARIO-PADES-edited-1-300x225.jpg 300w, https:\/\/fundaciohospitalariesmartorell.org\/entre-tots\/wp-content\/uploads\/2025\/02\/DARIO-PADES-edited-1-1024x768.jpg 1024w, https:\/\/fundaciohospitalariesmartorell.org\/entre-tots\/wp-content\/uploads\/2025\/02\/DARIO-PADES-edited-1-768x576.jpg 768w, https:\/\/fundaciohospitalariesmartorell.org\/entre-tots\/wp-content\/uploads\/2025\/02\/DARIO-PADES-edited-1-1320x990.jpg 1320w\" sizes=\"auto, (max-width: 1410px) 100vw, 1410px\" \/><\/figure>\n\n\n\n<p>Dar\u00edo G\u00f3mez, psicoonc\u00f2leg i psic\u00f2leg expert en cures pal\u00b7liatives, ens ofereix en aquesta entrevista una reflexi\u00f3 profunda sobre l&#8217;impacte emocional del c\u00e0ncer, la import\u00e0ncia del suport psicol\u00f2gic i les estrat\u00e8gies m\u00e9s efectives per afrontar aquesta malaltia. Amb una \u00e0mplia experi\u00e8ncia en l&#8217;acompanyament de pacients oncol\u00f2gics i les seves fam\u00edlies, aquest psic\u00f2leg dels serveis d\u2019atenci\u00f3 pal\u00b7liativa de la Fundaci\u00f3 Hospital\u00e0ries Martorell destaca la necessitat d&#8217;abordar no nom\u00e9s els aspectes f\u00edsics de la malaltia, sin\u00f3 tamb\u00e9 els emocionals i psicol\u00f2gics, amb l&#8217;objectiu de millorar la qualitat de vida dels pacients i facilitar l&#8217;adaptaci\u00f3 a la nova realitat.<\/p>\n\n\n\n<p><strong>Quin \u00e9s l&#8217;impacte emocional m\u00e9s com\u00fa en els pacients despr\u00e9s de rebre un diagn\u00f2stic de c\u00e0ncer i com poden afrontar-lo?<\/strong><\/p>\n\n\n\n<p>El diagn\u00f2stic de c\u00e0ncer suposa, en la majoria de casos, una aut\u00e8ntica crisi per al pacient, ja que acostuma a implicar una ruptura del seu projecte de vida i una p\u00e8rdua de l&#8217;equilibri personal, familiar i social. Per a la gran majoria de persones, \u00e9s la primera vegada que reben aquest diagn\u00f2stic, per la qual cosa poden experimentar una reacci\u00f3 de bloqueig o par\u00e0lisi, que seria un primer intent de la ment per aturar-se, assimilar la not\u00edcia i comen\u00e7ar a treballar per restablir un nou equilibri.<\/p>\n\n\n\n<blockquote class=\"wp-block-quote is-layout-flow wp-block-quote-is-layout-flow\">\n<p>El diagn\u00f2stic de c\u00e0ncer suposa una crisi que pot trencar l\u2019equilibri personal, familiar i social.<\/p>\n<\/blockquote>\n\n\n\n<p>\u00c9s molt important, com a estrat\u00e8gia inicial, que la persona pugui donar espai a tot all\u00f2 que&nbsp;viu&nbsp;en aquest moment, ja que es tracta d&#8217;una experi\u00e8ncia que es pot percebre com una amena\u00e7a per a la pr\u00f2pia integritat. Atendre les emocions permet prendre consci\u00e8ncia de la situaci\u00f3 actual i fer els canvis necessaris per adaptar-se a les noves exig\u00e8ncies.<\/p>\n\n\n\n<p>A l&#8217;altre extrem, podem trobar reaccions emocional &#8220;dissociatives&#8221;, en qu\u00e8 el pacient viu el diagn\u00f2stic com una situaci\u00f3 aliena a ell\/a. En aquests casos, \u00e9s recomanable sol\u00b7licitar suport psicol\u00f2gic.<\/p>\n\n\n\n<p><strong>Quin paper juga el suport psicol\u00f2gic en el tractament oncol\u00f2gic i quins beneficis t\u00e9 per al pacient i el seu entorn?<\/strong><\/p>\n\n\n\n<p>El suport psicol\u00f2gic \u00e9s fonamental, ja que el diagn\u00f2stic de c\u00e0ncer i l&#8217;afrontament dels seus tractaments no s\u00f3n nom\u00e9s una experi\u00e8ncia f\u00edsica. \u00c9s essencial facilitar que els pacients puguin gestionar els canvis derivats de la malaltia, refor\u00e7ar la consci\u00e8ncia sobre els aspectes que continuen sense alterar-se, atendre les emocions que experimenten i abordar les dificultats i preocupacions que han sorgit, fins i tot aquelles que no estan directament relacionades amb la malaltia.<\/p>\n\n\n\n<blockquote class=\"wp-block-quote is-layout-flow wp-block-quote-is-layout-flow\">\n<p>A m\u00e9s, el c\u00e0ncer no nom\u00e9s impacta en la vida del pacient, sin\u00f3 que tamb\u00e9 provoca canvis en el seu entorn familiar i social. Per aquest motiu, l&#8217;atenci\u00f3 psicol\u00f2gica ha d&#8217;estendre&#8217;s tamb\u00e9 a les persones properes al pacient.<\/p>\n<\/blockquote>\n\n\n\n<p><strong>Quines s\u00f3n les estrat\u00e8gies m\u00e9s efectives per gestionar l&#8217;ansietat i la por durant el proc\u00e9s de la malaltia?<\/strong><\/p>\n\n\n\n<p>El diagn\u00f2stic d&#8217;una malaltia oncol\u00f2gica pot generar un profund malestar emocional tant en el pacient com en el seu entorn familiar. Davant aquesta situaci\u00f3, s&#8217;han d&#8217;afrontar diversos canvis, com ara transformacions f\u00edsiques derivades del c\u00e0ncer o dels seus tractaments, que sovint impliquen p\u00e8rdues amb un fort impacte emocional. Aquestes p\u00e8rdues poden donar lloc a emocions com la tristesa, l&#8217;ansietat, la por o la r\u00e0bia.<\/p>\n\n\n\n<p>Una de les primeres intervencions terap\u00e8utiques que realitzem \u00e9s resignificar aquestes emocions, ja que s\u00f3n intents naturals del cos i la ment per recuperar un nou equilibri. Un cop facilitem l&#8217;expressi\u00f3 i el processament emocional, apliquem t\u00e8cniques d&#8217;intervenci\u00f3 dirigides a afavorir la regulaci\u00f3 emocional. Sempre treballem amb tractaments psicol\u00f2gics validats cient\u00edficament i adaptats a les necessitats de cada pacient.<\/p>\n\n\n\n<p><strong>Quin missatge donaries a les persones que estan fent front a un diagn\u00f2stic de c\u00e0ncer i a les seves fam\u00edlies en aquest Dia Mundial contra el C\u00e0ncer?<\/strong><\/p>\n\n\n\n<p>M\u2019agradaria, abans de res, recon\u00e8ixer la dificultat d\u2019afrontar un diagn\u00f2stic de c\u00e0ncer, ja que acostuma a ser una situaci\u00f3 complexa que implica canvis inesperats en molts \u00e0mbits de la vida. \u00c9s essencial que els pacients no nom\u00e9s es cuidin f\u00edsicament, sin\u00f3 que tamb\u00e9 donin espai a les seves emocions i al seu benestar psicol\u00f2gic. Aix\u00f2 els ajudar\u00e0 a entendre millor el que estan vivint i a comen\u00e7ar a adaptar-se a la nova realitat de manera m\u00e9s saludable.<\/p>\n","protected":false},"excerpt":{"rendered":"<p>Dar\u00edo G\u00f3mez, psicoonc\u00f2leg i psic\u00f2leg expert en cures pal\u00b7liatives, ens ofereix en aquesta entrevista una reflexi\u00f3 profunda sobre l&#8217;impacte emocional del c\u00e0ncer, la import\u00e0ncia del suport psicol\u00f2gic i les estrat\u00e8gies m\u00e9s efectives per afrontar aquesta malaltia. Amb una \u00e0mplia experi\u00e8ncia en l&#8217;acompanyament de pacients oncol\u00f2gics i les seves fam\u00edlies, aquest psic\u00f2leg dels serveis d\u2019atenci\u00f3 pal\u00b7liativa [&hellip;]<\/p>\n","protected":false},"author":5,"featured_media":10857,"comment_status":"closed","ping_status":"closed","sticky":false,"template":"","format":"standard","meta":{"footnotes":""},"categories":[27,58],"tags":[],"class_list":["post-10841","post","type-post","status-publish","format-standard","has-post-thumbnail","hentry","category-actualitat","category-collaboradors-es"],"blocksy_meta":[],"featured_image_urls_v2":{"full":["https:\/\/fundaciohospitalariesmartorell.org\/entre-tots\/wp-content\/uploads\/2025\/02\/image.png",566,373,false],"thumbnail":["https:\/\/fundaciohospitalariesmartorell.org\/entre-tots\/wp-content\/uploads\/2025\/02\/image-150x150.png",150,150,true],"medium":["https:\/\/fundaciohospitalariesmartorell.org\/entre-tots\/wp-content\/uploads\/2025\/02\/image-300x198.png",300,198,true],"medium_large":["https:\/\/fundaciohospitalariesmartorell.org\/entre-tots\/wp-content\/uploads\/2025\/02\/image.png",566,373,false],"large":["https:\/\/fundaciohospitalariesmartorell.org\/entre-tots\/wp-content\/uploads\/2025\/02\/image.png",566,373,false],"1536x1536":["https:\/\/fundaciohospitalariesmartorell.org\/entre-tots\/wp-content\/uploads\/2025\/02\/image.png",566,373,false],"2048x2048":["https:\/\/fundaciohospitalariesmartorell.org\/entre-tots\/wp-content\/uploads\/2025\/02\/image.png",566,373,false],"mailpoet_newsletter_max":["https:\/\/fundaciohospitalariesmartorell.org\/entre-tots\/wp-content\/uploads\/2025\/02\/image.png",566,373,false]},"post_excerpt_stackable_v2":"<p>Dar\u00edo G\u00f3mez, psicoonc\u00f2leg i psic\u00f2leg expert en cures pal\u00b7liatives, ens ofereix en aquesta entrevista una reflexi\u00f3 profunda sobre l&#8217;impacte emocional del c\u00e0ncer, la import\u00e0ncia del suport psicol\u00f2gic i les estrat\u00e8gies m\u00e9s efectives per afrontar aquesta malaltia. Amb una \u00e0mplia experi\u00e8ncia en l&#8217;acompanyament de pacients oncol\u00f2gics i les seves fam\u00edlies, aquest psic\u00f2leg dels serveis d\u2019atenci\u00f3 pal\u00b7liativa de la Fundaci\u00f3 Hospital\u00e0ries Martorell destaca la necessitat d&#8217;abordar no nom\u00e9s els aspectes f\u00edsics de la malaltia, sin\u00f3 tamb\u00e9 els emocionals i psicol\u00f2gics, amb l&#8217;objectiu de millorar la qualitat de vida dels pacients i facilitar l&#8217;adaptaci\u00f3 a la nova realitat. Quin \u00e9s l&#8217;impacte emocional m\u00e9s&hellip;<\/p>\n","category_list_v2":"<a href=\"https:\/\/fundaciohospitalariesmartorell.org\/entre-tots\/category\/actualitat\/\" rel=\"category tag\">ACTUALITAT<\/a>, <a href=\"https:\/\/fundaciohospitalariesmartorell.org\/entre-tots\/category\/actualitat\/col%c2%b7laboradors-es\/\" rel=\"category tag\">COL\u00b7LABORADORS\/ES<\/a>","author_info_v2":{"name":"Alba Felip","url":"https:\/\/fundaciohospitalariesmartorell.org\/entre-tots\/author\/afelipr\/"},"comments_num_v2":"0 comments","_links":{"self":[{"href":"https:\/\/fundaciohospitalariesmartorell.org\/entre-tots\/wp-json\/wp\/v2\/posts\/10841","targetHints":{"allow":["GET"]}}],"collection":[{"href":"https:\/\/fundaciohospitalariesmartorell.org\/entre-tots\/wp-json\/wp\/v2\/posts"}],"about":[{"href":"https:\/\/fundaciohospitalariesmartorell.org\/entre-tots\/wp-json\/wp\/v2\/types\/post"}],"author":[{"embeddable":true,"href":"https:\/\/fundaciohospitalariesmartorell.org\/entre-tots\/wp-json\/wp\/v2\/users\/5"}],"replies":[{"embeddable":true,"href":"https:\/\/fundaciohospitalariesmartorell.org\/entre-tots\/wp-json\/wp\/v2\/comments?post=10841"}],"version-history":[{"count":2,"href":"https:\/\/fundaciohospitalariesmartorell.org\/entre-tots\/wp-json\/wp\/v2\/posts\/10841\/revisions"}],"predecessor-version":[{"id":10862,"href":"https:\/\/fundaciohospitalariesmartorell.org\/entre-tots\/wp-json\/wp\/v2\/posts\/10841\/revisions\/10862"}],"wp:featuredmedia":[{"embeddable":true,"href":"https:\/\/fundaciohospitalariesmartorell.org\/entre-tots\/wp-json\/wp\/v2\/media\/10857"}],"wp:attachment":[{"href":"https:\/\/fundaciohospitalariesmartorell.org\/entre-tots\/wp-json\/wp\/v2\/media?parent=10841"}],"wp:term":[{"taxonomy":"category","embeddable":true,"href":"https:\/\/fundaciohospitalariesmartorell.org\/entre-tots\/wp-json\/wp\/v2\/categories?post=10841"},{"taxonomy":"post_tag","embeddable":true,"href":"https:\/\/fundaciohospitalariesmartorell.org\/entre-tots\/wp-json\/wp\/v2\/tags?post=10841"}],"curies":[{"name":"wp","href":"https:\/\/api.w.org\/{rel}","templated":true}]}}