{"id":10844,"date":"2025-02-09T21:41:37","date_gmt":"2025-02-09T20:41:37","guid":{"rendered":"https:\/\/fundaciohospitalariesmartorell.org\/entre-tots\/?p=10844"},"modified":"2025-02-10T08:33:31","modified_gmt":"2025-02-10T07:33:31","slug":"la-consellera-olga-pane-rep-la-fundacio-hospitalaries","status":"publish","type":"post","link":"https:\/\/fundaciohospitalariesmartorell.org\/entre-tots\/2025\/02\/la-consellera-olga-pane-rep-la-fundacio-hospitalaries\/","title":{"rendered":"La consellera de Salut, Olga Pan\u00e9, rep la Fundaci\u00f3 Hospital\u00e0ries"},"content":{"rendered":"\n<figure class=\"wp-block-image size-large\"><img loading=\"lazy\" decoding=\"async\" width=\"1600\" height=\"900\" src=\"https:\/\/fundaciohospitalariesmartorell.org\/entre-tots\/wp-content\/uploads\/2025\/02\/WhatsApp-Image-2025-02-06-at-09.57.34-edited.jpeg\" alt=\"\" class=\"wp-image-10846\" srcset=\"https:\/\/fundaciohospitalariesmartorell.org\/entre-tots\/wp-content\/uploads\/2025\/02\/WhatsApp-Image-2025-02-06-at-09.57.34-edited.jpeg 1600w, https:\/\/fundaciohospitalariesmartorell.org\/entre-tots\/wp-content\/uploads\/2025\/02\/WhatsApp-Image-2025-02-06-at-09.57.34-edited-300x169.jpeg 300w, https:\/\/fundaciohospitalariesmartorell.org\/entre-tots\/wp-content\/uploads\/2025\/02\/WhatsApp-Image-2025-02-06-at-09.57.34-edited-1024x576.jpeg 1024w, https:\/\/fundaciohospitalariesmartorell.org\/entre-tots\/wp-content\/uploads\/2025\/02\/WhatsApp-Image-2025-02-06-at-09.57.34-edited-768x432.jpeg 768w, https:\/\/fundaciohospitalariesmartorell.org\/entre-tots\/wp-content\/uploads\/2025\/02\/WhatsApp-Image-2025-02-06-at-09.57.34-edited-1536x864.jpeg 1536w, https:\/\/fundaciohospitalariesmartorell.org\/entre-tots\/wp-content\/uploads\/2025\/02\/WhatsApp-Image-2025-02-06-at-09.57.34-edited-1320x743.jpeg 1320w\" sizes=\"auto, (max-width: 1600px) 100vw, 1600px\" \/><\/figure>\n\n\n\n<p>La consellera de Salut, Olga Pan\u00e9, i la\u00a0directora general\u00a0de Planificaci\u00f3 en Salut de la Generalitat de Catalunya, Aina Plaza, van rebre el passat dimecres 5 de febrer, una delegaci\u00f3 de la Fundaci\u00f3 Hospital\u00e0ries. Sor\u00a0Luz\u00a0Divina S\u00e1nchez, presidenta de la Fundaci\u00f3 Hospital\u00e0ries, juntament amb\u00a0Alberto\u00a0Mart\u00edn,\u00a0director general, van assistir a la reuni\u00f3 acompanyats dels gerents dels cinc centres al territori:\u00a0Jos\u00e9 Rom\u00e1n, Joan Orrit i Jes\u00fas\u00a0Ezquerra, director gerent del nostre hospital.<\/p>\n\n\n\n<p>Durant la trobada, els representants de la nostra instituci\u00f3 van explicar el canvi de titularitat de l\u2019activitat assistencial i la nova gesti\u00f3 dels centres de les Germanes Hospital\u00e0ries per part de la nova fundaci\u00f3. Van destacar que la instituci\u00f3 continuar\u00e0 fidel als seus valors i compromesa a oferir una atenci\u00f3 sanit\u00e0ria i assistencial de qualitat, amb un enfocament hum\u00e0 i professional, a persones amb problemes de salut mental, discapacitat intel\u00b7lectual, amb necessitat de cures pal\u00b7liatives, gent gran i altres col\u00b7lectius.<br><br>Un altre dels punts tractats a la reuni\u00f3 va ser el comprom\u00eds de la instituci\u00f3 amb la recerca en l&#8217;\u00e0mbit de la salut mental a trav\u00e9s de&nbsp;Fidmag&nbsp;Research Foundation. Aquesta fundaci\u00f3 de refer\u00e8ncia internacional compta amb m\u00e9s de 20 investigadores i, en el darrer any, ha dut a terme m\u00e9s de 50 projectes d&#8217;investigaci\u00f3, publicant m\u00e9s de 30 articles en revistes de primer nivell i rebent nombrosos reconeixements tant en l&#8217;\u00e0mbit nacional com internacional.<\/p>\n\n\n\n<p>Durant la trobada tamb\u00e9 es va parlar de la Fundaci\u00f3 Nou Cam\u00ed, dedicada a acompanyar persones en situaci\u00f3 de vulnerabilitat en els seus projectes de vida, protegint els seus drets i generant oportunitats que afavoreixin la seva autonomia personal i inclusi\u00f3 real i efectiva en la societat.<\/p>\n\n\n\n<p>Olga Pan\u00e9 i Aina&nbsp;Plaza&nbsp;tamb\u00e9 van con\u00e8ixer la nova l\u00ednia social de la Fundaci\u00f3 Hospital\u00e0ries, destinada a impulsar projectes que integrin la intervenci\u00f3 sanit\u00e0ria i social als cinc centres de Catalunya. Aquest projecte estrat\u00e8gic permetr\u00e0 avan\u00e7ar i enfortir els processos d&#8217;atenci\u00f3 i recuperaci\u00f3 de les persones des d&#8217;una perspectiva de participaci\u00f3 social.<\/p>\n\n\n\n<p>A la reuni\u00f3 es van abordar tamb\u00e9 les inversions que la Fundaci\u00f3 Hospital\u00e0ries t\u00e9 compromeses al territori. Algunes de les m\u00e9s rellevants s\u00f3n:<\/p>\n\n\n\n<ul class=\"wp-block-list\">\n<li>Projecte Hospital del Futur a Sant Boi, amb una inversi\u00f3 de 36,6 M\u20ac.<\/li>\n\n\n\n<li>Nou centre d&#8217;Atenci\u00f3 Interm\u00e8dia Integrada a Barcelona, amb una inversi\u00f3 de 25 M\u20ac.<\/li>\n\n\n\n<li>Projecte Avan\u00e7ar, amb una inversi\u00f3 de 7,5 M\u20ac per a la construcci\u00f3 d&#8217;un centre d&#8217;urg\u00e8ncies d&#8217;Atenci\u00f3 Prim\u00e0ria i espais per a la doc\u00e8ncia a l&#8217;Hospital General de Barcelona.<\/li>\n\n\n\n<li>1,8 M\u20ac d&#8217;inversi\u00f3 per a la construcci\u00f3 de noves unitats d&#8217;atenci\u00f3 a persones amb discapacitat intel\u00b7lectual a Caldes.<\/li>\n\n\n\n<li>4 M\u20ac d&#8217;inversi\u00f3 en pisos comunitaris i altres recursos socials i sanitaris a Granollers i Sant Boi.<\/li>\n<\/ul>\n\n\n\n<p>La previsi\u00f3 de la Fundaci\u00f3 Hospital\u00e0ries \u00e9s invertir m\u00e9s de 176 M\u20ac a Catalunya en els&nbsp;pr\u00f2xims 10 anys, fet que permetr\u00e0 continuar prestant una atenci\u00f3 de qualitat en infraestructures sostenibles i saludables, contribuint directament al benestar dels pacients i usuaris atesos al territori.<\/p>\n","protected":false},"excerpt":{"rendered":"<p>La consellera de Salut, Olga Pan\u00e9, i la\u00a0directora general\u00a0de Planificaci\u00f3 en Salut de la Generalitat de Catalunya, Aina Plaza, van rebre el passat dimecres 5 de febrer, una delegaci\u00f3 de la Fundaci\u00f3 Hospital\u00e0ries. Sor\u00a0Luz\u00a0Divina S\u00e1nchez, presidenta de la Fundaci\u00f3 Hospital\u00e0ries, juntament amb\u00a0Alberto\u00a0Mart\u00edn,\u00a0director general, van assistir a la reuni\u00f3 acompanyats dels gerents dels cinc centres al [&hellip;]<\/p>\n","protected":false},"author":5,"featured_media":10845,"comment_status":"closed","ping_status":"closed","sticky":false,"template":"","format":"standard","meta":{"footnotes":""},"categories":[27,56],"tags":[],"class_list":["post-10844","post","type-post","status-publish","format-standard","has-post-thumbnail","hentry","category-actualitat","category-bon-govern"],"blocksy_meta":[],"featured_image_urls_v2":{"full":["https:\/\/fundaciohospitalariesmartorell.org\/entre-tots\/wp-content\/uploads\/2025\/02\/WhatsApp-Image-2025-02-06-at-09.57.34.jpeg",1600,1200,false],"thumbnail":["https:\/\/fundaciohospitalariesmartorell.org\/entre-tots\/wp-content\/uploads\/2025\/02\/WhatsApp-Image-2025-02-06-at-09.57.34-150x150.jpeg",150,150,true],"medium":["https:\/\/fundaciohospitalariesmartorell.org\/entre-tots\/wp-content\/uploads\/2025\/02\/WhatsApp-Image-2025-02-06-at-09.57.34-300x225.jpeg",300,225,true],"medium_large":["https:\/\/fundaciohospitalariesmartorell.org\/entre-tots\/wp-content\/uploads\/2025\/02\/WhatsApp-Image-2025-02-06-at-09.57.34-768x576.jpeg",768,576,true],"large":["https:\/\/fundaciohospitalariesmartorell.org\/entre-tots\/wp-content\/uploads\/2025\/02\/WhatsApp-Image-2025-02-06-at-09.57.34-1024x768.jpeg",1024,768,true],"1536x1536":["https:\/\/fundaciohospitalariesmartorell.org\/entre-tots\/wp-content\/uploads\/2025\/02\/WhatsApp-Image-2025-02-06-at-09.57.34-1536x1152.jpeg",1536,1152,true],"2048x2048":["https:\/\/fundaciohospitalariesmartorell.org\/entre-tots\/wp-content\/uploads\/2025\/02\/WhatsApp-Image-2025-02-06-at-09.57.34.jpeg",1600,1200,false],"mailpoet_newsletter_max":["https:\/\/fundaciohospitalariesmartorell.org\/entre-tots\/wp-content\/uploads\/2025\/02\/WhatsApp-Image-2025-02-06-at-09.57.34-1320x990.jpeg",1320,990,true]},"post_excerpt_stackable_v2":"<p>La consellera de Salut, Olga Pan\u00e9, i la\u00a0directora general\u00a0de Planificaci\u00f3 en Salut de la Generalitat de Catalunya, Aina Plaza, van rebre el passat dimecres 5 de febrer, una delegaci\u00f3 de la Fundaci\u00f3 Hospital\u00e0ries. Sor\u00a0Luz\u00a0Divina S\u00e1nchez, presidenta de la Fundaci\u00f3 Hospital\u00e0ries, juntament amb\u00a0Alberto\u00a0Mart\u00edn,\u00a0director general, van assistir a la reuni\u00f3 acompanyats dels gerents dels cinc centres al territori:\u00a0Jos\u00e9 Rom\u00e1n, Joan Orrit i Jes\u00fas\u00a0Ezquerra, director gerent del nostre hospital. Durant la trobada, els representants de la nostra instituci\u00f3 van explicar el canvi de titularitat de l\u2019activitat assistencial i la nova gesti\u00f3 dels centres de les Germanes Hospital\u00e0ries per part de la nova fundaci\u00f3.&hellip;<\/p>\n","category_list_v2":"<a href=\"https:\/\/fundaciohospitalariesmartorell.org\/entre-tots\/category\/actualitat\/\" rel=\"category tag\">ACTUALITAT<\/a>, <a href=\"https:\/\/fundaciohospitalariesmartorell.org\/entre-tots\/category\/actualitat\/bon-govern\/\" rel=\"category tag\">BON GOVERN<\/a>","author_info_v2":{"name":"Alba Felip","url":"https:\/\/fundaciohospitalariesmartorell.org\/entre-tots\/author\/afelipr\/"},"comments_num_v2":"0 comments","_links":{"self":[{"href":"https:\/\/fundaciohospitalariesmartorell.org\/entre-tots\/wp-json\/wp\/v2\/posts\/10844","targetHints":{"allow":["GET"]}}],"collection":[{"href":"https:\/\/fundaciohospitalariesmartorell.org\/entre-tots\/wp-json\/wp\/v2\/posts"}],"about":[{"href":"https:\/\/fundaciohospitalariesmartorell.org\/entre-tots\/wp-json\/wp\/v2\/types\/post"}],"author":[{"embeddable":true,"href":"https:\/\/fundaciohospitalariesmartorell.org\/entre-tots\/wp-json\/wp\/v2\/users\/5"}],"replies":[{"embeddable":true,"href":"https:\/\/fundaciohospitalariesmartorell.org\/entre-tots\/wp-json\/wp\/v2\/comments?post=10844"}],"version-history":[{"count":2,"href":"https:\/\/fundaciohospitalariesmartorell.org\/entre-tots\/wp-json\/wp\/v2\/posts\/10844\/revisions"}],"predecessor-version":[{"id":10852,"href":"https:\/\/fundaciohospitalariesmartorell.org\/entre-tots\/wp-json\/wp\/v2\/posts\/10844\/revisions\/10852"}],"wp:featuredmedia":[{"embeddable":true,"href":"https:\/\/fundaciohospitalariesmartorell.org\/entre-tots\/wp-json\/wp\/v2\/media\/10845"}],"wp:attachment":[{"href":"https:\/\/fundaciohospitalariesmartorell.org\/entre-tots\/wp-json\/wp\/v2\/media?parent=10844"}],"wp:term":[{"taxonomy":"category","embeddable":true,"href":"https:\/\/fundaciohospitalariesmartorell.org\/entre-tots\/wp-json\/wp\/v2\/categories?post=10844"},{"taxonomy":"post_tag","embeddable":true,"href":"https:\/\/fundaciohospitalariesmartorell.org\/entre-tots\/wp-json\/wp\/v2\/tags?post=10844"}],"curies":[{"name":"wp","href":"https:\/\/api.w.org\/{rel}","templated":true}]}}