{"id":10848,"date":"2025-02-11T15:53:01","date_gmt":"2025-02-11T14:53:01","guid":{"rendered":"https:\/\/fundaciohospitalariesmartorell.org\/entre-tots\/?p=10848"},"modified":"2025-02-12T20:39:26","modified_gmt":"2025-02-12T19:39:26","slug":"la-jornada-sobre-la-transformacio-de-la-llarga-estada-psiquiatrica-a-catalunya-reuneix-mes-de-200-professionals-a-martorell","status":"publish","type":"post","link":"https:\/\/fundaciohospitalariesmartorell.org\/entre-tots\/2025\/02\/la-jornada-sobre-la-transformacio-de-la-llarga-estada-psiquiatrica-a-catalunya-reuneix-mes-de-200-professionals-a-martorell\/","title":{"rendered":"La jornada sobre la transformaci\u00f3 de la llarga estada psiqui\u00e0trica a Catalunya reuneix m\u00e9s de 200 professionals a Martorell"},"content":{"rendered":"\n<figure class=\"wp-block-image size-large\"><img loading=\"lazy\" decoding=\"async\" width=\"2560\" height=\"1707\" src=\"https:\/\/fundaciohospitalariesmartorell.org\/entre-tots\/wp-content\/uploads\/2025\/02\/20250207_093641-edited-scaled.jpg\" alt=\"\" class=\"wp-image-10864\" srcset=\"https:\/\/fundaciohospitalariesmartorell.org\/entre-tots\/wp-content\/uploads\/2025\/02\/20250207_093641-edited-scaled.jpg 2560w, https:\/\/fundaciohospitalariesmartorell.org\/entre-tots\/wp-content\/uploads\/2025\/02\/20250207_093641-edited-300x200.jpg 300w, https:\/\/fundaciohospitalariesmartorell.org\/entre-tots\/wp-content\/uploads\/2025\/02\/20250207_093641-edited-1024x683.jpg 1024w, https:\/\/fundaciohospitalariesmartorell.org\/entre-tots\/wp-content\/uploads\/2025\/02\/20250207_093641-edited-768x512.jpg 768w, https:\/\/fundaciohospitalariesmartorell.org\/entre-tots\/wp-content\/uploads\/2025\/02\/20250207_093641-edited-1536x1024.jpg 1536w, https:\/\/fundaciohospitalariesmartorell.org\/entre-tots\/wp-content\/uploads\/2025\/02\/20250207_093641-edited-2048x1366.jpg 2048w, https:\/\/fundaciohospitalariesmartorell.org\/entre-tots\/wp-content\/uploads\/2025\/02\/20250207_093641-edited-1320x880.jpg 1320w\" sizes=\"auto, (max-width: 2560px) 100vw, 2560px\" \/><\/figure>\n\n\n\n<p>La Fundaci\u00f3 Hospital\u00e0ries Martorell va acollir el passat 7 de febrer la jornada&nbsp;<em>\u201cTransformant la llarga estada psiqui\u00e0trica a Catalunya: dignitat, autonomia i comunitat\u201d<\/em>, un esdeveniment que va reunir m\u00e9s de 200 persones, entre professionals del sector i representants dels cinc prove\u00efdors implicats en la reconversi\u00f3 de l\u2019hospitalitzaci\u00f3 psiqui\u00e0trica de llarga estada. Aquest projecte, encarregat pel Departament de Salut, t\u00e9 com a objectiu implementar un model de salut mental que prioritza la recuperaci\u00f3 i la inclusi\u00f3 comunit\u00e0ria de les persones amb trastorns de salut mental d&#8217;alta complexitat, promovent la seva autonomia i el desenvolupament d&#8217;un projecte de vida digne en el seu entorn natural, evitant la institucionalitzaci\u00f3 prolongada.<\/p>\n\n\n\n<p>La jornada va comen\u00e7ar amb una benvinguda institucional a c\u00e0rrec de la Dra. Anna Garcia Alt\u00e9s, gerent de la Regi\u00f3 Sanit\u00e0ria Barcelona Metropolitana Sud, i del Dr. Jes\u00fas Ezquerra, director gerent de la Fundaci\u00f3 Hospital\u00e0ries Martorell. Precisament, el Dr. Ezquerra va recordar que &#8220;<em>la transformaci\u00f3 que tenim al davant \u00e9s un repte, per\u00f2 tamb\u00e9 una gran responsabilitat col\u00b7lectiva. Requereix la col\u00b7laboraci\u00f3 de tots els agents implicats i un comprom\u00eds ferm per garantir una atenci\u00f3 de qualitat, respectuosa i orientada a la plena integraci\u00f3 social<\/em>&#8220;.<\/p>\n\n\n\n<div class=\"wp-block-stackable-carousel stk-block-carousel stk--is-slide stk--arrows-justify-space-between stk--arrows-align-center stk-block stk-8f2bc7d\" data-slides-to-show=\"\" data-block-id=\"8f2bc7d\"><div class=\"stk-block-carousel__content-wrapper\"><div class=\"stk-row stk-inner-blocks stk-block-content stk-block-carousel__slider-wrapper stk-content-align stk-8f2bc7d-column\"><div class=\"stk-block-carousel__slider\" role=\"list\" data-autoplay=\"4000\" data-label-slide-of=\"Slide %%d of %%d\">\n<div class=\"wp-block-stackable-column stk-block-column stk-column stk-block stk-63f320e\" data-v=\"4\" data-block-id=\"63f320e\"><div class=\"stk-column-wrapper stk-block-column__content stk-container stk-63f320e-container stk--no-background stk--no-padding\"><div class=\"stk-block-content stk-inner-blocks stk-63f320e-inner-blocks\">\n<figure class=\"wp-block-image size-large\"><img loading=\"lazy\" decoding=\"async\" width=\"1024\" height=\"768\" src=\"https:\/\/fundaciohospitalariesmartorell.org\/entre-tots\/wp-content\/uploads\/2025\/02\/20250207_090818-1024x768.jpg\" alt=\"\" class=\"wp-image-10868\" srcset=\"https:\/\/fundaciohospitalariesmartorell.org\/entre-tots\/wp-content\/uploads\/2025\/02\/20250207_090818-1024x768.jpg 1024w, https:\/\/fundaciohospitalariesmartorell.org\/entre-tots\/wp-content\/uploads\/2025\/02\/20250207_090818-300x225.jpg 300w, https:\/\/fundaciohospitalariesmartorell.org\/entre-tots\/wp-content\/uploads\/2025\/02\/20250207_090818-768x576.jpg 768w, https:\/\/fundaciohospitalariesmartorell.org\/entre-tots\/wp-content\/uploads\/2025\/02\/20250207_090818-1536x1152.jpg 1536w, https:\/\/fundaciohospitalariesmartorell.org\/entre-tots\/wp-content\/uploads\/2025\/02\/20250207_090818-2048x1536.jpg 2048w, https:\/\/fundaciohospitalariesmartorell.org\/entre-tots\/wp-content\/uploads\/2025\/02\/20250207_090818-1320x990.jpg 1320w\" sizes=\"auto, (max-width: 1024px) 100vw, 1024px\" \/><\/figure>\n<\/div><\/div><\/div>\n\n\n\n<div class=\"wp-block-stackable-column stk-block-column stk-column stk-block stk-b05f013\" data-v=\"4\" data-block-id=\"b05f013\"><div class=\"stk-column-wrapper stk-block-column__content stk-container stk-b05f013-container stk--no-background stk--no-padding\"><div class=\"stk-block-content stk-inner-blocks stk-b05f013-inner-blocks\">\n<figure class=\"wp-block-image size-large\"><img loading=\"lazy\" decoding=\"async\" width=\"1024\" height=\"768\" src=\"https:\/\/fundaciohospitalariesmartorell.org\/entre-tots\/wp-content\/uploads\/2025\/02\/20250207_091634-1024x768.jpg\" alt=\"\" class=\"wp-image-10866\" srcset=\"https:\/\/fundaciohospitalariesmartorell.org\/entre-tots\/wp-content\/uploads\/2025\/02\/20250207_091634-1024x768.jpg 1024w, https:\/\/fundaciohospitalariesmartorell.org\/entre-tots\/wp-content\/uploads\/2025\/02\/20250207_091634-300x225.jpg 300w, https:\/\/fundaciohospitalariesmartorell.org\/entre-tots\/wp-content\/uploads\/2025\/02\/20250207_091634-768x576.jpg 768w, https:\/\/fundaciohospitalariesmartorell.org\/entre-tots\/wp-content\/uploads\/2025\/02\/20250207_091634-1536x1152.jpg 1536w, https:\/\/fundaciohospitalariesmartorell.org\/entre-tots\/wp-content\/uploads\/2025\/02\/20250207_091634-2048x1536.jpg 2048w, https:\/\/fundaciohospitalariesmartorell.org\/entre-tots\/wp-content\/uploads\/2025\/02\/20250207_091634-1320x990.jpg 1320w\" sizes=\"auto, (max-width: 1024px) 100vw, 1024px\" \/><\/figure>\n<\/div><\/div><\/div>\n\n\n\n<div class=\"wp-block-stackable-column stk-block-column stk-column stk-block stk-a82fa3e\" data-v=\"4\" data-block-id=\"a82fa3e\"><div class=\"stk-column-wrapper stk-block-column__content stk-container stk-a82fa3e-container stk--no-background stk--no-padding\"><div class=\"stk-block-content stk-inner-blocks stk-a82fa3e-inner-blocks\">\n<figure class=\"wp-block-image size-large\"><img loading=\"lazy\" decoding=\"async\" width=\"1024\" height=\"768\" src=\"https:\/\/fundaciohospitalariesmartorell.org\/entre-tots\/wp-content\/uploads\/2025\/02\/20250207_091628-1024x768.jpg\" alt=\"\" class=\"wp-image-10867\" srcset=\"https:\/\/fundaciohospitalariesmartorell.org\/entre-tots\/wp-content\/uploads\/2025\/02\/20250207_091628-1024x768.jpg 1024w, https:\/\/fundaciohospitalariesmartorell.org\/entre-tots\/wp-content\/uploads\/2025\/02\/20250207_091628-300x225.jpg 300w, https:\/\/fundaciohospitalariesmartorell.org\/entre-tots\/wp-content\/uploads\/2025\/02\/20250207_091628-768x576.jpg 768w, https:\/\/fundaciohospitalariesmartorell.org\/entre-tots\/wp-content\/uploads\/2025\/02\/20250207_091628-1536x1152.jpg 1536w, https:\/\/fundaciohospitalariesmartorell.org\/entre-tots\/wp-content\/uploads\/2025\/02\/20250207_091628-2048x1536.jpg 2048w, https:\/\/fundaciohospitalariesmartorell.org\/entre-tots\/wp-content\/uploads\/2025\/02\/20250207_091628-1320x990.jpg 1320w\" sizes=\"auto, (max-width: 1024px) 100vw, 1024px\" \/><\/figure>\n<\/div><\/div><\/div>\n\n\n\n<div class=\"wp-block-stackable-column stk-block-column stk-column stk-block stk-742ea50\" data-v=\"4\" data-block-id=\"742ea50\"><div class=\"stk-column-wrapper stk-block-column__content stk-container stk-742ea50-container stk--no-background stk--no-padding\"><div class=\"stk-block-content stk-inner-blocks stk-742ea50-inner-blocks\">\n<figure class=\"wp-block-image size-large\"><img loading=\"lazy\" decoding=\"async\" width=\"1024\" height=\"768\" src=\"https:\/\/fundaciohospitalariesmartorell.org\/entre-tots\/wp-content\/uploads\/2025\/02\/20250207_093717-1024x768.jpg\" alt=\"\" class=\"wp-image-10865\" srcset=\"https:\/\/fundaciohospitalariesmartorell.org\/entre-tots\/wp-content\/uploads\/2025\/02\/20250207_093717-1024x768.jpg 1024w, https:\/\/fundaciohospitalariesmartorell.org\/entre-tots\/wp-content\/uploads\/2025\/02\/20250207_093717-300x225.jpg 300w, https:\/\/fundaciohospitalariesmartorell.org\/entre-tots\/wp-content\/uploads\/2025\/02\/20250207_093717-768x576.jpg 768w, https:\/\/fundaciohospitalariesmartorell.org\/entre-tots\/wp-content\/uploads\/2025\/02\/20250207_093717-1536x1152.jpg 1536w, https:\/\/fundaciohospitalariesmartorell.org\/entre-tots\/wp-content\/uploads\/2025\/02\/20250207_093717-2048x1536.jpg 2048w, https:\/\/fundaciohospitalariesmartorell.org\/entre-tots\/wp-content\/uploads\/2025\/02\/20250207_093717-1320x990.jpg 1320w\" sizes=\"auto, (max-width: 1024px) 100vw, 1024px\" \/><\/figure>\n<\/div><\/div><\/div>\n<\/div><div class=\"stk-block-carousel__buttons\"><button class=\"stk-block-carousel__button stk-block-carousel__button__prev\" aria-label=\"Previous slide\"><svg aria-hidden=\"true\" focusable=\"false\" data-prefix=\"fas\" data-icon=\"chevron-left\" class=\"svg-inline--fa fa-chevron-left\" xmlns=\"http:\/\/www.w3.org\/2000\/svg\" viewBox=\"0 0 320 512\" width=\"32\" height=\"32\"><path d=\"M34.52 239.03L228.87 44.69c9.37-9.37 24.57-9.37 33.94 0l22.67 22.67c9.36 9.36 9.37 24.52.04 33.9L131.49 256l154.02 154.75c9.34 9.38 9.32 24.54-.04 33.9l-22.67 22.67c-9.37 9.37-24.57 9.37-33.94 0L34.52 272.97c-9.37-9.37-9.37-24.57 0-33.94z\"><\/path><\/svg><\/button><button class=\"stk-block-carousel__button stk-block-carousel__button__next\" aria-label=\"Next slide\"><svg aria-hidden=\"true\" focusable=\"false\" data-prefix=\"fas\" data-icon=\"chevron-right\" class=\"svg-inline--fa fa-chevron-right\" xmlns=\"http:\/\/www.w3.org\/2000\/svg\" viewBox=\"0 0 320 512\" width=\"32\" height=\"32\"><path d=\"M285.476 272.971L91.132 467.314c-9.373 9.373-24.569 9.373-33.941 0l-22.667-22.667c-9.357-9.357-9.375-24.522-.04-33.901L188.505 256 34.484 101.255c-9.335-9.379-9.317-24.544.04-33.901l22.667-22.667c9.373-9.373 24.569-9.373 33.941 0L285.475 239.03c9.373 9.372 9.373 24.568.001 33.941z\"><\/path><\/svg><\/button><\/div><\/div><div class=\"stk-block-carousel__dots\" role=\"list\" data-label=\"Slide %%d\"><\/div><\/div><\/div>\n\n\n\n<p>A continuaci\u00f3, Josep Tristany, director del <a href=\"https:\/\/salutweb.gencat.cat\/ca\/departament\/ambits-estrategics\/atencio-salut-mental-addiccions\/pla-director-pdsmia\/\">Pla Director de Salut Mental de Catalunya<\/a>, va oferir una confer\u00e8ncia sobre la situaci\u00f3 actual i els objectius futurs de la transformaci\u00f3 de l\u2019hospitalitzaci\u00f3 de llarga estada a Catalunya. Va destacar la reducci\u00f3 actual de llits, aix\u00ed com l&#8217;impacte positiu de les Unitats de Recuperaci\u00f3 i del Projecte de Vida per prevenir nous processos d\u2019institucionalitzaci\u00f3.<\/p>\n\n\n\n<p>La Dra. Meritxell Centeno, directora de Desenvolupament Estrat\u00e8gic Assistencial de la <a href=\"https:\/\/www.fundaciohospitalariessantboi.org\/\">Fundaci\u00f3 Hospital\u00e0ries Sant Boi<\/a>, va inaugurar la jornada amb una confer\u00e8ncia sobre l\u2019atenci\u00f3 a la salut mental basada en drets fent un recull dels principis i bases legals en les quals es fonamenta l\u2019instrument QualityRights de l\u2019OMS.<\/p>\n\n\n\n<p>La primera taula va tractar sobre la transformaci\u00f3 de les unitats d\u2019hospitalitzaci\u00f3. David Juanes, coordinador de l\u2019\u00c0rea de Rehabilitaci\u00f3 en Salut Mental de la Fundaci\u00f3 Hospital\u00e0ries Martorell va exposar l\u2019evoluci\u00f3 de les \u00e0rees de rehabilitaci\u00f3 cap a les Unitats de Rehabilitaci\u00f3 Intensiva. Tamb\u00e9, el Servei Especialitzat de Rehabilitaci\u00f3 Psiqui\u00e0trica Intensiva del <a href=\"https:\/\/www.pssjd.org\/\">Parc Sanitari Sant Joan de D\u00e9u<\/a> va compartir experi\u00e8ncies sobre els processos de transici\u00f3 i reintegraci\u00f3 a la vida social.&nbsp;Ambdues presentacions van suposar una bona mostra de com estan canviant els models d\u2019intervenci\u00f3 tant en el marc estrictament hospitalari com en els moments de retorn a la vida en comunitat.<\/p>\n\n\n\n<div class=\"wp-block-getwid-images-slider has-arrows-inside has-dots-inside has-images-center has-cropped-images\"><div class=\"wp-block-getwid-images-slider__wrapper\" data-effect=\"slide\" data-slides-show=\"1\" data-slides-show-laptop=\"1\" data-slides-show-tablet=\"1\" data-slides-show-mobile=\"1\" data-slides-scroll=\"1\" data-autoplay=\"false\" data-pause-hover=\"false\" data-autoplay-speed=\"6000\" data-infinite=\"true\" data-animation-speed=\"800\" data-center-mode=\"false\" data-variable-width=\"false\" data-arrows=\"inside\" data-dots=\"inside\" data-spacing=\"none\"><div class=\"wp-block-getwid-images-slider__item\"><figure><img loading=\"lazy\" decoding=\"async\" width=\"2560\" height=\"1920\" src=\"https:\/\/fundaciohospitalariesmartorell.org\/entre-tots\/wp-content\/uploads\/2025\/02\/20250207_105701-scaled.jpg\" data-id=\"10869\" data-link=\"https:\/\/fundaciohospitalariesmartorell.org\/entre-tots\/?attachment_id=10869\" data-original-link=\"https:\/\/fundaciohospitalariesmartorell.org\/entre-tots\/wp-content\/uploads\/2025\/02\/20250207_105701-scaled.jpg\" class=\"wp-block-getwid-images-slider__image wp-image-10869\" srcset=\"https:\/\/fundaciohospitalariesmartorell.org\/entre-tots\/wp-content\/uploads\/2025\/02\/20250207_105701-scaled.jpg 2560w, https:\/\/fundaciohospitalariesmartorell.org\/entre-tots\/wp-content\/uploads\/2025\/02\/20250207_105701-300x225.jpg 300w, https:\/\/fundaciohospitalariesmartorell.org\/entre-tots\/wp-content\/uploads\/2025\/02\/20250207_105701-1024x768.jpg 1024w, https:\/\/fundaciohospitalariesmartorell.org\/entre-tots\/wp-content\/uploads\/2025\/02\/20250207_105701-768x576.jpg 768w, https:\/\/fundaciohospitalariesmartorell.org\/entre-tots\/wp-content\/uploads\/2025\/02\/20250207_105701-1536x1152.jpg 1536w, https:\/\/fundaciohospitalariesmartorell.org\/entre-tots\/wp-content\/uploads\/2025\/02\/20250207_105701-2048x1536.jpg 2048w, https:\/\/fundaciohospitalariesmartorell.org\/entre-tots\/wp-content\/uploads\/2025\/02\/20250207_105701-1320x990.jpg 1320w\" sizes=\"auto, (max-width: 2560px) 100vw, 2560px\" \/><\/figure><\/div><div class=\"wp-block-getwid-images-slider__item\"><figure><img loading=\"lazy\" decoding=\"async\" width=\"2560\" height=\"1920\" src=\"https:\/\/fundaciohospitalariesmartorell.org\/entre-tots\/wp-content\/uploads\/2025\/02\/20250207_114115-scaled.jpg\" data-id=\"10870\" data-link=\"https:\/\/fundaciohospitalariesmartorell.org\/entre-tots\/?attachment_id=10870\" data-original-link=\"https:\/\/fundaciohospitalariesmartorell.org\/entre-tots\/wp-content\/uploads\/2025\/02\/20250207_114115-scaled.jpg\" class=\"wp-block-getwid-images-slider__image wp-image-10870\" srcset=\"https:\/\/fundaciohospitalariesmartorell.org\/entre-tots\/wp-content\/uploads\/2025\/02\/20250207_114115-scaled.jpg 2560w, https:\/\/fundaciohospitalariesmartorell.org\/entre-tots\/wp-content\/uploads\/2025\/02\/20250207_114115-300x225.jpg 300w, https:\/\/fundaciohospitalariesmartorell.org\/entre-tots\/wp-content\/uploads\/2025\/02\/20250207_114115-1024x768.jpg 1024w, https:\/\/fundaciohospitalariesmartorell.org\/entre-tots\/wp-content\/uploads\/2025\/02\/20250207_114115-768x576.jpg 768w, https:\/\/fundaciohospitalariesmartorell.org\/entre-tots\/wp-content\/uploads\/2025\/02\/20250207_114115-1536x1152.jpg 1536w, https:\/\/fundaciohospitalariesmartorell.org\/entre-tots\/wp-content\/uploads\/2025\/02\/20250207_114115-2048x1536.jpg 2048w, https:\/\/fundaciohospitalariesmartorell.org\/entre-tots\/wp-content\/uploads\/2025\/02\/20250207_114115-1320x990.jpg 1320w\" sizes=\"auto, (max-width: 2560px) 100vw, 2560px\" \/><\/figure><\/div><div class=\"wp-block-getwid-images-slider__item\"><figure><img loading=\"lazy\" decoding=\"async\" width=\"1600\" height=\"1200\" src=\"https:\/\/fundaciohospitalariesmartorell.org\/entre-tots\/wp-content\/uploads\/2025\/02\/WhatsApp-Image-2025-02-07-at-09.58.49-1.jpeg\" data-id=\"10871\" data-link=\"https:\/\/fundaciohospitalariesmartorell.org\/entre-tots\/?attachment_id=10871\" data-original-link=\"https:\/\/fundaciohospitalariesmartorell.org\/entre-tots\/wp-content\/uploads\/2025\/02\/WhatsApp-Image-2025-02-07-at-09.58.49-1.jpeg\" class=\"wp-block-getwid-images-slider__image wp-image-10871\" srcset=\"https:\/\/fundaciohospitalariesmartorell.org\/entre-tots\/wp-content\/uploads\/2025\/02\/WhatsApp-Image-2025-02-07-at-09.58.49-1.jpeg 1600w, https:\/\/fundaciohospitalariesmartorell.org\/entre-tots\/wp-content\/uploads\/2025\/02\/WhatsApp-Image-2025-02-07-at-09.58.49-1-300x225.jpeg 300w, https:\/\/fundaciohospitalariesmartorell.org\/entre-tots\/wp-content\/uploads\/2025\/02\/WhatsApp-Image-2025-02-07-at-09.58.49-1-1024x768.jpeg 1024w, https:\/\/fundaciohospitalariesmartorell.org\/entre-tots\/wp-content\/uploads\/2025\/02\/WhatsApp-Image-2025-02-07-at-09.58.49-1-768x576.jpeg 768w, https:\/\/fundaciohospitalariesmartorell.org\/entre-tots\/wp-content\/uploads\/2025\/02\/WhatsApp-Image-2025-02-07-at-09.58.49-1-1536x1152.jpeg 1536w, https:\/\/fundaciohospitalariesmartorell.org\/entre-tots\/wp-content\/uploads\/2025\/02\/WhatsApp-Image-2025-02-07-at-09.58.49-1-1320x990.jpeg 1320w\" sizes=\"auto, (max-width: 1600px) 100vw, 1600px\" \/><\/figure><\/div><div class=\"wp-block-getwid-images-slider__item\"><figure><img loading=\"lazy\" decoding=\"async\" width=\"1600\" height=\"1200\" src=\"https:\/\/fundaciohospitalariesmartorell.org\/entre-tots\/wp-content\/uploads\/2025\/02\/WhatsApp-Image-2025-02-07-at-10.24.31.jpeg\" data-id=\"10872\" data-link=\"https:\/\/fundaciohospitalariesmartorell.org\/entre-tots\/?attachment_id=10872\" data-original-link=\"https:\/\/fundaciohospitalariesmartorell.org\/entre-tots\/wp-content\/uploads\/2025\/02\/WhatsApp-Image-2025-02-07-at-10.24.31.jpeg\" class=\"wp-block-getwid-images-slider__image wp-image-10872\" srcset=\"https:\/\/fundaciohospitalariesmartorell.org\/entre-tots\/wp-content\/uploads\/2025\/02\/WhatsApp-Image-2025-02-07-at-10.24.31.jpeg 1600w, https:\/\/fundaciohospitalariesmartorell.org\/entre-tots\/wp-content\/uploads\/2025\/02\/WhatsApp-Image-2025-02-07-at-10.24.31-300x225.jpeg 300w, https:\/\/fundaciohospitalariesmartorell.org\/entre-tots\/wp-content\/uploads\/2025\/02\/WhatsApp-Image-2025-02-07-at-10.24.31-1024x768.jpeg 1024w, https:\/\/fundaciohospitalariesmartorell.org\/entre-tots\/wp-content\/uploads\/2025\/02\/WhatsApp-Image-2025-02-07-at-10.24.31-768x576.jpeg 768w, https:\/\/fundaciohospitalariesmartorell.org\/entre-tots\/wp-content\/uploads\/2025\/02\/WhatsApp-Image-2025-02-07-at-10.24.31-1536x1152.jpeg 1536w, https:\/\/fundaciohospitalariesmartorell.org\/entre-tots\/wp-content\/uploads\/2025\/02\/WhatsApp-Image-2025-02-07-at-10.24.31-1320x990.jpeg 1320w\" sizes=\"auto, (max-width: 1600px) 100vw, 1600px\" \/><\/figure><\/div><div class=\"wp-block-getwid-images-slider__item\"><figure><img loading=\"lazy\" decoding=\"async\" width=\"1600\" height=\"1200\" src=\"https:\/\/fundaciohospitalariesmartorell.org\/entre-tots\/wp-content\/uploads\/2025\/02\/WhatsApp-Image-2025-02-07-at-12.20.02.jpeg\" data-id=\"10873\" data-link=\"https:\/\/fundaciohospitalariesmartorell.org\/entre-tots\/?attachment_id=10873\" data-original-link=\"https:\/\/fundaciohospitalariesmartorell.org\/entre-tots\/wp-content\/uploads\/2025\/02\/WhatsApp-Image-2025-02-07-at-12.20.02.jpeg\" class=\"wp-block-getwid-images-slider__image wp-image-10873\" srcset=\"https:\/\/fundaciohospitalariesmartorell.org\/entre-tots\/wp-content\/uploads\/2025\/02\/WhatsApp-Image-2025-02-07-at-12.20.02.jpeg 1600w, https:\/\/fundaciohospitalariesmartorell.org\/entre-tots\/wp-content\/uploads\/2025\/02\/WhatsApp-Image-2025-02-07-at-12.20.02-300x225.jpeg 300w, https:\/\/fundaciohospitalariesmartorell.org\/entre-tots\/wp-content\/uploads\/2025\/02\/WhatsApp-Image-2025-02-07-at-12.20.02-1024x768.jpeg 1024w, https:\/\/fundaciohospitalariesmartorell.org\/entre-tots\/wp-content\/uploads\/2025\/02\/WhatsApp-Image-2025-02-07-at-12.20.02-768x576.jpeg 768w, https:\/\/fundaciohospitalariesmartorell.org\/entre-tots\/wp-content\/uploads\/2025\/02\/WhatsApp-Image-2025-02-07-at-12.20.02-1536x1152.jpeg 1536w, https:\/\/fundaciohospitalariesmartorell.org\/entre-tots\/wp-content\/uploads\/2025\/02\/WhatsApp-Image-2025-02-07-at-12.20.02-1320x990.jpeg 1320w\" sizes=\"auto, (max-width: 1600px) 100vw, 1600px\" \/><\/figure><\/div><div class=\"wp-block-getwid-images-slider__item\"><figure><img loading=\"lazy\" decoding=\"async\" width=\"1600\" height=\"1200\" src=\"https:\/\/fundaciohospitalariesmartorell.org\/entre-tots\/wp-content\/uploads\/2025\/02\/WhatsApp-Image-2025-02-07-at-13.12.03.jpeg\" data-id=\"10874\" data-link=\"https:\/\/fundaciohospitalariesmartorell.org\/entre-tots\/?attachment_id=10874\" data-original-link=\"https:\/\/fundaciohospitalariesmartorell.org\/entre-tots\/wp-content\/uploads\/2025\/02\/WhatsApp-Image-2025-02-07-at-13.12.03.jpeg\" class=\"wp-block-getwid-images-slider__image wp-image-10874\" srcset=\"https:\/\/fundaciohospitalariesmartorell.org\/entre-tots\/wp-content\/uploads\/2025\/02\/WhatsApp-Image-2025-02-07-at-13.12.03.jpeg 1600w, https:\/\/fundaciohospitalariesmartorell.org\/entre-tots\/wp-content\/uploads\/2025\/02\/WhatsApp-Image-2025-02-07-at-13.12.03-300x225.jpeg 300w, https:\/\/fundaciohospitalariesmartorell.org\/entre-tots\/wp-content\/uploads\/2025\/02\/WhatsApp-Image-2025-02-07-at-13.12.03-1024x768.jpeg 1024w, https:\/\/fundaciohospitalariesmartorell.org\/entre-tots\/wp-content\/uploads\/2025\/02\/WhatsApp-Image-2025-02-07-at-13.12.03-768x576.jpeg 768w, https:\/\/fundaciohospitalariesmartorell.org\/entre-tots\/wp-content\/uploads\/2025\/02\/WhatsApp-Image-2025-02-07-at-13.12.03-1536x1152.jpeg 1536w, https:\/\/fundaciohospitalariesmartorell.org\/entre-tots\/wp-content\/uploads\/2025\/02\/WhatsApp-Image-2025-02-07-at-13.12.03-1320x990.jpeg 1320w\" sizes=\"auto, (max-width: 1600px) 100vw, 1600px\" \/><\/figure><\/div><\/div><\/div>\n\n\n\n<p>La segona taula va abordar els processos de recuperaci\u00f3 en el medi comunitari. La Dra. Julia S\u00e1nchez i la terapeuta ocupacional M\u00f2nica Arest\u00e9 Sent\u00eds, de l\u2019<a href=\"http:\/\/www.peremata.cat\/\">Institut Pere Mata de Reus<\/a>, van presentar els resultats preliminars i els aprenentatges de les Unitats Funcionals de Recuperaci\u00f3 i Projecte de Vida (UFRPV), adaptant a la realitat del nostre territori el model d\u2019intervenci\u00f3 assertiu-comunitari. Alhora, van introduir formes d\u2019intervenci\u00f3 innovadores en l\u2019espai obert (\u00c0gora), caracteritzat per la seva horitzontalitat i alta accessibilitat.<\/p>\n\n\n\n<p>Sergio Guzm\u00e1n, terapeuta ocupacional de <a href=\"https:\/\/www.hospitaldelmar.cat\/es\/hospitals\/emili-mira\/\">Santa Coloma de Gramenet<\/a>, va exposar experi\u00e8ncies de bona pr\u00e0ctica en salut comunit\u00e0ria que transcendeixen els models estrictament sanitaris o socials. Aquesta iniciativa t\u00e9 com a objectiu explorar noves formes d\u2019autoorganitzaci\u00f3, on l\u2019usuari esdev\u00e9 tant protagonista com gestor de l\u2019activitat.<\/p>\n\n\n\n<p>La tercera taula, moderada per Lourdes Bernal, directora de la <a href=\"https:\/\/www.fnoucami.org\/ca\/inici\/\">Fundaci\u00f3 Entitat de Suport Nou Cam\u00ed<\/a>, va obrir un debat sobre la desinstitucionalitzaci\u00f3 en primera persona i va comptar amb la participaci\u00f3 de representants de diverses entitats de salut mental, que van compartir les seves experi\u00e8ncies i visions. Es va generar un di\u00e0leg profund sobre els diferents aspectes del proc\u00e9s de desinstitucionalitzaci\u00f3 i el retorn a la comunitat de pacients de llarga estada psiqui\u00e0trica. La conversa va posar en relleu els reptes, oportunitats i valors que entren en joc en aquest moment cr\u00edtic per al model sanitari d\u2019atenci\u00f3 a les persones amb trastorn mental greu.<\/p>\n\n\n\n<p>La jornada va finalitzar amb una cloenda a c\u00e0rrec de la Sra. Aina Plaza, directora general de Planificaci\u00f3 en Salut, i en Dr. Carles Franquelo, director m\u00e8dic de la Fundaci\u00f3 Hospital\u00e0ries Martorell.<\/p>\n\n\n\n<figure class=\"wp-block-image size-large\"><img loading=\"lazy\" decoding=\"async\" width=\"1024\" height=\"768\" src=\"https:\/\/fundaciohospitalariesmartorell.org\/entre-tots\/wp-content\/uploads\/2025\/02\/WhatsApp-Image-2025-02-10-at-12.37.01-3-1024x768.jpeg\" alt=\"\" class=\"wp-image-10880\" srcset=\"https:\/\/fundaciohospitalariesmartorell.org\/entre-tots\/wp-content\/uploads\/2025\/02\/WhatsApp-Image-2025-02-10-at-12.37.01-3-1024x768.jpeg 1024w, https:\/\/fundaciohospitalariesmartorell.org\/entre-tots\/wp-content\/uploads\/2025\/02\/WhatsApp-Image-2025-02-10-at-12.37.01-3-300x225.jpeg 300w, https:\/\/fundaciohospitalariesmartorell.org\/entre-tots\/wp-content\/uploads\/2025\/02\/WhatsApp-Image-2025-02-10-at-12.37.01-3-768x576.jpeg 768w, https:\/\/fundaciohospitalariesmartorell.org\/entre-tots\/wp-content\/uploads\/2025\/02\/WhatsApp-Image-2025-02-10-at-12.37.01-3-1536x1152.jpeg 1536w, https:\/\/fundaciohospitalariesmartorell.org\/entre-tots\/wp-content\/uploads\/2025\/02\/WhatsApp-Image-2025-02-10-at-12.37.01-3-1320x990.jpeg 1320w, https:\/\/fundaciohospitalariesmartorell.org\/entre-tots\/wp-content\/uploads\/2025\/02\/WhatsApp-Image-2025-02-10-at-12.37.01-3.jpeg 1600w\" sizes=\"auto, (max-width: 1024px) 100vw, 1024px\" \/><\/figure>\n\n\n\n<figure class=\"wp-block-image size-large\"><img loading=\"lazy\" decoding=\"async\" width=\"1024\" height=\"768\" src=\"https:\/\/fundaciohospitalariesmartorell.org\/entre-tots\/wp-content\/uploads\/2025\/02\/WhatsApp-Image-2025-02-10-at-12.37.01-7-1-1024x768.jpeg\" alt=\"\" class=\"wp-image-10877\" srcset=\"https:\/\/fundaciohospitalariesmartorell.org\/entre-tots\/wp-content\/uploads\/2025\/02\/WhatsApp-Image-2025-02-10-at-12.37.01-7-1-1024x768.jpeg 1024w, https:\/\/fundaciohospitalariesmartorell.org\/entre-tots\/wp-content\/uploads\/2025\/02\/WhatsApp-Image-2025-02-10-at-12.37.01-7-1-300x225.jpeg 300w, https:\/\/fundaciohospitalariesmartorell.org\/entre-tots\/wp-content\/uploads\/2025\/02\/WhatsApp-Image-2025-02-10-at-12.37.01-7-1-768x576.jpeg 768w, https:\/\/fundaciohospitalariesmartorell.org\/entre-tots\/wp-content\/uploads\/2025\/02\/WhatsApp-Image-2025-02-10-at-12.37.01-7-1-1536x1152.jpeg 1536w, https:\/\/fundaciohospitalariesmartorell.org\/entre-tots\/wp-content\/uploads\/2025\/02\/WhatsApp-Image-2025-02-10-at-12.37.01-7-1-1320x990.jpeg 1320w, https:\/\/fundaciohospitalariesmartorell.org\/entre-tots\/wp-content\/uploads\/2025\/02\/WhatsApp-Image-2025-02-10-at-12.37.01-7-1.jpeg 1600w\" sizes=\"auto, (max-width: 1024px) 100vw, 1024px\" \/><\/figure>\n\n\n\n<figure class=\"wp-block-image size-large\"><img loading=\"lazy\" decoding=\"async\" width=\"1024\" height=\"768\" src=\"https:\/\/fundaciohospitalariesmartorell.org\/entre-tots\/wp-content\/uploads\/2025\/02\/WhatsApp-Image-2025-02-10-at-12.37.02-1-1-1024x768.jpeg\" alt=\"\" class=\"wp-image-10878\" srcset=\"https:\/\/fundaciohospitalariesmartorell.org\/entre-tots\/wp-content\/uploads\/2025\/02\/WhatsApp-Image-2025-02-10-at-12.37.02-1-1-1024x768.jpeg 1024w, https:\/\/fundaciohospitalariesmartorell.org\/entre-tots\/wp-content\/uploads\/2025\/02\/WhatsApp-Image-2025-02-10-at-12.37.02-1-1-300x225.jpeg 300w, https:\/\/fundaciohospitalariesmartorell.org\/entre-tots\/wp-content\/uploads\/2025\/02\/WhatsApp-Image-2025-02-10-at-12.37.02-1-1-768x576.jpeg 768w, https:\/\/fundaciohospitalariesmartorell.org\/entre-tots\/wp-content\/uploads\/2025\/02\/WhatsApp-Image-2025-02-10-at-12.37.02-1-1-1536x1152.jpeg 1536w, https:\/\/fundaciohospitalariesmartorell.org\/entre-tots\/wp-content\/uploads\/2025\/02\/WhatsApp-Image-2025-02-10-at-12.37.02-1-1-1320x990.jpeg 1320w, https:\/\/fundaciohospitalariesmartorell.org\/entre-tots\/wp-content\/uploads\/2025\/02\/WhatsApp-Image-2025-02-10-at-12.37.02-1-1.jpeg 1600w\" sizes=\"auto, (max-width: 1024px) 100vw, 1024px\" \/><\/figure>\n","protected":false},"excerpt":{"rendered":"<p>La Fundaci\u00f3 Hospital\u00e0ries Martorell va acollir el passat 7 de febrer la jornada&nbsp;\u201cTransformant la llarga estada psiqui\u00e0trica a Catalunya: dignitat, autonomia i comunitat\u201d, un esdeveniment que va reunir m\u00e9s de 200 persones, entre professionals del sector i representants dels cinc prove\u00efdors implicats en la reconversi\u00f3 de l\u2019hospitalitzaci\u00f3 psiqui\u00e0trica de llarga estada. Aquest projecte, encarregat pel [&hellip;]<\/p>\n","protected":false},"author":5,"featured_media":10874,"comment_status":"closed","ping_status":"closed","sticky":false,"template":"","format":"standard","meta":{"footnotes":""},"categories":[27,58,59],"tags":[],"class_list":["post-10848","post","type-post","status-publish","format-standard","has-post-thumbnail","hentry","category-actualitat","category-collaboradors-es","category-proveidors-es"],"blocksy_meta":[],"featured_image_urls_v2":{"full":["https:\/\/fundaciohospitalariesmartorell.org\/entre-tots\/wp-content\/uploads\/2025\/02\/WhatsApp-Image-2025-02-07-at-13.12.03.jpeg",1600,1200,false],"thumbnail":["https:\/\/fundaciohospitalariesmartorell.org\/entre-tots\/wp-content\/uploads\/2025\/02\/WhatsApp-Image-2025-02-07-at-13.12.03-150x150.jpeg",150,150,true],"medium":["https:\/\/fundaciohospitalariesmartorell.org\/entre-tots\/wp-content\/uploads\/2025\/02\/WhatsApp-Image-2025-02-07-at-13.12.03-300x225.jpeg",300,225,true],"medium_large":["https:\/\/fundaciohospitalariesmartorell.org\/entre-tots\/wp-content\/uploads\/2025\/02\/WhatsApp-Image-2025-02-07-at-13.12.03-768x576.jpeg",768,576,true],"large":["https:\/\/fundaciohospitalariesmartorell.org\/entre-tots\/wp-content\/uploads\/2025\/02\/WhatsApp-Image-2025-02-07-at-13.12.03-1024x768.jpeg",1024,768,true],"1536x1536":["https:\/\/fundaciohospitalariesmartorell.org\/entre-tots\/wp-content\/uploads\/2025\/02\/WhatsApp-Image-2025-02-07-at-13.12.03-1536x1152.jpeg",1536,1152,true],"2048x2048":["https:\/\/fundaciohospitalariesmartorell.org\/entre-tots\/wp-content\/uploads\/2025\/02\/WhatsApp-Image-2025-02-07-at-13.12.03.jpeg",1600,1200,false],"mailpoet_newsletter_max":["https:\/\/fundaciohospitalariesmartorell.org\/entre-tots\/wp-content\/uploads\/2025\/02\/WhatsApp-Image-2025-02-07-at-13.12.03-1320x990.jpeg",1320,990,true]},"post_excerpt_stackable_v2":"<p>La Fundaci\u00f3 Hospital\u00e0ries Martorell va acollir el passat 7 de febrer la jornada&nbsp;\u201cTransformant la llarga estada psiqui\u00e0trica a Catalunya: dignitat, autonomia i comunitat\u201d, un esdeveniment que va reunir m\u00e9s de 200 persones, entre professionals del sector i representants dels cinc prove\u00efdors implicats en la reconversi\u00f3 de l\u2019hospitalitzaci\u00f3 psiqui\u00e0trica de llarga estada. Aquest projecte, encarregat pel Departament de Salut, t\u00e9 com a objectiu implementar un model de salut mental que prioritza la recuperaci\u00f3 i la inclusi\u00f3 comunit\u00e0ria de les persones amb trastorns de salut mental d&#8217;alta complexitat, promovent la seva autonomia i el desenvolupament d&#8217;un projecte de vida digne en el&hellip;<\/p>\n","category_list_v2":"<a href=\"https:\/\/fundaciohospitalariesmartorell.org\/entre-tots\/category\/actualitat\/\" rel=\"category tag\">ACTUALITAT<\/a>, <a href=\"https:\/\/fundaciohospitalariesmartorell.org\/entre-tots\/category\/actualitat\/col%c2%b7laboradors-es\/\" rel=\"category tag\">COL\u00b7LABORADORS\/ES<\/a>, <a href=\"https:\/\/fundaciohospitalariesmartorell.org\/entre-tots\/category\/actualitat\/proveidors-es\/\" rel=\"category tag\">PROVE\u00cfDORS\/ES<\/a>","author_info_v2":{"name":"Alba Felip","url":"https:\/\/fundaciohospitalariesmartorell.org\/entre-tots\/author\/afelipr\/"},"comments_num_v2":"0 comments","_links":{"self":[{"href":"https:\/\/fundaciohospitalariesmartorell.org\/entre-tots\/wp-json\/wp\/v2\/posts\/10848","targetHints":{"allow":["GET"]}}],"collection":[{"href":"https:\/\/fundaciohospitalariesmartorell.org\/entre-tots\/wp-json\/wp\/v2\/posts"}],"about":[{"href":"https:\/\/fundaciohospitalariesmartorell.org\/entre-tots\/wp-json\/wp\/v2\/types\/post"}],"author":[{"embeddable":true,"href":"https:\/\/fundaciohospitalariesmartorell.org\/entre-tots\/wp-json\/wp\/v2\/users\/5"}],"replies":[{"embeddable":true,"href":"https:\/\/fundaciohospitalariesmartorell.org\/entre-tots\/wp-json\/wp\/v2\/comments?post=10848"}],"version-history":[{"count":5,"href":"https:\/\/fundaciohospitalariesmartorell.org\/entre-tots\/wp-json\/wp\/v2\/posts\/10848\/revisions"}],"predecessor-version":[{"id":10902,"href":"https:\/\/fundaciohospitalariesmartorell.org\/entre-tots\/wp-json\/wp\/v2\/posts\/10848\/revisions\/10902"}],"wp:featuredmedia":[{"embeddable":true,"href":"https:\/\/fundaciohospitalariesmartorell.org\/entre-tots\/wp-json\/wp\/v2\/media\/10874"}],"wp:attachment":[{"href":"https:\/\/fundaciohospitalariesmartorell.org\/entre-tots\/wp-json\/wp\/v2\/media?parent=10848"}],"wp:term":[{"taxonomy":"category","embeddable":true,"href":"https:\/\/fundaciohospitalariesmartorell.org\/entre-tots\/wp-json\/wp\/v2\/categories?post=10848"},{"taxonomy":"post_tag","embeddable":true,"href":"https:\/\/fundaciohospitalariesmartorell.org\/entre-tots\/wp-json\/wp\/v2\/tags?post=10848"}],"curies":[{"name":"wp","href":"https:\/\/api.w.org\/{rel}","templated":true}]}}