{"id":10906,"date":"2025-02-18T11:01:49","date_gmt":"2025-02-18T10:01:49","guid":{"rendered":"https:\/\/fundaciohospitalariesmartorell.org\/entre-tots\/?p=10906"},"modified":"2025-02-18T11:01:51","modified_gmt":"2025-02-18T10:01:51","slug":"la-fundacio-hospitalaries-martorell-aconsegueix-reduir-el-50-els-llits-de-llarga-estada-psiquiatrica","status":"publish","type":"post","link":"https:\/\/fundaciohospitalariesmartorell.org\/entre-tots\/2025\/02\/la-fundacio-hospitalaries-martorell-aconsegueix-reduir-el-50-els-llits-de-llarga-estada-psiquiatrica\/","title":{"rendered":"La Fundaci\u00f3 Hospital\u00e0ries Martorell aconsegueix reduir el 50% els llits de llarga estada psiqui\u00e0trica"},"content":{"rendered":"\n<figure class=\"wp-block-image size-full\"><img loading=\"lazy\" decoding=\"async\" width=\"954\" height=\"646\" src=\"https:\/\/fundaciohospitalariesmartorell.org\/entre-tots\/wp-content\/uploads\/2025\/02\/image-2.png\" alt=\"\" class=\"wp-image-10907\" srcset=\"https:\/\/fundaciohospitalariesmartorell.org\/entre-tots\/wp-content\/uploads\/2025\/02\/image-2.png 954w, https:\/\/fundaciohospitalariesmartorell.org\/entre-tots\/wp-content\/uploads\/2025\/02\/image-2-300x203.png 300w, https:\/\/fundaciohospitalariesmartorell.org\/entre-tots\/wp-content\/uploads\/2025\/02\/image-2-768x520.png 768w\" sizes=\"auto, (max-width: 954px) 100vw, 954px\" \/><\/figure>\n\n\n\n<p>La Fundaci\u00f3 Hospital\u00e0ries Martorell ha aconseguit reduir el 50% dels llits destinats a la llarga estada psiqui\u00e0trica, passant de 175 a 90 en els darrers cinc anys. Aquest proc\u00e9s s\u2019ha dut a terme de manera progressiva i planificada, garantint una transici\u00f3 ordenada i de qualitat per a les persones ateses. Com a part d\u2019aquesta transformaci\u00f3, capdavantera al nostre pa\u00eds, s\u2019han tancat dues unitats de l\u2019\u00e0rea psicosocial amb pacients de llarga estada i s\u2019han donat d\u2019alta 374 persones.<\/p>\n\n\n\n<p>Aquesta mesura s\u2019emmarca en l\u2019estrat\u00e8gia del Departament de Salut de reconvertir i transformar l\u2019hospitalitzaci\u00f3 psiqui\u00e0trica de llarga estada a Catalunya, amb el desplegament d\u2019un abordatge m\u00e9s comunitari. L\u2019objectiu \u00e9s facilitar la recuperaci\u00f3 de les persones amb trastorns de salut mental d\u2019alta complexitat, oferint-los els suports necessaris perqu\u00e8 puguin desenvolupar el seu projecte de vida en el seu entorn natural amb plena autonomia, evitant aix\u00ed la institucionalitzaci\u00f3 prolongada.<\/p>\n\n\n\n<p>El juliol de 2019, en un estudi fet pel Consell Assessor de Salut Mental i Addiccions, es va comptabilitzar que a Catalunya hi havia aproximadament 2.087 persones ingressades en hospitals psiqui\u00e0trics de llarga estada. Segons David Juanes, coordinador de l\u2019\u00c0rea de Rehabilitaci\u00f3 en Salut Mental de la Fundaci\u00f3 Hospital\u00e0ries Martorell, aquesta situaci\u00f3 contrasta amb l\u2019evoluci\u00f3 d\u2019altres comunitats aut\u00f2nomes i pa\u00efsos del nostre entorn: \u201cla majoria han impulsat i consolidat la Reforma Psiqui\u00e0trica, revertint la institucionalitzaci\u00f3 prolongada. Al nostre pa\u00eds, malgrat els aven\u00e7os en les condicions d\u2019hospitalitzaci\u00f3 i els programes de tractament, encara tenim pendent transformar aquesta realitat.\u201d<\/p>\n\n\n\n<p>La Fundaci\u00f3 Hospital\u00e0ries Martorell ha impulsat aquesta transformaci\u00f3 no nom\u00e9s reduint el nombre de llits, sin\u00f3 tamb\u00e9 desenvolupant dues l\u00ednies d\u2019actuaci\u00f3 clau. D\u2019una banda, la prevenci\u00f3 de nous processos d\u2019institucionalitzaci\u00f3, mitjan\u00e7ant el desplegament de la <a href=\"https:\/\/fundaciohospitalariesmartorell.org\/entre-tots\/2024\/07\/la-unitat-funcional-de-recuperacio-i-projecte-de-vida-de-lhospital-sagrat-cor-aconsegueix-lingres-zero-de-llarga-estada-en-salut-mental\/\" data-type=\"post\" data-id=\"9619\">Unitat Funcional de Recuperaci\u00f3 i Projecte de Vida<\/a>. Les UFRPV es basen en el tractament assertiu comunitari, un model d\u2019atenci\u00f3 que prioritza l\u2019assist\u00e8ncia a les persones amb trastorn mental d\u2019alta complexitat en el seu entorn comunitari habitual. Aquest enfocament combina assist\u00e8ncia domicili\u00e0ria amb una alta intensitat i disponibilitat dels professionals, garantint una intervenci\u00f3 coordinada i integral que dona resposta a les diverses necessitats de la persona, incloent-hi aspectes sanitaris, laborals, d\u2019integraci\u00f3 social i de participaci\u00f3 comunit\u00e0ria.<\/p>\n\n\n\n<p>D\u2019altra banda, s\u2019ha transformat el model d\u2019intervenci\u00f3 hospital\u00e0ria, apostant per un model de rehabilitaci\u00f3 intensiva, amb unitats m\u00e9s redu\u00efdes, especialitzades, prioritzant els ingressos voluntaris, els objectius cl\u00ednics definits i un abordatge multidisciplinari.<\/p>\n\n\n\n<p>Amb aquesta iniciativa, la Fundaci\u00f3 Hospital\u00e0ries Martorell reafirma el seu comprom\u00eds amb una atenci\u00f3 psiqui\u00e0trica orientada a la recuperaci\u00f3.<\/p>\n","protected":false},"excerpt":{"rendered":"<p>La Fundaci\u00f3 Hospital\u00e0ries Martorell ha aconseguit reduir el 50% dels llits destinats a la llarga estada psiqui\u00e0trica, passant de 175 a 90 en els darrers cinc anys. Aquest proc\u00e9s s\u2019ha dut a terme de manera progressiva i planificada, garantint una transici\u00f3 ordenada i de qualitat per a les persones ateses. Com a part d\u2019aquesta transformaci\u00f3, [&hellip;]<\/p>\n","protected":false},"author":5,"featured_media":10907,"comment_status":"closed","ping_status":"closed","sticky":false,"template":"","format":"standard","meta":{"footnotes":""},"categories":[56,61],"tags":[],"class_list":["post-10906","post","type-post","status-publish","format-standard","has-post-thumbnail","hentry","category-bon-govern","category-societat"],"blocksy_meta":[],"featured_image_urls_v2":{"full":["https:\/\/fundaciohospitalariesmartorell.org\/entre-tots\/wp-content\/uploads\/2025\/02\/image-2.png",954,646,false],"thumbnail":["https:\/\/fundaciohospitalariesmartorell.org\/entre-tots\/wp-content\/uploads\/2025\/02\/image-2-150x150.png",150,150,true],"medium":["https:\/\/fundaciohospitalariesmartorell.org\/entre-tots\/wp-content\/uploads\/2025\/02\/image-2-300x203.png",300,203,true],"medium_large":["https:\/\/fundaciohospitalariesmartorell.org\/entre-tots\/wp-content\/uploads\/2025\/02\/image-2-768x520.png",768,520,true],"large":["https:\/\/fundaciohospitalariesmartorell.org\/entre-tots\/wp-content\/uploads\/2025\/02\/image-2.png",954,646,false],"1536x1536":["https:\/\/fundaciohospitalariesmartorell.org\/entre-tots\/wp-content\/uploads\/2025\/02\/image-2.png",954,646,false],"2048x2048":["https:\/\/fundaciohospitalariesmartorell.org\/entre-tots\/wp-content\/uploads\/2025\/02\/image-2.png",954,646,false],"mailpoet_newsletter_max":["https:\/\/fundaciohospitalariesmartorell.org\/entre-tots\/wp-content\/uploads\/2025\/02\/image-2.png",954,646,false]},"post_excerpt_stackable_v2":"<p>La Fundaci\u00f3 Hospital\u00e0ries Martorell ha aconseguit reduir el 50% dels llits destinats a la llarga estada psiqui\u00e0trica, passant de 175 a 90 en els darrers cinc anys. Aquest proc\u00e9s s\u2019ha dut a terme de manera progressiva i planificada, garantint una transici\u00f3 ordenada i de qualitat per a les persones ateses. Com a part d\u2019aquesta transformaci\u00f3, capdavantera al nostre pa\u00eds, s\u2019han tancat dues unitats de l\u2019\u00e0rea psicosocial amb pacients de llarga estada i s\u2019han donat d\u2019alta 374 persones. Aquesta mesura s\u2019emmarca en l\u2019estrat\u00e8gia del Departament de Salut de reconvertir i transformar l\u2019hospitalitzaci\u00f3 psiqui\u00e0trica de llarga estada a Catalunya, amb el desplegament&hellip;<\/p>\n","category_list_v2":"<a href=\"https:\/\/fundaciohospitalariesmartorell.org\/entre-tots\/category\/actualitat\/bon-govern\/\" rel=\"category tag\">BON GOVERN<\/a>, <a href=\"https:\/\/fundaciohospitalariesmartorell.org\/entre-tots\/category\/actualitat\/societat\/\" rel=\"category tag\">SOCIETAT<\/a>","author_info_v2":{"name":"Alba Felip","url":"https:\/\/fundaciohospitalariesmartorell.org\/entre-tots\/author\/afelipr\/"},"comments_num_v2":"0 comments","_links":{"self":[{"href":"https:\/\/fundaciohospitalariesmartorell.org\/entre-tots\/wp-json\/wp\/v2\/posts\/10906","targetHints":{"allow":["GET"]}}],"collection":[{"href":"https:\/\/fundaciohospitalariesmartorell.org\/entre-tots\/wp-json\/wp\/v2\/posts"}],"about":[{"href":"https:\/\/fundaciohospitalariesmartorell.org\/entre-tots\/wp-json\/wp\/v2\/types\/post"}],"author":[{"embeddable":true,"href":"https:\/\/fundaciohospitalariesmartorell.org\/entre-tots\/wp-json\/wp\/v2\/users\/5"}],"replies":[{"embeddable":true,"href":"https:\/\/fundaciohospitalariesmartorell.org\/entre-tots\/wp-json\/wp\/v2\/comments?post=10906"}],"version-history":[{"count":1,"href":"https:\/\/fundaciohospitalariesmartorell.org\/entre-tots\/wp-json\/wp\/v2\/posts\/10906\/revisions"}],"predecessor-version":[{"id":10908,"href":"https:\/\/fundaciohospitalariesmartorell.org\/entre-tots\/wp-json\/wp\/v2\/posts\/10906\/revisions\/10908"}],"wp:featuredmedia":[{"embeddable":true,"href":"https:\/\/fundaciohospitalariesmartorell.org\/entre-tots\/wp-json\/wp\/v2\/media\/10907"}],"wp:attachment":[{"href":"https:\/\/fundaciohospitalariesmartorell.org\/entre-tots\/wp-json\/wp\/v2\/media?parent=10906"}],"wp:term":[{"taxonomy":"category","embeddable":true,"href":"https:\/\/fundaciohospitalariesmartorell.org\/entre-tots\/wp-json\/wp\/v2\/categories?post=10906"},{"taxonomy":"post_tag","embeddable":true,"href":"https:\/\/fundaciohospitalariesmartorell.org\/entre-tots\/wp-json\/wp\/v2\/tags?post=10906"}],"curies":[{"name":"wp","href":"https:\/\/api.w.org\/{rel}","templated":true}]}}