{"id":10910,"date":"2025-02-18T11:20:42","date_gmt":"2025-02-18T10:20:42","guid":{"rendered":"https:\/\/fundaciohospitalariesmartorell.org\/entre-tots\/?p=10910"},"modified":"2025-02-18T11:22:26","modified_gmt":"2025-02-18T10:22:26","slug":"la-importancia-de-la-infermeria-en-lambit-de-la-salut-mental-obre-la-nova-edicio-de-la-revista-informaciones-psiquiatricas","status":"publish","type":"post","link":"https:\/\/fundaciohospitalariesmartorell.org\/entre-tots\/2025\/02\/la-importancia-de-la-infermeria-en-lambit-de-la-salut-mental-obre-la-nova-edicio-de-la-revista-informaciones-psiquiatricas\/","title":{"rendered":"La import\u00e0ncia de la infermeria en l&#8217;\u00e0mbit de la salut mental obre la nova edici\u00f3 de la revista Informaciones Psiqui\u00e1tricas"},"content":{"rendered":"\n<figure class=\"wp-block-image size-large\"><img loading=\"lazy\" decoding=\"async\" width=\"1024\" height=\"576\" src=\"https:\/\/fundaciohospitalariesmartorell.org\/entre-tots\/wp-content\/uploads\/2025\/02\/revista-informaciones-psiquiatricas-1-1024x576.png\" alt=\"\" class=\"wp-image-10911\" srcset=\"https:\/\/fundaciohospitalariesmartorell.org\/entre-tots\/wp-content\/uploads\/2025\/02\/revista-informaciones-psiquiatricas-1-1024x576.png 1024w, https:\/\/fundaciohospitalariesmartorell.org\/entre-tots\/wp-content\/uploads\/2025\/02\/revista-informaciones-psiquiatricas-1-300x169.png 300w, https:\/\/fundaciohospitalariesmartorell.org\/entre-tots\/wp-content\/uploads\/2025\/02\/revista-informaciones-psiquiatricas-1-768x432.png 768w, https:\/\/fundaciohospitalariesmartorell.org\/entre-tots\/wp-content\/uploads\/2025\/02\/revista-informaciones-psiquiatricas-1-1536x864.png 1536w, https:\/\/fundaciohospitalariesmartorell.org\/entre-tots\/wp-content\/uploads\/2025\/02\/revista-informaciones-psiquiatricas-1-1320x743.png 1320w, https:\/\/fundaciohospitalariesmartorell.org\/entre-tots\/wp-content\/uploads\/2025\/02\/revista-informaciones-psiquiatricas-1.png 1920w\" sizes=\"auto, (max-width: 1024px) 100vw, 1024px\" \/><\/figure>\n\n\n\n<p>Ja est\u00e0 disponible la nova edici\u00f3 de la revista<a href=\"https:\/\/www.informacionespsiquiatricas.com\/\"> <em>Informaciones Psiqui\u00e1tricas<\/em>,<\/a> amb els \u00faltims aven\u00e7os en salut mental i atenci\u00f3 interm\u00e8dia. En aquesta ocasi\u00f3, la revista obre amb l\u2019article &#8220;La import\u00e0ncia del treball de la infermeria en salut mental. A prop\u00f2sit d\u2019un cas&#8221;. Signat per l\u2019equip d\u2019infermeria del<strong> Centre Sociosanitari de Pal\u00e8ncia<\/strong>, l&#8217;article analitza com un pla de cures d\u2019infermeria personalitzat va millorar l\u2019autonomia i qualitat de vida d\u2019un pacient amb esquizofr\u00e8nia i comportaments repetitius.<\/p>\n\n\n\n<p>L\u2019article &#8220;Experi\u00e8ncia d\u2019un grup psicoeducatiu en trastorn bipolar&#8221;, signat per dues professionals de la<strong> Fundaci\u00f3 Hospital\u00e0ries Barcelona Nord<\/strong>, se centra en un programa psicoeducatiu grupal dissenyat per mantenir l\u2019estabilitat cl\u00ednica de 9 pacients amb trastorn bipolar. L\u2019estudi demostra l\u2019efic\u00e0cia del programa, aix\u00ed com l\u2019alt grau de satisfacci\u00f3 dels participants amb la intervenci\u00f3 realitzada.<\/p>\n\n\n\n<p>A l\u2019article titulat &#8220;Programa Familiar Transdisciplinari en Discapacitat Intel\u00b7lectual: estudi pilot basat en la simptomatologia de la persona cuidadora&#8221;, tres professionals del Centre d\u2019Atenci\u00f3 Di\u00fcrna de la <strong>Fundaci\u00f3 Hospital\u00e0ries Tenerife <\/strong>aborden aquesta problem\u00e0tica amb l\u2019objectiu d\u2019investigar la relaci\u00f3 entre les variables cl\u00edniques vinculades a la seva salut f\u00edsica i mental, aix\u00ed com l&#8217;efecte d\u2019un programa pilot d\u2019intervenci\u00f3 interdisciplin\u00e0ria sobre aquestes.<\/p>\n\n\n\n<p>Pots descarregar la revista gratu\u00eftament a la web de <a href=\"https:\/\/www.informacionespsiquiatricas.com\/\">Informaciones Psiqui\u00e1tricas.<\/a><\/p>\n\n\n\n<p><\/p>\n","protected":false},"excerpt":{"rendered":"<p>Ja est\u00e0 disponible la nova edici\u00f3 de la revista Informaciones Psiqui\u00e1tricas, amb els \u00faltims aven\u00e7os en salut mental i atenci\u00f3 interm\u00e8dia. En aquesta ocasi\u00f3, la revista obre amb l\u2019article &#8220;La import\u00e0ncia del treball de la infermeria en salut mental. A prop\u00f2sit d\u2019un cas&#8221;. Signat per l\u2019equip d\u2019infermeria del Centre Sociosanitari de Pal\u00e8ncia, l&#8217;article analitza com [&hellip;]<\/p>\n","protected":false},"author":5,"featured_media":10911,"comment_status":"closed","ping_status":"closed","sticky":false,"template":"","format":"standard","meta":{"footnotes":""},"categories":[27],"tags":[],"class_list":["post-10910","post","type-post","status-publish","format-standard","has-post-thumbnail","hentry","category-actualitat"],"blocksy_meta":[],"featured_image_urls_v2":{"full":["https:\/\/fundaciohospitalariesmartorell.org\/entre-tots\/wp-content\/uploads\/2025\/02\/revista-informaciones-psiquiatricas-1.png",1920,1080,false],"thumbnail":["https:\/\/fundaciohospitalariesmartorell.org\/entre-tots\/wp-content\/uploads\/2025\/02\/revista-informaciones-psiquiatricas-1-150x150.png",150,150,true],"medium":["https:\/\/fundaciohospitalariesmartorell.org\/entre-tots\/wp-content\/uploads\/2025\/02\/revista-informaciones-psiquiatricas-1-300x169.png",300,169,true],"medium_large":["https:\/\/fundaciohospitalariesmartorell.org\/entre-tots\/wp-content\/uploads\/2025\/02\/revista-informaciones-psiquiatricas-1-768x432.png",768,432,true],"large":["https:\/\/fundaciohospitalariesmartorell.org\/entre-tots\/wp-content\/uploads\/2025\/02\/revista-informaciones-psiquiatricas-1-1024x576.png",1024,576,true],"1536x1536":["https:\/\/fundaciohospitalariesmartorell.org\/entre-tots\/wp-content\/uploads\/2025\/02\/revista-informaciones-psiquiatricas-1-1536x864.png",1536,864,true],"2048x2048":["https:\/\/fundaciohospitalariesmartorell.org\/entre-tots\/wp-content\/uploads\/2025\/02\/revista-informaciones-psiquiatricas-1.png",1920,1080,false],"mailpoet_newsletter_max":["https:\/\/fundaciohospitalariesmartorell.org\/entre-tots\/wp-content\/uploads\/2025\/02\/revista-informaciones-psiquiatricas-1-1320x743.png",1320,743,true]},"post_excerpt_stackable_v2":"<p>Ja est\u00e0 disponible la nova edici\u00f3 de la revista Informaciones Psiqui\u00e1tricas, amb els \u00faltims aven\u00e7os en salut mental i atenci\u00f3 interm\u00e8dia. En aquesta ocasi\u00f3, la revista obre amb l\u2019article &#8220;La import\u00e0ncia del treball de la infermeria en salut mental. A prop\u00f2sit d\u2019un cas&#8221;. Signat per l\u2019equip d\u2019infermeria del Centre Sociosanitari de Pal\u00e8ncia, l&#8217;article analitza com un pla de cures d\u2019infermeria personalitzat va millorar l\u2019autonomia i qualitat de vida d\u2019un pacient amb esquizofr\u00e8nia i comportaments repetitius. L\u2019article &#8220;Experi\u00e8ncia d\u2019un grup psicoeducatiu en trastorn bipolar&#8221;, signat per dues professionals de la Fundaci\u00f3 Hospital\u00e0ries Barcelona Nord, se centra en un programa psicoeducatiu grupal&hellip;<\/p>\n","category_list_v2":"<a href=\"https:\/\/fundaciohospitalariesmartorell.org\/entre-tots\/category\/actualitat\/\" rel=\"category tag\">ACTUALITAT<\/a>","author_info_v2":{"name":"Alba Felip","url":"https:\/\/fundaciohospitalariesmartorell.org\/entre-tots\/author\/afelipr\/"},"comments_num_v2":"0 comments","_links":{"self":[{"href":"https:\/\/fundaciohospitalariesmartorell.org\/entre-tots\/wp-json\/wp\/v2\/posts\/10910","targetHints":{"allow":["GET"]}}],"collection":[{"href":"https:\/\/fundaciohospitalariesmartorell.org\/entre-tots\/wp-json\/wp\/v2\/posts"}],"about":[{"href":"https:\/\/fundaciohospitalariesmartorell.org\/entre-tots\/wp-json\/wp\/v2\/types\/post"}],"author":[{"embeddable":true,"href":"https:\/\/fundaciohospitalariesmartorell.org\/entre-tots\/wp-json\/wp\/v2\/users\/5"}],"replies":[{"embeddable":true,"href":"https:\/\/fundaciohospitalariesmartorell.org\/entre-tots\/wp-json\/wp\/v2\/comments?post=10910"}],"version-history":[{"count":1,"href":"https:\/\/fundaciohospitalariesmartorell.org\/entre-tots\/wp-json\/wp\/v2\/posts\/10910\/revisions"}],"predecessor-version":[{"id":10912,"href":"https:\/\/fundaciohospitalariesmartorell.org\/entre-tots\/wp-json\/wp\/v2\/posts\/10910\/revisions\/10912"}],"wp:featuredmedia":[{"embeddable":true,"href":"https:\/\/fundaciohospitalariesmartorell.org\/entre-tots\/wp-json\/wp\/v2\/media\/10911"}],"wp:attachment":[{"href":"https:\/\/fundaciohospitalariesmartorell.org\/entre-tots\/wp-json\/wp\/v2\/media?parent=10910"}],"wp:term":[{"taxonomy":"category","embeddable":true,"href":"https:\/\/fundaciohospitalariesmartorell.org\/entre-tots\/wp-json\/wp\/v2\/categories?post=10910"},{"taxonomy":"post_tag","embeddable":true,"href":"https:\/\/fundaciohospitalariesmartorell.org\/entre-tots\/wp-json\/wp\/v2\/tags?post=10910"}],"curies":[{"name":"wp","href":"https:\/\/api.w.org\/{rel}","templated":true}]}}