{"id":10913,"date":"2025-02-18T12:05:08","date_gmt":"2025-02-18T11:05:08","guid":{"rendered":"https:\/\/fundaciohospitalariesmartorell.org\/entre-tots\/?p=10913"},"modified":"2025-02-18T12:05:09","modified_gmt":"2025-02-18T11:05:09","slug":"3cat-la-fundacio-hospitalaries-martorell-ha-reduit-el-50-de-llits-de-llarga-estada-psiquiatrica-en-cinc-anys","status":"publish","type":"post","link":"https:\/\/fundaciohospitalariesmartorell.org\/entre-tots\/2025\/02\/3cat-la-fundacio-hospitalaries-martorell-ha-reduit-el-50-de-llits-de-llarga-estada-psiquiatrica-en-cinc-anys\/","title":{"rendered":"3Cat: La Fundaci\u00f3 Hospital\u00e0ries Martorell ha redu\u00eft el 50% de llits de llarga estada psiqui\u00e0trica en cinc anys"},"content":{"rendered":"\n<p>El portal de noticies 3cat.cat s&#8217;ha fet ress\u00f3 de la reducci\u00f3 de llits destinats a la llarga estada psiqui\u00e0trica que s&#8217;ha realitzat en els darrers 5 anys a la nostra fundaci\u00f3. Podeu llegir l&#8217;article, aqu\u00ed: <a href=\"https:\/\/www.3cat.cat\/324\/la-fundacio-hospitalaries-martorell-ha-reduit-el-50-de-llits-de-llarga-estada-psiquiatrica-en-cinc-anys\/noticia\/3335253\/\">La Fundaci\u00f3 Hospital\u00e0ries Martorell ha redu\u00eft el 50% de llits de llarga estada psiqui\u00e0trica en cinc anys<\/a><\/p>\n\n\n\n<p><\/p>\n","protected":false},"excerpt":{"rendered":"<p>El portal de noticies 3cat.cat s&#8217;ha fet ress\u00f3 de la reducci\u00f3 de llits destinats a la llarga estada psiqui\u00e0trica que s&#8217;ha realitzat en els darrers 5 anys a la nostra fundaci\u00f3. Podeu llegir l&#8217;article, aqu\u00ed: La Fundaci\u00f3 Hospital\u00e0ries Martorell ha redu\u00eft el 50% de llits de llarga estada psiqui\u00e0trica en cinc anys<\/p>\n","protected":false},"author":5,"featured_media":0,"comment_status":"closed","ping_status":"closed","sticky":false,"template":"","format":"standard","meta":{"footnotes":""},"categories":[44],"tags":[],"class_list":["post-10913","post","type-post","status-publish","format-standard","hentry","category-entre-noticies"],"blocksy_meta":[],"featured_image_urls_v2":{"full":"","thumbnail":"","medium":"","medium_large":"","large":"","1536x1536":"","2048x2048":"","mailpoet_newsletter_max":""},"post_excerpt_stackable_v2":"<p>El portal de noticies 3cat.cat s&#8217;ha fet ress\u00f3 de la reducci\u00f3 de llits destinats a la llarga estada psiqui\u00e0trica que s&#8217;ha realitzat en els darrers 5 anys a la nostra fundaci\u00f3. Podeu llegir l&#8217;article, aqu\u00ed: La Fundaci\u00f3 Hospital\u00e0ries Martorell ha redu\u00eft el 50% de llits de llarga estada psiqui\u00e0trica en cinc anys<\/p>\n","category_list_v2":"<a href=\"https:\/\/fundaciohospitalariesmartorell.org\/entre-tots\/category\/entre-noticies\/\" rel=\"category tag\">ENTRE NOT\u00cdCIES<\/a>","author_info_v2":{"name":"Alba Felip","url":"https:\/\/fundaciohospitalariesmartorell.org\/entre-tots\/author\/afelipr\/"},"comments_num_v2":"0 comments","_links":{"self":[{"href":"https:\/\/fundaciohospitalariesmartorell.org\/entre-tots\/wp-json\/wp\/v2\/posts\/10913","targetHints":{"allow":["GET"]}}],"collection":[{"href":"https:\/\/fundaciohospitalariesmartorell.org\/entre-tots\/wp-json\/wp\/v2\/posts"}],"about":[{"href":"https:\/\/fundaciohospitalariesmartorell.org\/entre-tots\/wp-json\/wp\/v2\/types\/post"}],"author":[{"embeddable":true,"href":"https:\/\/fundaciohospitalariesmartorell.org\/entre-tots\/wp-json\/wp\/v2\/users\/5"}],"replies":[{"embeddable":true,"href":"https:\/\/fundaciohospitalariesmartorell.org\/entre-tots\/wp-json\/wp\/v2\/comments?post=10913"}],"version-history":[{"count":1,"href":"https:\/\/fundaciohospitalariesmartorell.org\/entre-tots\/wp-json\/wp\/v2\/posts\/10913\/revisions"}],"predecessor-version":[{"id":10914,"href":"https:\/\/fundaciohospitalariesmartorell.org\/entre-tots\/wp-json\/wp\/v2\/posts\/10913\/revisions\/10914"}],"wp:attachment":[{"href":"https:\/\/fundaciohospitalariesmartorell.org\/entre-tots\/wp-json\/wp\/v2\/media?parent=10913"}],"wp:term":[{"taxonomy":"category","embeddable":true,"href":"https:\/\/fundaciohospitalariesmartorell.org\/entre-tots\/wp-json\/wp\/v2\/categories?post=10913"},{"taxonomy":"post_tag","embeddable":true,"href":"https:\/\/fundaciohospitalariesmartorell.org\/entre-tots\/wp-json\/wp\/v2\/tags?post=10913"}],"curies":[{"name":"wp","href":"https:\/\/api.w.org\/{rel}","templated":true}]}}