{"id":10915,"date":"2025-02-18T12:32:12","date_gmt":"2025-02-18T11:32:12","guid":{"rendered":"https:\/\/fundaciohospitalariesmartorell.org\/entre-tots\/?p=10915"},"modified":"2025-02-18T12:32:13","modified_gmt":"2025-02-18T11:32:13","slug":"la-nova-linia-social-de-la-fundacio-se-centrara-en-la-reinsercio-laboral-i-la-transformacio-del-model-residencial-per-a-persones-amb-discapacitat","status":"publish","type":"post","link":"https:\/\/fundaciohospitalariesmartorell.org\/entre-tots\/2025\/02\/la-nova-linia-social-de-la-fundacio-se-centrara-en-la-reinsercio-laboral-i-la-transformacio-del-model-residencial-per-a-persones-amb-discapacitat\/","title":{"rendered":"La nova L\u00ednia Social de la Fundaci\u00f3 se centrar\u00e0 en la reinserci\u00f3 laboral i la transformaci\u00f3 del model residencial per a persones amb discapacitat"},"content":{"rendered":"\n<figure class=\"wp-block-image size-large\"><img loading=\"lazy\" decoding=\"async\" width=\"1024\" height=\"576\" src=\"https:\/\/fundaciohospitalariesmartorell.org\/entre-tots\/wp-content\/uploads\/2025\/02\/Conchita-Pena-Entrevista-1024x576.png\" alt=\"\" class=\"wp-image-10916\" srcset=\"https:\/\/fundaciohospitalariesmartorell.org\/entre-tots\/wp-content\/uploads\/2025\/02\/Conchita-Pena-Entrevista-1024x576.png 1024w, https:\/\/fundaciohospitalariesmartorell.org\/entre-tots\/wp-content\/uploads\/2025\/02\/Conchita-Pena-Entrevista-300x169.png 300w, https:\/\/fundaciohospitalariesmartorell.org\/entre-tots\/wp-content\/uploads\/2025\/02\/Conchita-Pena-Entrevista-768x432.png 768w, https:\/\/fundaciohospitalariesmartorell.org\/entre-tots\/wp-content\/uploads\/2025\/02\/Conchita-Pena-Entrevista-1536x864.png 1536w, https:\/\/fundaciohospitalariesmartorell.org\/entre-tots\/wp-content\/uploads\/2025\/02\/Conchita-Pena-Entrevista-1320x743.png 1320w, https:\/\/fundaciohospitalariesmartorell.org\/entre-tots\/wp-content\/uploads\/2025\/02\/Conchita-Pena-Entrevista.png 1920w\" sizes=\"auto, (max-width: 1024px) 100vw, 1024px\" \/><\/figure>\n\n\n\n<p>Conchita Pe\u00f1a \u00e9s la nova Directora de la L\u00ednia Social de la Fundaci\u00f3 Hospital\u00e0ries a Catalunya i des de la seva nova responsabilitat impulsar\u00e0 projectes en els quals conflueixin la intervenci\u00f3 sanit\u00e0ria i social dels nostres cinc centres al territori.<\/p>\n\n\n\n<p><strong>Per qu\u00e8 la Fundaci\u00f3 Hospital\u00e0ries ha apostat per obrir la nova L\u00ednia Social a Catalunya?<\/strong><\/p>\n\n\n\n<p>La creaci\u00f3 d&#8217;aquesta l\u00ednia \u00e9s una aposta estrat\u00e8gica de la instituci\u00f3, que sorgeix de la necessitat d&#8217;enfortir els processos d&#8217;atenci\u00f3 i recuperaci\u00f3 de les persones des d&#8217;una perspectiva de participaci\u00f3 social, desenvolupant nous serveis que fomentin aquesta orientaci\u00f3.<br><br>Tamb\u00e9 respon a la voluntat d&#8217;obrir-se a les noves realitats socials i a les noves formes de pobresa, per tal d&#8217;incorporar-les de manera efectiva en la missi\u00f3 de l&#8217;organitzaci\u00f3. Una l\u00ednia social transversal i espec\u00edfica, emmarcada en una posici\u00f3 estrat\u00e8gica, impulsar\u00e0 l&#8217;activitat assistencial de la Fundaci\u00f3 a Catalunya, on el context actual est\u00e0 m\u00e9s orientat cap a la\u00a0sanitaritzaci\u00f3 i cap al tractament dels factors socials i els processos de recuperaci\u00f3 social. \u00a0<br><br><strong>Quines seran les prioritats d&#8217;aquesta l\u00ednia social? Hi ha algun \u00e0mbit en qu\u00e8\u00a0es vulgui posar un focus especial?<\/strong><\/p>\n\n\n\n<p>En l&#8217;\u00e0mbit de la rehabilitaci\u00f3, hi ha un comprom\u00eds clar de l&#8217;organitzaci\u00f3 per potenciar la reinserci\u00f3 laboral de les persones amb discapacitat intel\u00b7lectual. Des dels valors de la Fundaci\u00f3, \u00e9s essencial treballar per a la seva reinserci\u00f3 social, garantint que el proc\u00e9s assistencial no finalitzi \u00fanicament amb la rehabilitaci\u00f3 cl\u00ednica sin\u00f3 que incorpori la part de la recuperaci\u00f3 social.<\/p>\n\n\n\n<p>Un altre \u00e0mbit de gran rellev\u00e0ncia \u00e9s la transformaci\u00f3 del model residencial per a persones amb discapacitat intel\u00b7lectual (diversitat funcional) \u00a0cap a unitats de conviv\u00e8ncia. L&#8217;objectiu \u00e9s definir una estrat\u00e8gia que permeti\u00a0repetir\u00a0el model d&#8217;\u00e8xit del centre de Caldes de Malavella en altres municipis de Catalunya i aconseguir els acords de col\u00b7laboraci\u00f3 necessaris amb l&#8217;administraci\u00f3 en l&#8217;\u00e0mbit social.<br><br><strong>Un dels valors diferencials de la Fundaci\u00f3 \u00e9s la combinaci\u00f3 d&#8217;intervenci\u00f3 sanit\u00e0ria i social. Qu\u00e8 tens previst en aquest sentit per a la l\u00ednia social?<\/strong><\/p>\n\n\n\n<p>Crec que \u00e9s un bon punt de partida per impulsar la L\u00ednia Social, per\u00f2 cal anar un pas m\u00e9s enll\u00e0 i centrar-nos en la innovaci\u00f3 dels processos assistencials des del model d&#8217;atenci\u00f3 integrada social i sanit\u00e0ria que s&#8217;est\u00e0 promovent a Catalunya. Aquest model es basa en la capacitat de les administracions i les organitzacions per posar-se d&#8217;acord i abordar conjuntament situacions en qu\u00e8 la complexitat social i sanit\u00e0ria convergeix.<br><br>Des d&#8217;aquesta perspectiva, l&#8217;atenci\u00f3 integrada social i sanit\u00e0ria \u00e9s una aposta clara per millorar l&#8217;atenci\u00f3 centrada en la persona, especialment en la cura de persones amb problemes de salut mental, on la malaltia impacta directament en el seu entorn i en la seva capacitat de participaci\u00f3 social. Des de la direcci\u00f3 de la L\u00ednia Social, desenvoluparem projectes conjuntament amb la xarxa de serveis socials municipals, els serveis de salut i altres actors dels territoris d&#8217;influ\u00e8ncia dels nostres centres. Aqu\u00ed \u00e9s clau acompanyar els centres en el desenvolupament d&#8217;experi\u00e8ncies territorials d&#8217;atenci\u00f3 integrada social i sanit\u00e0ria on aquests agents del territori han de tenir un paper clau. La\u00a0FH\u00a0Martorell\u00a0t\u00e9\u00a0un territori d&#8217;ampli abast i aqu\u00ed tenim juntes un gran repte per identificar i establir aliances amb els municipis.<\/p>\n\n\n\n<p><strong>Un dels principals reptes de la Fundaci\u00f3 Hospital\u00e0ries \u00e9s la integraci\u00f3 laboral dels nostres usuaris i usu\u00e0ries. Com es treballar\u00e0 des de la nova L\u00ednia Social per facilitar-ne l&#8217;acc\u00e9s a l&#8217;ocupaci\u00f3?<\/strong><\/p>\n\n\n\n<p>Com a organitzaci\u00f3, la Fundaci\u00f3 Hospital\u00e0ries vol desenvolupar un projecte potent en aquest \u00e0mbit. Des de la L\u00ednia Social, contribuirem al seu impuls\u00a0en l&#8217;\u00e0mbit estatal, per\u00f2 sobretot desenvoluparem, amb les quatre unitats de gesti\u00f3, un projecte transversal a Catalunya.<\/p>\n\n\n\n<p>L&#8217;objectiu \u00e9s afavorir la creaci\u00f3 d&#8217;un centre especial de treball i altres dispositius orientats a la inclusi\u00f3 laboral i ocupacional dels nostres usuaris. Al mateix temps, oferirem serveis a altres entitats que tamb\u00e9 atenen aquests col\u00b7lectius per ampliar l&#8217;abast de l&#8217;acci\u00f3.<br><br>Es tracta d&#8217;un projecte ambici\u00f3s i amb projecci\u00f3 de creixement a llarg termini, que s&#8217;alinea perfectament amb els valors de la nostra organitzaci\u00f3.<\/p>\n\n\n\n<p><strong>Darrerament,\u00a0s&#8217;est\u00e0 parlant molt de l&#8217;atenci\u00f3 interm\u00e8dia com a alternativa a l&#8217;hospitalitzaci\u00f3 o com a pont entre diferents nivells d&#8217;atenci\u00f3. Quin paper tindr\u00e0 aquesta atenci\u00f3 en la L\u00ednia Social?<\/strong><br><br>La transformaci\u00f3 de la llarga estada cap a un model de rehabilitaci\u00f3 i projecte de recuperaci\u00f3 de vida no es pot concebre sense incloure els factors de vulnerabilitat social en el proc\u00e9s de reconversi\u00f3 del model.<br><br>Un dels grans reptes \u00e9s trobar alternatives\u00a0residencials\u00a0a la institucionalitzaci\u00f3 per a persones amb patologia mental greu que\u00a0fa anys que estan ingressades\u00a0en les unitats. Per aix\u00f2, des de la direcci\u00f3 de la L\u00ednia Social, impulsarem no nom\u00e9s aquests recursos, sin\u00f3 tamb\u00e9 un proc\u00e9s d&#8217;avaluaci\u00f3 individual dels casos per garantir la protecci\u00f3 dels drets de les persones vulnerables durant aquest proc\u00e9s.<\/p>\n\n\n\n<p>Tanmateix\u00a0la reconversi\u00f3 de l&#8217;atenci\u00f3 interm\u00e8dia cap a la comunit\u00e0ria fa pensar que la l\u00ednia social haur\u00e0 de plantejar-se quins\u00a0s\u00f3n\u00a0els factors de suport socials necessaris a domicili i com incorporar-ho al model.<\/p>\n\n\n\n<p><strong>Arribes a aquesta posici\u00f3 amb una traject\u00f2ria consolidada en l&#8217;\u00e0mbit sociosanitari. Qu\u00e8 et motiva especialment d&#8217;aquest nou repte?<\/strong><\/p>\n\n\n\n<p>Soc treballadora social i sempre he treballat en l&#8217;\u00e0mbit de la salut, per la qual cosa em considero treballadora social sanit\u00e0ria i assistencial. He ocupat diferents rols professionals i posicions en el sistema de salut que m&#8217;han perm\u00e8s con\u00e8ixer-lo a fons en tots els seus nivells d&#8217;atenci\u00f3.<br><br>Em considero una privilegiada per haver tingut l&#8217;oportunitat d&#8217;influir en la import\u00e0ncia d&#8217;incorporar la intervenci\u00f3 social en els processos de salut, aix\u00ed com en la rellev\u00e0ncia dels determinants socials en els processos de reflexi\u00f3 bio\u00e8tica, drets de la ciutadania i qualitat i seguretat del pacient.<br><br>Tanmateix, tot aquest coneixement requereix ser aplicat no nom\u00e9s\u00a0operativament, sin\u00f3 tamb\u00e9 en la planificaci\u00f3 i estrat\u00e8gia dins d&#8217;un marc de desenvolupament ampli, i aix\u00f2 \u00e9s precisament el que m&#8217;ofereix la Fundaci\u00f3 Hospital\u00e0ries.<br><br>A m\u00e9s, l&#8217;\u00e0mbit d&#8217;aplicaci\u00f3 del projecte, la salut mental i la discapacitat intel\u00b7lectual, representa per a mi un repte professional amb noves oportunitats d&#8217;aprenentatge i la possibilitat de\u00a0continuar\u00a0contribuint, des de la meva experi\u00e8ncia, a una atenci\u00f3 integral.<br><br>Finalment, l&#8217;objectiu principal de la instituci\u00f3 i el sentit de la seva tasca convergeixen amb els valors \u00e8tics del treball social, fet que dona encara m\u00e9s sentit a aquest nou projecte per a mi.<\/p>\n","protected":false},"excerpt":{"rendered":"<p>Conchita Pe\u00f1a \u00e9s la nova Directora de la L\u00ednia Social de la Fundaci\u00f3 Hospital\u00e0ries a Catalunya i des de la seva nova responsabilitat impulsar\u00e0 projectes en els quals conflueixin la intervenci\u00f3 sanit\u00e0ria i social dels nostres cinc centres al territori. Per qu\u00e8 la Fundaci\u00f3 Hospital\u00e0ries ha apostat per obrir la nova L\u00ednia Social a Catalunya? [&hellip;]<\/p>\n","protected":false},"author":5,"featured_media":10916,"comment_status":"closed","ping_status":"closed","sticky":false,"template":"","format":"standard","meta":{"footnotes":""},"categories":[27,56],"tags":[],"class_list":["post-10915","post","type-post","status-publish","format-standard","has-post-thumbnail","hentry","category-actualitat","category-bon-govern"],"blocksy_meta":[],"featured_image_urls_v2":{"full":["https:\/\/fundaciohospitalariesmartorell.org\/entre-tots\/wp-content\/uploads\/2025\/02\/Conchita-Pena-Entrevista.png",1920,1080,false],"thumbnail":["https:\/\/fundaciohospitalariesmartorell.org\/entre-tots\/wp-content\/uploads\/2025\/02\/Conchita-Pena-Entrevista-150x150.png",150,150,true],"medium":["https:\/\/fundaciohospitalariesmartorell.org\/entre-tots\/wp-content\/uploads\/2025\/02\/Conchita-Pena-Entrevista-300x169.png",300,169,true],"medium_large":["https:\/\/fundaciohospitalariesmartorell.org\/entre-tots\/wp-content\/uploads\/2025\/02\/Conchita-Pena-Entrevista-768x432.png",768,432,true],"large":["https:\/\/fundaciohospitalariesmartorell.org\/entre-tots\/wp-content\/uploads\/2025\/02\/Conchita-Pena-Entrevista-1024x576.png",1024,576,true],"1536x1536":["https:\/\/fundaciohospitalariesmartorell.org\/entre-tots\/wp-content\/uploads\/2025\/02\/Conchita-Pena-Entrevista-1536x864.png",1536,864,true],"2048x2048":["https:\/\/fundaciohospitalariesmartorell.org\/entre-tots\/wp-content\/uploads\/2025\/02\/Conchita-Pena-Entrevista.png",1920,1080,false],"mailpoet_newsletter_max":["https:\/\/fundaciohospitalariesmartorell.org\/entre-tots\/wp-content\/uploads\/2025\/02\/Conchita-Pena-Entrevista-1320x743.png",1320,743,true]},"post_excerpt_stackable_v2":"<p>Conchita Pe\u00f1a \u00e9s la nova Directora de la L\u00ednia Social de la Fundaci\u00f3 Hospital\u00e0ries a Catalunya i des de la seva nova responsabilitat impulsar\u00e0 projectes en els quals conflueixin la intervenci\u00f3 sanit\u00e0ria i social dels nostres cinc centres al territori. Per qu\u00e8 la Fundaci\u00f3 Hospital\u00e0ries ha apostat per obrir la nova L\u00ednia Social a Catalunya? La creaci\u00f3 d&#8217;aquesta l\u00ednia \u00e9s una aposta estrat\u00e8gica de la instituci\u00f3, que sorgeix de la necessitat d&#8217;enfortir els processos d&#8217;atenci\u00f3 i recuperaci\u00f3 de les persones des d&#8217;una perspectiva de participaci\u00f3 social, desenvolupant nous serveis que fomentin aquesta orientaci\u00f3.Tamb\u00e9 respon a la voluntat d&#8217;obrir-se a les&hellip;<\/p>\n","category_list_v2":"<a href=\"https:\/\/fundaciohospitalariesmartorell.org\/entre-tots\/category\/actualitat\/\" rel=\"category tag\">ACTUALITAT<\/a>, <a href=\"https:\/\/fundaciohospitalariesmartorell.org\/entre-tots\/category\/actualitat\/bon-govern\/\" rel=\"category tag\">BON GOVERN<\/a>","author_info_v2":{"name":"Alba Felip","url":"https:\/\/fundaciohospitalariesmartorell.org\/entre-tots\/author\/afelipr\/"},"comments_num_v2":"0 comments","_links":{"self":[{"href":"https:\/\/fundaciohospitalariesmartorell.org\/entre-tots\/wp-json\/wp\/v2\/posts\/10915","targetHints":{"allow":["GET"]}}],"collection":[{"href":"https:\/\/fundaciohospitalariesmartorell.org\/entre-tots\/wp-json\/wp\/v2\/posts"}],"about":[{"href":"https:\/\/fundaciohospitalariesmartorell.org\/entre-tots\/wp-json\/wp\/v2\/types\/post"}],"author":[{"embeddable":true,"href":"https:\/\/fundaciohospitalariesmartorell.org\/entre-tots\/wp-json\/wp\/v2\/users\/5"}],"replies":[{"embeddable":true,"href":"https:\/\/fundaciohospitalariesmartorell.org\/entre-tots\/wp-json\/wp\/v2\/comments?post=10915"}],"version-history":[{"count":1,"href":"https:\/\/fundaciohospitalariesmartorell.org\/entre-tots\/wp-json\/wp\/v2\/posts\/10915\/revisions"}],"predecessor-version":[{"id":10917,"href":"https:\/\/fundaciohospitalariesmartorell.org\/entre-tots\/wp-json\/wp\/v2\/posts\/10915\/revisions\/10917"}],"wp:featuredmedia":[{"embeddable":true,"href":"https:\/\/fundaciohospitalariesmartorell.org\/entre-tots\/wp-json\/wp\/v2\/media\/10916"}],"wp:attachment":[{"href":"https:\/\/fundaciohospitalariesmartorell.org\/entre-tots\/wp-json\/wp\/v2\/media?parent=10915"}],"wp:term":[{"taxonomy":"category","embeddable":true,"href":"https:\/\/fundaciohospitalariesmartorell.org\/entre-tots\/wp-json\/wp\/v2\/categories?post=10915"},{"taxonomy":"post_tag","embeddable":true,"href":"https:\/\/fundaciohospitalariesmartorell.org\/entre-tots\/wp-json\/wp\/v2\/tags?post=10915"}],"curies":[{"name":"wp","href":"https:\/\/api.w.org\/{rel}","templated":true}]}}