{"id":10919,"date":"2025-02-24T10:33:36","date_gmt":"2025-02-24T09:33:36","guid":{"rendered":"https:\/\/fundaciohospitalariesmartorell.org\/entre-tots\/?p=10919"},"modified":"2025-02-24T11:07:26","modified_gmt":"2025-02-24T10:07:26","slug":"la-nova-unitat-de-psiquiatria-geriatrica-tindra-capacitat-per-a-30-llits-i-oferira-atencio-aguda-i-de-mitjana-llarga-estada","status":"publish","type":"post","link":"https:\/\/fundaciohospitalariesmartorell.org\/entre-tots\/2025\/02\/la-nova-unitat-de-psiquiatria-geriatrica-tindra-capacitat-per-a-30-llits-i-oferira-atencio-aguda-i-de-mitjana-llarga-estada\/","title":{"rendered":"La nova Unitat de Psiquiatria Geri\u00e0trica tindr\u00e0 capacitat per a 30 llits i oferir\u00e0 atenci\u00f3 aguda i de mitjana-llarga estada"},"content":{"rendered":"\n<figure class=\"wp-block-image size-large has-custom-border\"><img loading=\"lazy\" decoding=\"async\" width=\"1600\" height=\"900\" src=\"https:\/\/fundaciohospitalariesmartorell.org\/entre-tots\/wp-content\/uploads\/2025\/02\/image-3-edited.png\" alt=\"\" class=\"wp-image-10924\" style=\"border-style:none;border-width:0px;border-radius:0px\" srcset=\"https:\/\/fundaciohospitalariesmartorell.org\/entre-tots\/wp-content\/uploads\/2025\/02\/image-3-edited.png 1600w, https:\/\/fundaciohospitalariesmartorell.org\/entre-tots\/wp-content\/uploads\/2025\/02\/image-3-edited-300x169.png 300w, https:\/\/fundaciohospitalariesmartorell.org\/entre-tots\/wp-content\/uploads\/2025\/02\/image-3-edited-1024x576.png 1024w, https:\/\/fundaciohospitalariesmartorell.org\/entre-tots\/wp-content\/uploads\/2025\/02\/image-3-edited-768x432.png 768w, https:\/\/fundaciohospitalariesmartorell.org\/entre-tots\/wp-content\/uploads\/2025\/02\/image-3-edited-1536x864.png 1536w, https:\/\/fundaciohospitalariesmartorell.org\/entre-tots\/wp-content\/uploads\/2025\/02\/image-3-edited-1320x743.png 1320w\" sizes=\"auto, (max-width: 1600px) 100vw, 1600px\" \/><\/figure>\n\n\n\n<p>La Fundaci\u00f3 Hospital\u00e0ries Martorell ha estat tradicionalment capdavantera en l\u2019atenci\u00f3 a la poblaci\u00f3 anciana amb problem\u00e0tica psiqui\u00e0trica. Des dels seus inicis, el centre ha garantit un tractament especialitzat en espais diferenciats per a aquests pacients, amb professionals espec\u00edficament formats. Ja l\u2019any 1970 comptava amb un pavell\u00f3 de psicogeriatria, probablement la primera unitat d\u2019aguts psicogeri\u00e0trica del pa\u00eds.<\/p>\n\n\n\n<p>Actualment, FH Martorell disposa d\u2019una Unitat de Psiquiatria Geri\u00e0trica d\u2019Aguts amb 10 llits, ubicada a la cl\u00ednica d\u2019Atenci\u00f3 Interm\u00e8dia 1, i d\u2019un servei d\u2019urg\u00e8ncies amb interconsulta psicogeri\u00e0trica matinal. A m\u00e9s, ofereix diversos recursos d\u2019atenci\u00f3 interm\u00e8dia, com unitats de mitja estada psicogeri\u00e0trica, hospitals de dia i EAIA per a trastorns cognitius, aix\u00ed com serveis de salut mental comunit\u00e0ria, garantint una atenci\u00f3 integral a les persones grans amb trastorns mentals.<\/p>\n\n\n\n<p>L\u2019oferta assistencial es complementa amb una s\u00f2lida activitat docent, destacant el M\u00e0ster en Psicogeriatria, organitzat conjuntament amb la UAB, que enguany celebra la seva 24a edici\u00f3. Recentment, tamb\u00e9 s\u2019ha creat la <a href=\"https:\/\/fundaciohospitalariesmartorell.org\/entre-tots\/2025\/01\/la-uab-i-fundacio-hospitalaries-signen-un-conveni-per-a-la-creacio-de-la-catedra-de-psicogeriatria\/\" data-type=\"post\" data-id=\"10698\">C\u00e0tedra de Recerca en Psicogeriatria<\/a> entre la Fundaci\u00f3 Hospital\u00e0ries a Catalunya i la UAB, un instrument clau per impulsar la investigaci\u00f3 en aquest camp.<\/p>\n\n\n\n<p>Des del Departament de Salut, tant el PDSMiA com el Pla de Transformaci\u00f3 de l\u2019Atenci\u00f3 Interm\u00e8dia tenen com a objectiu millorar l\u2019atenci\u00f3 als pacients amb trastorns mentals a la vellesa a Catalunya, conscients de les necessitats d\u2019aquest col\u00b7lectiu i dels recursos espec\u00edfics encara insuficients.<\/p>\n\n\n\n<p>En el marc de la reconversi\u00f3 de la llarga estada en salut mental, s\u2019ha redu\u00eft un nombre de llits de tipus psicosocial de l\u2019\u00c0rea de Rehabilitaci\u00f3 Hospital\u00e0ria, alliberant una planta a l\u2019edifici 9. Aquest espai, amb una capacitat de 30 llits, acollir\u00e0 pr\u00f2ximament la nova Unitat de Psiquiatria Geri\u00e0trica (UPG), que comptar\u00e0 amb dos programes assistencials: un d\u2019aguts i un altre de mitja-llarga estada.<\/p>\n\n\n\n<p>&#8220;Aquesta nova unitat ens ajudar\u00e0 a posicionar-nos de manera encara m\u00e9s visible com a centre de refer\u00e8ncia en l\u2019atenci\u00f3 psicogeri\u00e0trica al nostre pa\u00eds&#8221;, assegura el Dr. Carles Franquelo, director M\u00e8dic.<\/p>\n","protected":false},"excerpt":{"rendered":"<p>La Fundaci\u00f3 Hospital\u00e0ries Martorell ha estat tradicionalment capdavantera en l\u2019atenci\u00f3 a la poblaci\u00f3 anciana amb problem\u00e0tica psiqui\u00e0trica. Des dels seus inicis, el centre ha garantit un tractament especialitzat en espais diferenciats per a aquests pacients, amb professionals espec\u00edficament formats. Ja l\u2019any 1970 comptava amb un pavell\u00f3 de psicogeriatria, probablement la primera unitat d\u2019aguts psicogeri\u00e0trica del [&hellip;]<\/p>\n","protected":false},"author":5,"featured_media":4166,"comment_status":"closed","ping_status":"closed","sticky":false,"template":"","format":"standard","meta":{"footnotes":""},"categories":[56],"tags":[],"class_list":["post-10919","post","type-post","status-publish","format-standard","has-post-thumbnail","hentry","category-bon-govern"],"blocksy_meta":[],"featured_image_urls_v2":{"full":["https:\/\/fundaciohospitalariesmartorell.org\/entre-tots\/wp-content\/uploads\/2022\/06\/nou-edifici.jpg",650,422,false],"thumbnail":["https:\/\/fundaciohospitalariesmartorell.org\/entre-tots\/wp-content\/uploads\/2022\/06\/nou-edifici-150x150.jpg",150,150,true],"medium":["https:\/\/fundaciohospitalariesmartorell.org\/entre-tots\/wp-content\/uploads\/2022\/06\/nou-edifici-300x195.jpg",300,195,true],"medium_large":["https:\/\/fundaciohospitalariesmartorell.org\/entre-tots\/wp-content\/uploads\/2022\/06\/nou-edifici.jpg",650,422,false],"large":["https:\/\/fundaciohospitalariesmartorell.org\/entre-tots\/wp-content\/uploads\/2022\/06\/nou-edifici.jpg",650,422,false],"1536x1536":["https:\/\/fundaciohospitalariesmartorell.org\/entre-tots\/wp-content\/uploads\/2022\/06\/nou-edifici.jpg",650,422,false],"2048x2048":["https:\/\/fundaciohospitalariesmartorell.org\/entre-tots\/wp-content\/uploads\/2022\/06\/nou-edifici.jpg",650,422,false],"mailpoet_newsletter_max":["https:\/\/fundaciohospitalariesmartorell.org\/entre-tots\/wp-content\/uploads\/2022\/06\/nou-edifici.jpg",650,422,false]},"post_excerpt_stackable_v2":"<p>La Fundaci\u00f3 Hospital\u00e0ries Martorell ha estat tradicionalment capdavantera en l\u2019atenci\u00f3 a la poblaci\u00f3 anciana amb problem\u00e0tica psiqui\u00e0trica. Des dels seus inicis, el centre ha garantit un tractament especialitzat en espais diferenciats per a aquests pacients, amb professionals espec\u00edficament formats. Ja l\u2019any 1970 comptava amb un pavell\u00f3 de psicogeriatria, probablement la primera unitat d\u2019aguts psicogeri\u00e0trica del pa\u00eds. Actualment, FH Martorell disposa d\u2019una Unitat de Psiquiatria Geri\u00e0trica d\u2019Aguts amb 10 llits, ubicada a la cl\u00ednica d\u2019Atenci\u00f3 Interm\u00e8dia 1, i d\u2019un servei d\u2019urg\u00e8ncies amb interconsulta psicogeri\u00e0trica matinal. A m\u00e9s, ofereix diversos recursos d\u2019atenci\u00f3 interm\u00e8dia, com unitats de mitja estada psicogeri\u00e0trica, hospitals de dia&hellip;<\/p>\n","category_list_v2":"<a href=\"https:\/\/fundaciohospitalariesmartorell.org\/entre-tots\/category\/actualitat\/bon-govern\/\" rel=\"category tag\">BON GOVERN<\/a>","author_info_v2":{"name":"Alba Felip","url":"https:\/\/fundaciohospitalariesmartorell.org\/entre-tots\/author\/afelipr\/"},"comments_num_v2":"0 comments","_links":{"self":[{"href":"https:\/\/fundaciohospitalariesmartorell.org\/entre-tots\/wp-json\/wp\/v2\/posts\/10919","targetHints":{"allow":["GET"]}}],"collection":[{"href":"https:\/\/fundaciohospitalariesmartorell.org\/entre-tots\/wp-json\/wp\/v2\/posts"}],"about":[{"href":"https:\/\/fundaciohospitalariesmartorell.org\/entre-tots\/wp-json\/wp\/v2\/types\/post"}],"author":[{"embeddable":true,"href":"https:\/\/fundaciohospitalariesmartorell.org\/entre-tots\/wp-json\/wp\/v2\/users\/5"}],"replies":[{"embeddable":true,"href":"https:\/\/fundaciohospitalariesmartorell.org\/entre-tots\/wp-json\/wp\/v2\/comments?post=10919"}],"version-history":[{"count":3,"href":"https:\/\/fundaciohospitalariesmartorell.org\/entre-tots\/wp-json\/wp\/v2\/posts\/10919\/revisions"}],"predecessor-version":[{"id":10925,"href":"https:\/\/fundaciohospitalariesmartorell.org\/entre-tots\/wp-json\/wp\/v2\/posts\/10919\/revisions\/10925"}],"wp:featuredmedia":[{"embeddable":true,"href":"https:\/\/fundaciohospitalariesmartorell.org\/entre-tots\/wp-json\/wp\/v2\/media\/4166"}],"wp:attachment":[{"href":"https:\/\/fundaciohospitalariesmartorell.org\/entre-tots\/wp-json\/wp\/v2\/media?parent=10919"}],"wp:term":[{"taxonomy":"category","embeddable":true,"href":"https:\/\/fundaciohospitalariesmartorell.org\/entre-tots\/wp-json\/wp\/v2\/categories?post=10919"},{"taxonomy":"post_tag","embeddable":true,"href":"https:\/\/fundaciohospitalariesmartorell.org\/entre-tots\/wp-json\/wp\/v2\/tags?post=10919"}],"curies":[{"name":"wp","href":"https:\/\/api.w.org\/{rel}","templated":true}]}}