{"id":10921,"date":"2025-02-24T11:09:03","date_gmt":"2025-02-24T10:09:03","guid":{"rendered":"https:\/\/fundaciohospitalariesmartorell.org\/entre-tots\/?p=10921"},"modified":"2025-02-27T11:15:42","modified_gmt":"2025-02-27T10:15:42","slug":"el-lideratge-infermer-en-la-transformacio-de-la-salut-mental-un-compromis-ferm-innovador-i-centrat-en-la-persona","status":"publish","type":"post","link":"https:\/\/fundaciohospitalariesmartorell.org\/entre-tots\/2025\/02\/el-lideratge-infermer-en-la-transformacio-de-la-salut-mental-un-compromis-ferm-innovador-i-centrat-en-la-persona\/","title":{"rendered":"El lideratge infermer en la transformaci\u00f3 de la salut mental: un comprom\u00eds ferm, innovador i centrat en la persona"},"content":{"rendered":"\n<figure class=\"wp-block-embed is-type-video is-provider-youtube wp-block-embed-youtube wp-embed-aspect-16-9 wp-has-aspect-ratio\"><div class=\"wp-block-embed__wrapper\">\n<iframe loading=\"lazy\" title=\"El lideratge infermer en la transformaci\u00f3 de la salut mental\" width=\"1290\" height=\"726\" src=\"https:\/\/www.youtube.com\/embed\/0sQU9f7_wyw?feature=oembed\" frameborder=\"0\" allow=\"accelerometer; autoplay; clipboard-write; encrypted-media; gyroscope; picture-in-picture; web-share\" referrerpolicy=\"strict-origin-when-cross-origin\" allowfullscreen><\/iframe>\n<\/div><\/figure>\n\n\n\n<p>El lideratge infermer ha estat fonamental en la transformaci\u00f3 de l&#8217;atenci\u00f3 a la salut mental. Des de la superaci\u00f3 de pr\u00e0ctiques arcaiques, com els ingressos indefinits, fins a l&#8217;adopci\u00f3 de models m\u00e9s respectuosos i centrats en la persona, les infermeres han estat peces clau per impulsar i gestionar aquesta evoluci\u00f3 al nostre hospital. Com a professionals de la primera l\u00ednia d&#8217;atenci\u00f3, han estat impulsores de la introducci\u00f3 de pr\u00e0ctiques innovadores que han marcat un gir copernic\u00e0 en la manera d&#8217;atendre les persones usu\u00e0ries. <\/p>\n\n\n\n<p>&#8220;Des de l&#8217;inici del segle XXI, ens hem impregnat del model de salut mental positiva i el desenvolupament de capacitats. Aix\u00f2 es reflecteix en la lluita contra l&#8217;estigma, el suport a les associacions a favor dels drets en salut mental i el model deliberatiu. Paraules com &#8216;voluntats anticipades&#8217;, &#8216;peer to peer&#8217;, &#8216;quality rights&#8217; o &#8216;safe wards&#8217; ens s\u00f3n cada vegada m\u00e9s familiars. Vivim una renovaci\u00f3 basada en els drets de les persones usu\u00e0ries en salut mental, abandonant els models antics i paternalistes on el bon pacient era aquell que obe\u00efa i callava&#8221;, explica Juanma P\u00e9rez, coordinador d&#8217;infermeria en SM, de la Fundaci\u00f3 Hospital\u00e0ries Martorell.<\/p>\n\n\n\n<p> Com ens podem comprometre a millorar l&#8217;experi\u00e8ncia de la persona durant el seu ingr\u00e9s i adaptar-nos al model actual davant el canvi de paradigma en salut mental? <\/p>\n\n\n\n<div class=\"wp-block-stackable-heading stk-block-heading stk-block-heading--v2 stk-block stk-839fc88\" id=\"creacio-despais-amables-i-saludables\" data-block-id=\"839fc88\"><h2 class=\"stk-block-heading__text\">Creaci\u00f3 d&#8217;espais amables i saludables <\/h2><\/div>\n\n\n\n<p>Les infermeres han estat fonamentals en identificar les necessitats de les persones usu\u00e0ries i en crear espais segurs i acollidors. El canvi en els espais f\u00edsics de les unitats de salut mental, amb entorns m\u00e9s amables, ha estat una mostra de la seva capacitat per escoltar i comprendre les persones usu\u00e0ries. La creaci\u00f3 de sales relaxants, amb elements que fomenten la tranquil\u00b7litat i el benestar, com pufs, llum natural i imatges relaxants, \u00e9s un exemple clar de com el lideratge infermer influeix directament en la millora de l&#8217;experi\u00e8ncia dels pacients.<\/p>\n\n\n\n<p>Al nostre centre, un d&#8217;aquests espais es troba a la unitat de TCA, que disposa d\u2019una zona de mindfulness, i aviat s&#8217;exportar\u00e0 a la resta d&#8217;unitats d&#8217;aguts i patologia dual. &#8220;Canviar parets de rajola freda per murals amb missatges positius i la llum artificial per llum natural a l&#8217;aire lliure s\u00f3n alguns dels nostres objectius per al 2025&#8221;, afirma P\u00e9rez. <\/p>\n\n\n\n<figure class=\"wp-block-image size-large\"><img loading=\"lazy\" decoding=\"async\" width=\"1024\" height=\"600\" src=\"https:\/\/fundaciohospitalariesmartorell.org\/entre-tots\/wp-content\/uploads\/2025\/02\/image-5-1024x600.png\" alt=\"\" class=\"wp-image-10943\" srcset=\"https:\/\/fundaciohospitalariesmartorell.org\/entre-tots\/wp-content\/uploads\/2025\/02\/image-5-1024x600.png 1024w, https:\/\/fundaciohospitalariesmartorell.org\/entre-tots\/wp-content\/uploads\/2025\/02\/image-5-300x176.png 300w, https:\/\/fundaciohospitalariesmartorell.org\/entre-tots\/wp-content\/uploads\/2025\/02\/image-5-768x450.png 768w, https:\/\/fundaciohospitalariesmartorell.org\/entre-tots\/wp-content\/uploads\/2025\/02\/image-5.png 1252w\" sizes=\"auto, (max-width: 1024px) 100vw, 1024px\" \/><\/figure>\n\n\n\n<div class=\"wp-block-stackable-heading stk-block-heading stk-block-heading--v2 stk-block stk-0bb3d02\" id=\"ingressos-saludables\" data-block-id=\"0bb3d02\"><h2 class=\"stk-block-heading__text\">Ingressos saludables <\/h2><\/div>\n\n\n\n<p>El lideratge infermer ha estat essencial per a la creaci\u00f3 de programes que promouen ingressos m\u00e9s saludables, amb un enfocament en el benestar integral de les persones usu\u00e0ries. Aix\u00f2 inclou la incorporaci\u00f3 d&#8217;<a href=\"https:\/\/fundaciohospitalariesmartorell.org\/entre-tots\/2024\/12\/lactivitat-esportiva-sincorpora-a-la-unitat-daguts-i-es-reorganitzen-tots-els-grups-segons-interessos-i-capacitats-de-les-persones-ateses\/\" data-type=\"post\" data-id=\"10593\">activitat f\u00edsica dins les unitats<\/a>, aix\u00ed com la millora dels \u00e0pats i la nutrici\u00f3. Les infermeres han liderat la coordinaci\u00f3 de programes d\u2019activitat f\u00edsica (a trav\u00e9s d\u2019Sport2Live) a les unitats de rehabilitaci\u00f3, aguts i patologia dual, aix\u00ed com la formaci\u00f3 en tabaquisme. Aquest enfocament integral en la salut f\u00edsica i emocional \u00e9s clau per al benestar de les persones usu\u00e0ries i per afavorir la seva recuperaci\u00f3.<\/p>\n\n\n\n<figure class=\"wp-block-image size-large\"><img loading=\"lazy\" decoding=\"async\" width=\"2000\" height=\"1125\" src=\"https:\/\/fundaciohospitalariesmartorell.org\/entre-tots\/wp-content\/uploads\/2025\/02\/24_11_SAGRAT-COR_-ESPORT-AGUTS1-edited.jpg\" alt=\"\" class=\"wp-image-10946\" srcset=\"https:\/\/fundaciohospitalariesmartorell.org\/entre-tots\/wp-content\/uploads\/2025\/02\/24_11_SAGRAT-COR_-ESPORT-AGUTS1-edited.jpg 2000w, https:\/\/fundaciohospitalariesmartorell.org\/entre-tots\/wp-content\/uploads\/2025\/02\/24_11_SAGRAT-COR_-ESPORT-AGUTS1-edited-300x169.jpg 300w, https:\/\/fundaciohospitalariesmartorell.org\/entre-tots\/wp-content\/uploads\/2025\/02\/24_11_SAGRAT-COR_-ESPORT-AGUTS1-edited-1024x576.jpg 1024w, https:\/\/fundaciohospitalariesmartorell.org\/entre-tots\/wp-content\/uploads\/2025\/02\/24_11_SAGRAT-COR_-ESPORT-AGUTS1-edited-768x432.jpg 768w, https:\/\/fundaciohospitalariesmartorell.org\/entre-tots\/wp-content\/uploads\/2025\/02\/24_11_SAGRAT-COR_-ESPORT-AGUTS1-edited-1536x864.jpg 1536w, https:\/\/fundaciohospitalariesmartorell.org\/entre-tots\/wp-content\/uploads\/2025\/02\/24_11_SAGRAT-COR_-ESPORT-AGUTS1-edited-1320x743.jpg 1320w\" sizes=\"auto, (max-width: 2000px) 100vw, 2000px\" \/><\/figure>\n\n\n\n<div class=\"wp-block-stackable-heading stk-block-heading stk-block-heading--v2 stk-block stk-c2570bb\" id=\"millor-oferta-assistencial\" data-block-id=\"c2570bb\"><h2 class=\"stk-block-heading__text\">Millor oferta assistencial<\/h2><\/div>\n\n\n\n<p>Des de l&#8217;estiu del 2024, el refor\u00e7 del personal infermer a les unitats d&#8217;aguts, amb una infermera addicional, ha millorat significativament la qualitat assistencial. Aquest increment ha fet possible la creaci\u00f3 de nous tallers psicoeducatius, l\u00fadics i d&#8217;acollida, i una distribuci\u00f3 m\u00e9s eficient de les infermeres segons el volum de persones usu\u00e0ries, millorant l&#8217;atenci\u00f3 personalitzada. &#8220;Hem incrementat tamb\u00e9 les hores setmanals de la figura del terapeuta ocupacional, cosa que ha perm\u00e8s redissenyar i ampliar l&#8217;oferta existent per millorar l&#8217;experi\u00e8ncia de la persona usu\u00e0ria durant l&#8217;ingr\u00e9s&#8221;, assegura P\u00e9rez. <\/p>\n\n\n\n<figure class=\"wp-block-image size-full\"><img loading=\"lazy\" decoding=\"async\" width=\"984\" height=\"704\" src=\"https:\/\/fundaciohospitalariesmartorell.org\/entre-tots\/wp-content\/uploads\/2025\/02\/image-7.png\" alt=\"\" class=\"wp-image-10947\" srcset=\"https:\/\/fundaciohospitalariesmartorell.org\/entre-tots\/wp-content\/uploads\/2025\/02\/image-7.png 984w, https:\/\/fundaciohospitalariesmartorell.org\/entre-tots\/wp-content\/uploads\/2025\/02\/image-7-300x215.png 300w, https:\/\/fundaciohospitalariesmartorell.org\/entre-tots\/wp-content\/uploads\/2025\/02\/image-7-768x549.png 768w\" sizes=\"auto, (max-width: 984px) 100vw, 984px\" \/><\/figure>\n\n\n\n<div class=\"wp-block-stackable-heading stk-block-heading stk-block-heading--v2 stk-block stk-0b12280\" id=\"fomentant-lautonomia-comunicativa-de-les-persones-usuaries\" data-block-id=\"0b12280\"><h2 class=\"stk-block-heading__text\">Fomentant l&#8217;autonomia comunicativa de les persones usu\u00e0ries <\/h2><\/div>\n\n\n\n<p>Durant la pand\u00e8mia de la COVID-19, i de manera progressiva fins a l&#8217;actualitat, s\u2019ha implantat l&#8217;\u00fas de tel\u00e8fons propis a totes les unitats assistencials de l&#8217;hospital. Avui, aquesta mesura ja \u00e9s una realitat, cosa que permet que les persones ingressades es mantinguin en contacte amb les seves fam\u00edlies i amics, afavorint el seu benestar emocional i millorant el seu temps de lleure durant l&#8217;ingr\u00e9s. <\/p>\n\n\n\n<figure class=\"wp-block-image size-large\"><img loading=\"lazy\" decoding=\"async\" width=\"1024\" height=\"640\" src=\"https:\/\/fundaciohospitalariesmartorell.org\/entre-tots\/wp-content\/uploads\/2025\/02\/image-6-1024x640.png\" alt=\"\" class=\"wp-image-10945\" srcset=\"https:\/\/fundaciohospitalariesmartorell.org\/entre-tots\/wp-content\/uploads\/2025\/02\/image-6-1024x640.png 1024w, https:\/\/fundaciohospitalariesmartorell.org\/entre-tots\/wp-content\/uploads\/2025\/02\/image-6-300x188.png 300w, https:\/\/fundaciohospitalariesmartorell.org\/entre-tots\/wp-content\/uploads\/2025\/02\/image-6-768x480.png 768w, https:\/\/fundaciohospitalariesmartorell.org\/entre-tots\/wp-content\/uploads\/2025\/02\/image-6.png 1228w\" sizes=\"auto, (max-width: 1024px) 100vw, 1024px\" \/><\/figure>\n\n\n\n<div class=\"wp-block-stackable-heading stk-block-heading stk-block-heading--v2 stk-block stk-0254290\" id=\"compromis-cap-a-la-contencio-zero\" data-block-id=\"0254290\"><h2 class=\"stk-block-heading__text\">Comprom\u00eds cap a la contenci\u00f3 zero <\/h2><\/div>\n\n\n\n<p>La contenci\u00f3 zero \u00e9s una de les fites m\u00e9s importants en el canvi de salut mental, i el lideratge infermer ha estat clau en aquesta \u00e0rea. S&#8217;han desplegat diverses iniciatives, com la revisi\u00f3 de protocols de mesures restrictives, formaci\u00f3 en contenci\u00f3 verbal i desescalada per al personal d&#8217;infermeria, i la revisi\u00f3 de les contencions mec\u00e0niques en reunions d&#8217;equip. &#8220;Les dades confirmen que anem pel bon cam\u00ed: les contencions mec\u00e0niques han disminu\u00eft un 45% a les unitats d&#8217;aguts i un 55% a rehabilitaci\u00f3 respecte al 2022. Tot i aquests excel\u00b7lents resultats, continuem treballant per millorar encara m\u00e9s&#8221;, explica P\u00e9rez. <\/p>\n\n\n\n<div class=\"wp-block-stackable-heading stk-block-heading stk-block-heading--v2 stk-block stk-726e89f\" id=\"personalitzacio-de-lingres-i-lautonomia-de-les-persones-usuaries\" data-block-id=\"726e89f\"><h2 class=\"stk-block-heading__text\">Personalitzaci\u00f3 de l&#8217;ingr\u00e9s i l&#8217;autonomia de les persones usu\u00e0ries <\/h2><\/div>\n\n\n\n<p>El lideratge infermer tamb\u00e9 ha estat fonamental per avan\u00e7ar cap a una atenci\u00f3 m\u00e9s personalitzada. Les infermeres han liderat la creaci\u00f3 d&#8217;unitats amb portes obertes, impulsant la idea que les persones usu\u00e0ries tinguin m\u00e9s llibertat de moviment i de decisions durant el seu ingr\u00e9s. &#8220;Volem obrir zones enjardinades de lliure acc\u00e9s per a les persones que no es benefici\u00efn de la unitat de portes obertes i oferir, a aquells que s\u00ed, una proposta l\u00fadica, cultural i psicoeducativa per accedir-hi si ho desitgen&#8221;. <\/p>\n\n\n\n<div class=\"wp-block-stackable-heading stk-block-heading stk-block-heading--v2 stk-block stk-c5b52bb\" id=\"formacio-i-capacitacio-del-personal\" data-block-id=\"c5b52bb\"><h2 class=\"stk-block-heading__text\">Formaci\u00f3 i capacitaci\u00f3 del personal <\/h2><\/div>\n\n\n\n<p>Les infermeres no nom\u00e9s lideren l&#8217;atenci\u00f3 directa a les persones usu\u00e0ries, sin\u00f3 tamb\u00e9 la formaci\u00f3 de l&#8217;equip. Les formacions sobre el model Safewards, la reducci\u00f3 de la contenci\u00f3 i t\u00e8cniques de comunicaci\u00f3 eficients i suport emocional han estat dissenyades i liderades per infermeres. A m\u00e9s, l&#8217;equip de salut mental, incloent-hi les infermeres, ha estat implicat en l&#8217;ensenyament i aplicaci\u00f3 de protocols que milloren l&#8217;atenci\u00f3 i la seguretat dels pacients. <\/p>\n\n\n\n<p>&#8220;Des de l&#8217;enfocament de la millora cont\u00ednua, continuarem treballant per mantenir-nos a l&#8217;avantguarda d&#8217;una atenci\u00f3 integral i de qualitat centrada en la persona. Gr\u00e0cies a la dedicaci\u00f3 i comprom\u00eds diari dels professionals de l&#8217;Hospital Fundaci\u00f3 Hospital\u00e0ries de Martorell, estem conven\u00e7uts que ho aconseguirem&#8221;, conclou P\u00e9rez.<\/p>\n\n\n\n<figure class=\"wp-block-image size-large\"><img loading=\"lazy\" decoding=\"async\" width=\"1260\" height=\"709\" src=\"https:\/\/fundaciohospitalariesmartorell.org\/entre-tots\/wp-content\/uploads\/2025\/02\/image-8-edited.png\" alt=\"\" class=\"wp-image-10949\" srcset=\"https:\/\/fundaciohospitalariesmartorell.org\/entre-tots\/wp-content\/uploads\/2025\/02\/image-8-edited.png 1260w, https:\/\/fundaciohospitalariesmartorell.org\/entre-tots\/wp-content\/uploads\/2025\/02\/image-8-edited-300x169.png 300w, https:\/\/fundaciohospitalariesmartorell.org\/entre-tots\/wp-content\/uploads\/2025\/02\/image-8-edited-1024x576.png 1024w, https:\/\/fundaciohospitalariesmartorell.org\/entre-tots\/wp-content\/uploads\/2025\/02\/image-8-edited-768x432.png 768w\" sizes=\"auto, (max-width: 1260px) 100vw, 1260px\" \/><\/figure>\n","protected":false},"excerpt":{"rendered":"<p>El lideratge infermer ha estat fonamental en la transformaci\u00f3 de l&#8217;atenci\u00f3 a la salut mental. Des de la superaci\u00f3 de pr\u00e0ctiques arcaiques, com els ingressos indefinits, fins a l&#8217;adopci\u00f3 de models m\u00e9s respectuosos i centrats en la persona, les infermeres han estat peces clau per impulsar i gestionar aquesta evoluci\u00f3 al nostre hospital. Com a [&hellip;]<\/p>\n","protected":false},"author":5,"featured_media":10943,"comment_status":"closed","ping_status":"closed","sticky":false,"template":"","format":"standard","meta":{"footnotes":""},"categories":[28],"tags":[],"class_list":["post-10921","post","type-post","status-publish","format-standard","has-post-thumbnail","hentry","category-tot-aixo-es-nostre"],"blocksy_meta":[],"featured_image_urls_v2":{"full":["https:\/\/fundaciohospitalariesmartorell.org\/entre-tots\/wp-content\/uploads\/2025\/02\/image-5.png",1252,733,false],"thumbnail":["https:\/\/fundaciohospitalariesmartorell.org\/entre-tots\/wp-content\/uploads\/2025\/02\/image-5-150x150.png",150,150,true],"medium":["https:\/\/fundaciohospitalariesmartorell.org\/entre-tots\/wp-content\/uploads\/2025\/02\/image-5-300x176.png",300,176,true],"medium_large":["https:\/\/fundaciohospitalariesmartorell.org\/entre-tots\/wp-content\/uploads\/2025\/02\/image-5-768x450.png",768,450,true],"large":["https:\/\/fundaciohospitalariesmartorell.org\/entre-tots\/wp-content\/uploads\/2025\/02\/image-5-1024x600.png",1024,600,true],"1536x1536":["https:\/\/fundaciohospitalariesmartorell.org\/entre-tots\/wp-content\/uploads\/2025\/02\/image-5.png",1252,733,false],"2048x2048":["https:\/\/fundaciohospitalariesmartorell.org\/entre-tots\/wp-content\/uploads\/2025\/02\/image-5.png",1252,733,false],"mailpoet_newsletter_max":["https:\/\/fundaciohospitalariesmartorell.org\/entre-tots\/wp-content\/uploads\/2025\/02\/image-5.png",1252,733,false]},"post_excerpt_stackable_v2":"<p>El lideratge infermer ha estat fonamental en la transformaci\u00f3 de l&#8217;atenci\u00f3 a la salut mental. Des de la superaci\u00f3 de pr\u00e0ctiques arcaiques, com els ingressos indefinits, fins a l&#8217;adopci\u00f3 de models m\u00e9s respectuosos i centrats en la persona, les infermeres han estat peces clau per impulsar i gestionar aquesta evoluci\u00f3 al nostre hospital. Com a professionals de la primera l\u00ednia d&#8217;atenci\u00f3, han estat impulsores de la introducci\u00f3 de pr\u00e0ctiques innovadores que han marcat un gir copernic\u00e0 en la manera d&#8217;atendre les persones usu\u00e0ries. &#8220;Des de l&#8217;inici del segle XXI, ens hem impregnat del model de salut mental positiva i el&hellip;<\/p>\n","category_list_v2":"<a href=\"https:\/\/fundaciohospitalariesmartorell.org\/entre-tots\/category\/tot-aixo-es-nostre\/\" rel=\"category tag\">TOT AIX\u00d2 \u00c9S NOSTRE<\/a>","author_info_v2":{"name":"Alba Felip","url":"https:\/\/fundaciohospitalariesmartorell.org\/entre-tots\/author\/afelipr\/"},"comments_num_v2":"0 comments","_links":{"self":[{"href":"https:\/\/fundaciohospitalariesmartorell.org\/entre-tots\/wp-json\/wp\/v2\/posts\/10921","targetHints":{"allow":["GET"]}}],"collection":[{"href":"https:\/\/fundaciohospitalariesmartorell.org\/entre-tots\/wp-json\/wp\/v2\/posts"}],"about":[{"href":"https:\/\/fundaciohospitalariesmartorell.org\/entre-tots\/wp-json\/wp\/v2\/types\/post"}],"author":[{"embeddable":true,"href":"https:\/\/fundaciohospitalariesmartorell.org\/entre-tots\/wp-json\/wp\/v2\/users\/5"}],"replies":[{"embeddable":true,"href":"https:\/\/fundaciohospitalariesmartorell.org\/entre-tots\/wp-json\/wp\/v2\/comments?post=10921"}],"version-history":[{"count":4,"href":"https:\/\/fundaciohospitalariesmartorell.org\/entre-tots\/wp-json\/wp\/v2\/posts\/10921\/revisions"}],"predecessor-version":[{"id":10952,"href":"https:\/\/fundaciohospitalariesmartorell.org\/entre-tots\/wp-json\/wp\/v2\/posts\/10921\/revisions\/10952"}],"wp:featuredmedia":[{"embeddable":true,"href":"https:\/\/fundaciohospitalariesmartorell.org\/entre-tots\/wp-json\/wp\/v2\/media\/10943"}],"wp:attachment":[{"href":"https:\/\/fundaciohospitalariesmartorell.org\/entre-tots\/wp-json\/wp\/v2\/media?parent=10921"}],"wp:term":[{"taxonomy":"category","embeddable":true,"href":"https:\/\/fundaciohospitalariesmartorell.org\/entre-tots\/wp-json\/wp\/v2\/categories?post=10921"},{"taxonomy":"post_tag","embeddable":true,"href":"https:\/\/fundaciohospitalariesmartorell.org\/entre-tots\/wp-json\/wp\/v2\/tags?post=10921"}],"curies":[{"name":"wp","href":"https:\/\/api.w.org\/{rel}","templated":true}]}}