{"id":10991,"date":"2025-03-03T13:44:34","date_gmt":"2025-03-03T12:44:34","guid":{"rendered":"https:\/\/fundaciohospitalariesmartorell.org\/entre-tots\/?p=10991"},"modified":"2025-03-03T13:44:34","modified_gmt":"2025-03-03T12:44:34","slug":"presentacio-de-la-uir-tca-a-mes-de-200-residents-en-salut-mental","status":"publish","type":"post","link":"https:\/\/fundaciohospitalariesmartorell.org\/entre-tots\/2025\/03\/presentacio-de-la-uir-tca-a-mes-de-200-residents-en-salut-mental\/","title":{"rendered":"Presentaci\u00f3 de la UIR TCA a m\u00e9s de 200 residents en salut mental"},"content":{"rendered":"\n<figure class=\"wp-block-image size-full\"><img loading=\"lazy\" decoding=\"async\" width=\"981\" height=\"575\" src=\"https:\/\/fundaciohospitalariesmartorell.org\/entre-tots\/wp-content\/uploads\/2025\/03\/Captura-de-pantalla-2025-03-03-133646.png\" alt=\"\" class=\"wp-image-10992\" srcset=\"https:\/\/fundaciohospitalariesmartorell.org\/entre-tots\/wp-content\/uploads\/2025\/03\/Captura-de-pantalla-2025-03-03-133646.png 981w, https:\/\/fundaciohospitalariesmartorell.org\/entre-tots\/wp-content\/uploads\/2025\/03\/Captura-de-pantalla-2025-03-03-133646-300x176.png 300w, https:\/\/fundaciohospitalariesmartorell.org\/entre-tots\/wp-content\/uploads\/2025\/03\/Captura-de-pantalla-2025-03-03-133646-768x450.png 768w\" sizes=\"auto, (max-width: 981px) 100vw, 981px\" \/><\/figure>\n\n\n\n<p>M\u00e9s de 200 residents de l&#8217;\u00e0mbit de la Salut Mental van poder con\u00e8ixer el funcionament de la Unitat Integral de Recuperaci\u00f3 dels TCA de la Fundaci\u00f3 Hospital\u00e0ries Martorell i l&#8217;Hospital Universitari de Bellvitge. <\/p>\n\n\n\n<p>De la m\u00e0 de l&#8217;infermer Alberto Garc\u00eda Ruiz es va presentar el nou enfocament en l\u2019abordatge dels trastorns de la conducta aliment\u00e0ria, destacant el paper de la infermeria en la implementaci\u00f3 de pr\u00e0ctiques menys coercitives i en la promoci\u00f3 de l\u2019autonomia i l\u2019autodeterminaci\u00f3 de les persones ateses. <\/p>\n\n\n\n<p>L&#8217;acte va tenir lloc el passat 12 de febrer a l\u2019espai Bital de Gran Via 2 en el marc d&#8217;una sessi\u00f3 docent dins el curs de residents en Salut Mental.<\/p>\n\n\n\n<figure class=\"wp-block-image size-full\"><img loading=\"lazy\" decoding=\"async\" width=\"977\" height=\"668\" src=\"https:\/\/fundaciohospitalariesmartorell.org\/entre-tots\/wp-content\/uploads\/2025\/03\/image.png\" alt=\"\" class=\"wp-image-10993\" srcset=\"https:\/\/fundaciohospitalariesmartorell.org\/entre-tots\/wp-content\/uploads\/2025\/03\/image.png 977w, https:\/\/fundaciohospitalariesmartorell.org\/entre-tots\/wp-content\/uploads\/2025\/03\/image-300x205.png 300w, https:\/\/fundaciohospitalariesmartorell.org\/entre-tots\/wp-content\/uploads\/2025\/03\/image-768x525.png 768w\" sizes=\"auto, (max-width: 977px) 100vw, 977px\" \/><\/figure>\n\n\n\n<p><\/p>\n","protected":false},"excerpt":{"rendered":"<p>M\u00e9s de 200 residents de l&#8217;\u00e0mbit de la Salut Mental van poder con\u00e8ixer el funcionament de la Unitat Integral de Recuperaci\u00f3 dels TCA de la Fundaci\u00f3 Hospital\u00e0ries Martorell i l&#8217;Hospital Universitari de Bellvitge. De la m\u00e0 de l&#8217;infermer Alberto Garc\u00eda Ruiz es va presentar el nou enfocament en l\u2019abordatge dels trastorns de la conducta aliment\u00e0ria, [&hellip;]<\/p>\n","protected":false},"author":5,"featured_media":10992,"comment_status":"closed","ping_status":"","sticky":false,"template":"","format":"standard","meta":{"footnotes":""},"categories":[27,58],"tags":[],"class_list":["post-10991","post","type-post","status-publish","format-standard","has-post-thumbnail","hentry","category-actualitat","category-collaboradors-es"],"blocksy_meta":[],"featured_image_urls_v2":{"full":["https:\/\/fundaciohospitalariesmartorell.org\/entre-tots\/wp-content\/uploads\/2025\/03\/Captura-de-pantalla-2025-03-03-133646.png",981,575,false],"thumbnail":["https:\/\/fundaciohospitalariesmartorell.org\/entre-tots\/wp-content\/uploads\/2025\/03\/Captura-de-pantalla-2025-03-03-133646-150x150.png",150,150,true],"medium":["https:\/\/fundaciohospitalariesmartorell.org\/entre-tots\/wp-content\/uploads\/2025\/03\/Captura-de-pantalla-2025-03-03-133646-300x176.png",300,176,true],"medium_large":["https:\/\/fundaciohospitalariesmartorell.org\/entre-tots\/wp-content\/uploads\/2025\/03\/Captura-de-pantalla-2025-03-03-133646-768x450.png",768,450,true],"large":["https:\/\/fundaciohospitalariesmartorell.org\/entre-tots\/wp-content\/uploads\/2025\/03\/Captura-de-pantalla-2025-03-03-133646.png",981,575,false],"1536x1536":["https:\/\/fundaciohospitalariesmartorell.org\/entre-tots\/wp-content\/uploads\/2025\/03\/Captura-de-pantalla-2025-03-03-133646.png",981,575,false],"2048x2048":["https:\/\/fundaciohospitalariesmartorell.org\/entre-tots\/wp-content\/uploads\/2025\/03\/Captura-de-pantalla-2025-03-03-133646.png",981,575,false],"mailpoet_newsletter_max":["https:\/\/fundaciohospitalariesmartorell.org\/entre-tots\/wp-content\/uploads\/2025\/03\/Captura-de-pantalla-2025-03-03-133646.png",981,575,false]},"post_excerpt_stackable_v2":"<p>M\u00e9s de 200 residents de l&#8217;\u00e0mbit de la Salut Mental van poder con\u00e8ixer el funcionament de la Unitat Integral de Recuperaci\u00f3 dels TCA de la Fundaci\u00f3 Hospital\u00e0ries Martorell i l&#8217;Hospital Universitari de Bellvitge. De la m\u00e0 de l&#8217;infermer Alberto Garc\u00eda Ruiz es va presentar el nou enfocament en l\u2019abordatge dels trastorns de la conducta aliment\u00e0ria, destacant el paper de la infermeria en la implementaci\u00f3 de pr\u00e0ctiques menys coercitives i en la promoci\u00f3 de l\u2019autonomia i l\u2019autodeterminaci\u00f3 de les persones ateses. L&#8217;acte va tenir lloc el passat 12 de febrer a l\u2019espai Bital de Gran Via 2 en el marc d&#8217;una&hellip;<\/p>\n","category_list_v2":"<a href=\"https:\/\/fundaciohospitalariesmartorell.org\/entre-tots\/category\/actualitat\/\" rel=\"category tag\">ACTUALITAT<\/a>, <a href=\"https:\/\/fundaciohospitalariesmartorell.org\/entre-tots\/category\/actualitat\/col%c2%b7laboradors-es\/\" rel=\"category tag\">COL\u00b7LABORADORS\/ES<\/a>","author_info_v2":{"name":"Alba Felip","url":"https:\/\/fundaciohospitalariesmartorell.org\/entre-tots\/author\/afelipr\/"},"comments_num_v2":"0 comments","_links":{"self":[{"href":"https:\/\/fundaciohospitalariesmartorell.org\/entre-tots\/wp-json\/wp\/v2\/posts\/10991","targetHints":{"allow":["GET"]}}],"collection":[{"href":"https:\/\/fundaciohospitalariesmartorell.org\/entre-tots\/wp-json\/wp\/v2\/posts"}],"about":[{"href":"https:\/\/fundaciohospitalariesmartorell.org\/entre-tots\/wp-json\/wp\/v2\/types\/post"}],"author":[{"embeddable":true,"href":"https:\/\/fundaciohospitalariesmartorell.org\/entre-tots\/wp-json\/wp\/v2\/users\/5"}],"replies":[{"embeddable":true,"href":"https:\/\/fundaciohospitalariesmartorell.org\/entre-tots\/wp-json\/wp\/v2\/comments?post=10991"}],"version-history":[{"count":1,"href":"https:\/\/fundaciohospitalariesmartorell.org\/entre-tots\/wp-json\/wp\/v2\/posts\/10991\/revisions"}],"predecessor-version":[{"id":10994,"href":"https:\/\/fundaciohospitalariesmartorell.org\/entre-tots\/wp-json\/wp\/v2\/posts\/10991\/revisions\/10994"}],"wp:featuredmedia":[{"embeddable":true,"href":"https:\/\/fundaciohospitalariesmartorell.org\/entre-tots\/wp-json\/wp\/v2\/media\/10992"}],"wp:attachment":[{"href":"https:\/\/fundaciohospitalariesmartorell.org\/entre-tots\/wp-json\/wp\/v2\/media?parent=10991"}],"wp:term":[{"taxonomy":"category","embeddable":true,"href":"https:\/\/fundaciohospitalariesmartorell.org\/entre-tots\/wp-json\/wp\/v2\/categories?post=10991"},{"taxonomy":"post_tag","embeddable":true,"href":"https:\/\/fundaciohospitalariesmartorell.org\/entre-tots\/wp-json\/wp\/v2\/tags?post=10991"}],"curies":[{"name":"wp","href":"https:\/\/api.w.org\/{rel}","templated":true}]}}