{"id":10998,"date":"2025-03-05T11:41:19","date_gmt":"2025-03-05T10:41:19","guid":{"rendered":"https:\/\/fundaciohospitalariesmartorell.org\/entre-tots\/?p=10998"},"modified":"2025-03-13T14:30:40","modified_gmt":"2025-03-13T13:30:40","slug":"lluida-celebracio-de-carnestoltes-al-recinte-de-lhospital","status":"publish","type":"post","link":"https:\/\/fundaciohospitalariesmartorell.org\/entre-tots\/2025\/03\/lluida-celebracio-de-carnestoltes-al-recinte-de-lhospital\/","title":{"rendered":"Les persones usu\u00e0ries s&#8217;impliquen en una llu\u00efda celebraci\u00f3 de Carnestoltes"},"content":{"rendered":"\n<figure class=\"wp-block-image size-large\"><img loading=\"lazy\" decoding=\"async\" width=\"1600\" height=\"900\" src=\"https:\/\/fundaciohospitalariesmartorell.org\/entre-tots\/wp-content\/uploads\/2025\/03\/WhatsApp-Image-2025-03-05-at-09.15.18-1-edited.jpeg\" alt=\"\" class=\"wp-image-11000\" srcset=\"https:\/\/fundaciohospitalariesmartorell.org\/entre-tots\/wp-content\/uploads\/2025\/03\/WhatsApp-Image-2025-03-05-at-09.15.18-1-edited.jpeg 1600w, https:\/\/fundaciohospitalariesmartorell.org\/entre-tots\/wp-content\/uploads\/2025\/03\/WhatsApp-Image-2025-03-05-at-09.15.18-1-edited-300x169.jpeg 300w, https:\/\/fundaciohospitalariesmartorell.org\/entre-tots\/wp-content\/uploads\/2025\/03\/WhatsApp-Image-2025-03-05-at-09.15.18-1-edited-1024x576.jpeg 1024w, https:\/\/fundaciohospitalariesmartorell.org\/entre-tots\/wp-content\/uploads\/2025\/03\/WhatsApp-Image-2025-03-05-at-09.15.18-1-edited-768x432.jpeg 768w, https:\/\/fundaciohospitalariesmartorell.org\/entre-tots\/wp-content\/uploads\/2025\/03\/WhatsApp-Image-2025-03-05-at-09.15.18-1-edited-1536x864.jpeg 1536w, https:\/\/fundaciohospitalariesmartorell.org\/entre-tots\/wp-content\/uploads\/2025\/03\/WhatsApp-Image-2025-03-05-at-09.15.18-1-edited-1320x743.jpeg 1320w\" sizes=\"auto, (max-width: 1600px) 100vw, 1600px\" \/><\/figure>\n\n\n\n<p>Unes quaranta persones usu\u00e0ries de diverses unitats d\u2019hospitalitzaci\u00f3 i rehabilitaci\u00f3 en salut mental del nostre centre van participar, el passat divendres 28 de febrer, a la rua de Carnestoltes de la Fundaci\u00f3 Hospital\u00e0ries Martorell. La desfilada va tenir lloc per tot el recinte i va comptar amb una gran acollida per part de les persones assistents.<\/p>\n\n\n\n<p>La festa va fer parada a la cafeteria i, posteriorment, a l\u2019Espai Actiu, on es va fer un pica-pica. La jornada va estar marcada per un ambient festiu i de germanor.<\/p>\n\n\n\n<p>Durant l\u2019acte, es van repartir diversos premis: a la millor comparsa, a l\u2019usuari m\u00e9s participatiu, a la disfressa m\u00e9s original, a la m\u00e9s elaborada i a la unitat m\u00e9s participativa. Sor Maria Pilar Urra va dirigir unes paraules d\u2019agra\u00efment a totes les assistents, destacant la il\u00b7lusi\u00f3 i l\u2019esfor\u00e7 de les persones participants en l&#8217;elaboraci\u00f3 de les seves disfresses.<\/p>\n\n\n\n<figure class=\"wp-block-gallery has-nested-images columns-default is-cropped wp-block-gallery-1 is-layout-flex wp-block-gallery-is-layout-flex\">\n<figure class=\"wp-block-image size-large\"><img loading=\"lazy\" decoding=\"async\" width=\"768\" height=\"1024\" data-id=\"11002\" src=\"https:\/\/fundaciohospitalariesmartorell.org\/entre-tots\/wp-content\/uploads\/2025\/03\/WhatsApp-Image-2025-03-05-at-09.15.18-3-768x1024.jpeg\" alt=\"\" class=\"wp-image-11002\" srcset=\"https:\/\/fundaciohospitalariesmartorell.org\/entre-tots\/wp-content\/uploads\/2025\/03\/WhatsApp-Image-2025-03-05-at-09.15.18-3-768x1024.jpeg 768w, https:\/\/fundaciohospitalariesmartorell.org\/entre-tots\/wp-content\/uploads\/2025\/03\/WhatsApp-Image-2025-03-05-at-09.15.18-3-225x300.jpeg 225w, https:\/\/fundaciohospitalariesmartorell.org\/entre-tots\/wp-content\/uploads\/2025\/03\/WhatsApp-Image-2025-03-05-at-09.15.18-3-1152x1536.jpeg 1152w, https:\/\/fundaciohospitalariesmartorell.org\/entre-tots\/wp-content\/uploads\/2025\/03\/WhatsApp-Image-2025-03-05-at-09.15.18-3.jpeg 1200w\" sizes=\"auto, (max-width: 768px) 100vw, 768px\" \/><\/figure>\n\n\n\n<figure class=\"wp-block-image size-large\"><img loading=\"lazy\" decoding=\"async\" width=\"1024\" height=\"768\" data-id=\"11001\" src=\"https:\/\/fundaciohospitalariesmartorell.org\/entre-tots\/wp-content\/uploads\/2025\/03\/WhatsApp-Image-2025-03-05-at-09.15.18-1024x768.jpeg\" alt=\"\" class=\"wp-image-11001\" srcset=\"https:\/\/fundaciohospitalariesmartorell.org\/entre-tots\/wp-content\/uploads\/2025\/03\/WhatsApp-Image-2025-03-05-at-09.15.18-1024x768.jpeg 1024w, https:\/\/fundaciohospitalariesmartorell.org\/entre-tots\/wp-content\/uploads\/2025\/03\/WhatsApp-Image-2025-03-05-at-09.15.18-300x225.jpeg 300w, https:\/\/fundaciohospitalariesmartorell.org\/entre-tots\/wp-content\/uploads\/2025\/03\/WhatsApp-Image-2025-03-05-at-09.15.18-768x576.jpeg 768w, https:\/\/fundaciohospitalariesmartorell.org\/entre-tots\/wp-content\/uploads\/2025\/03\/WhatsApp-Image-2025-03-05-at-09.15.18-1536x1152.jpeg 1536w, https:\/\/fundaciohospitalariesmartorell.org\/entre-tots\/wp-content\/uploads\/2025\/03\/WhatsApp-Image-2025-03-05-at-09.15.18-1320x990.jpeg 1320w, https:\/\/fundaciohospitalariesmartorell.org\/entre-tots\/wp-content\/uploads\/2025\/03\/WhatsApp-Image-2025-03-05-at-09.15.18.jpeg 1600w\" sizes=\"auto, (max-width: 1024px) 100vw, 1024px\" \/><\/figure>\n\n\n\n<figure class=\"wp-block-image size-large\"><img loading=\"lazy\" decoding=\"async\" width=\"768\" height=\"1024\" data-id=\"11003\" src=\"https:\/\/fundaciohospitalariesmartorell.org\/entre-tots\/wp-content\/uploads\/2025\/03\/WhatsApp-Image-2025-03-05-at-09.15.19-1-768x1024.jpeg\" alt=\"\" class=\"wp-image-11003\" srcset=\"https:\/\/fundaciohospitalariesmartorell.org\/entre-tots\/wp-content\/uploads\/2025\/03\/WhatsApp-Image-2025-03-05-at-09.15.19-1-768x1024.jpeg 768w, https:\/\/fundaciohospitalariesmartorell.org\/entre-tots\/wp-content\/uploads\/2025\/03\/WhatsApp-Image-2025-03-05-at-09.15.19-1-225x300.jpeg 225w, https:\/\/fundaciohospitalariesmartorell.org\/entre-tots\/wp-content\/uploads\/2025\/03\/WhatsApp-Image-2025-03-05-at-09.15.19-1-1152x1536.jpeg 1152w, https:\/\/fundaciohospitalariesmartorell.org\/entre-tots\/wp-content\/uploads\/2025\/03\/WhatsApp-Image-2025-03-05-at-09.15.19-1.jpeg 1200w\" sizes=\"auto, (max-width: 768px) 100vw, 768px\" \/><\/figure>\n\n\n\n<figure class=\"wp-block-image size-large\"><img loading=\"lazy\" decoding=\"async\" width=\"1024\" height=\"768\" data-id=\"11004\" src=\"https:\/\/fundaciohospitalariesmartorell.org\/entre-tots\/wp-content\/uploads\/2025\/03\/WhatsApp-Image-2025-03-05-at-09.15.19-3-1024x768.jpeg\" alt=\"\" class=\"wp-image-11004\" srcset=\"https:\/\/fundaciohospitalariesmartorell.org\/entre-tots\/wp-content\/uploads\/2025\/03\/WhatsApp-Image-2025-03-05-at-09.15.19-3-1024x768.jpeg 1024w, https:\/\/fundaciohospitalariesmartorell.org\/entre-tots\/wp-content\/uploads\/2025\/03\/WhatsApp-Image-2025-03-05-at-09.15.19-3-300x225.jpeg 300w, https:\/\/fundaciohospitalariesmartorell.org\/entre-tots\/wp-content\/uploads\/2025\/03\/WhatsApp-Image-2025-03-05-at-09.15.19-3-768x576.jpeg 768w, https:\/\/fundaciohospitalariesmartorell.org\/entre-tots\/wp-content\/uploads\/2025\/03\/WhatsApp-Image-2025-03-05-at-09.15.19-3-1536x1152.jpeg 1536w, https:\/\/fundaciohospitalariesmartorell.org\/entre-tots\/wp-content\/uploads\/2025\/03\/WhatsApp-Image-2025-03-05-at-09.15.19-3-1320x990.jpeg 1320w, https:\/\/fundaciohospitalariesmartorell.org\/entre-tots\/wp-content\/uploads\/2025\/03\/WhatsApp-Image-2025-03-05-at-09.15.19-3.jpeg 1600w\" sizes=\"auto, (max-width: 1024px) 100vw, 1024px\" \/><\/figure>\n\n\n\n<figure class=\"wp-block-image size-large\"><img loading=\"lazy\" decoding=\"async\" width=\"1024\" height=\"768\" data-id=\"11005\" src=\"https:\/\/fundaciohospitalariesmartorell.org\/entre-tots\/wp-content\/uploads\/2025\/03\/WhatsApp-Image-2025-03-05-at-09.15.53-4-1024x768.jpeg\" alt=\"\" class=\"wp-image-11005\" srcset=\"https:\/\/fundaciohospitalariesmartorell.org\/entre-tots\/wp-content\/uploads\/2025\/03\/WhatsApp-Image-2025-03-05-at-09.15.53-4-1024x768.jpeg 1024w, https:\/\/fundaciohospitalariesmartorell.org\/entre-tots\/wp-content\/uploads\/2025\/03\/WhatsApp-Image-2025-03-05-at-09.15.53-4-300x225.jpeg 300w, https:\/\/fundaciohospitalariesmartorell.org\/entre-tots\/wp-content\/uploads\/2025\/03\/WhatsApp-Image-2025-03-05-at-09.15.53-4-768x576.jpeg 768w, https:\/\/fundaciohospitalariesmartorell.org\/entre-tots\/wp-content\/uploads\/2025\/03\/WhatsApp-Image-2025-03-05-at-09.15.53-4-1536x1152.jpeg 1536w, https:\/\/fundaciohospitalariesmartorell.org\/entre-tots\/wp-content\/uploads\/2025\/03\/WhatsApp-Image-2025-03-05-at-09.15.53-4-1320x990.jpeg 1320w, https:\/\/fundaciohospitalariesmartorell.org\/entre-tots\/wp-content\/uploads\/2025\/03\/WhatsApp-Image-2025-03-05-at-09.15.53-4.jpeg 1600w\" sizes=\"auto, (max-width: 1024px) 100vw, 1024px\" \/><\/figure>\n\n\n\n<figure class=\"wp-block-image size-large\"><img loading=\"lazy\" decoding=\"async\" width=\"1024\" height=\"768\" data-id=\"11006\" src=\"https:\/\/fundaciohospitalariesmartorell.org\/entre-tots\/wp-content\/uploads\/2025\/03\/WhatsApp-Image-2025-03-05-at-09.16.02-1024x768.jpeg\" alt=\"\" class=\"wp-image-11006\" srcset=\"https:\/\/fundaciohospitalariesmartorell.org\/entre-tots\/wp-content\/uploads\/2025\/03\/WhatsApp-Image-2025-03-05-at-09.16.02-1024x768.jpeg 1024w, https:\/\/fundaciohospitalariesmartorell.org\/entre-tots\/wp-content\/uploads\/2025\/03\/WhatsApp-Image-2025-03-05-at-09.16.02-300x225.jpeg 300w, https:\/\/fundaciohospitalariesmartorell.org\/entre-tots\/wp-content\/uploads\/2025\/03\/WhatsApp-Image-2025-03-05-at-09.16.02-768x576.jpeg 768w, https:\/\/fundaciohospitalariesmartorell.org\/entre-tots\/wp-content\/uploads\/2025\/03\/WhatsApp-Image-2025-03-05-at-09.16.02-1536x1153.jpeg 1536w, https:\/\/fundaciohospitalariesmartorell.org\/entre-tots\/wp-content\/uploads\/2025\/03\/WhatsApp-Image-2025-03-05-at-09.16.02-1320x991.jpeg 1320w, https:\/\/fundaciohospitalariesmartorell.org\/entre-tots\/wp-content\/uploads\/2025\/03\/WhatsApp-Image-2025-03-05-at-09.16.02.jpeg 1599w\" sizes=\"auto, (max-width: 1024px) 100vw, 1024px\" \/><\/figure>\n<\/figure>\n\n\n\n<div class=\"wp-block-stackable-heading stk-block-heading stk-block-heading--v2 stk-block stk-474cc5f\" id=\"hospital-de-dia-d-atencio-intermedia-de-sant-feliu-de-llobregat\" data-block-id=\"474cc5f\"><h2 class=\"stk-block-heading__text\">Hospital de Dia d&#8217;Atenci\u00f3 Interm\u00e8dia de Sant Feliu de Llobregat<\/h2><\/div>\n\n\n\n<figure class=\"wp-block-gallery has-nested-images columns-4 is-cropped wp-block-gallery-2 is-layout-flex wp-block-gallery-is-layout-flex\">\n<figure class=\"wp-block-image size-large\"><img loading=\"lazy\" decoding=\"async\" width=\"768\" height=\"1024\" data-id=\"11054\" src=\"https:\/\/fundaciohospitalariesmartorell.org\/entre-tots\/wp-content\/uploads\/2025\/03\/IMG20250227114257-768x1024.jpg\" alt=\"\" class=\"wp-image-11054\" srcset=\"https:\/\/fundaciohospitalariesmartorell.org\/entre-tots\/wp-content\/uploads\/2025\/03\/IMG20250227114257-768x1024.jpg 768w, https:\/\/fundaciohospitalariesmartorell.org\/entre-tots\/wp-content\/uploads\/2025\/03\/IMG20250227114257-225x300.jpg 225w, https:\/\/fundaciohospitalariesmartorell.org\/entre-tots\/wp-content\/uploads\/2025\/03\/IMG20250227114257-1152x1536.jpg 1152w, https:\/\/fundaciohospitalariesmartorell.org\/entre-tots\/wp-content\/uploads\/2025\/03\/IMG20250227114257-1536x2048.jpg 1536w, https:\/\/fundaciohospitalariesmartorell.org\/entre-tots\/wp-content\/uploads\/2025\/03\/IMG20250227114257-1320x1760.jpg 1320w, https:\/\/fundaciohospitalariesmartorell.org\/entre-tots\/wp-content\/uploads\/2025\/03\/IMG20250227114257-scaled.jpg 1920w\" sizes=\"auto, (max-width: 768px) 100vw, 768px\" \/><\/figure>\n\n\n\n<figure class=\"wp-block-image size-large\"><img loading=\"lazy\" decoding=\"async\" width=\"774\" height=\"1024\" data-id=\"11053\" src=\"https:\/\/fundaciohospitalariesmartorell.org\/entre-tots\/wp-content\/uploads\/2025\/03\/IMG_20250227_120821-774x1024.jpg\" alt=\"\" class=\"wp-image-11053\" srcset=\"https:\/\/fundaciohospitalariesmartorell.org\/entre-tots\/wp-content\/uploads\/2025\/03\/IMG_20250227_120821-774x1024.jpg 774w, https:\/\/fundaciohospitalariesmartorell.org\/entre-tots\/wp-content\/uploads\/2025\/03\/IMG_20250227_120821-227x300.jpg 227w, https:\/\/fundaciohospitalariesmartorell.org\/entre-tots\/wp-content\/uploads\/2025\/03\/IMG_20250227_120821-768x1016.jpg 768w, https:\/\/fundaciohospitalariesmartorell.org\/entre-tots\/wp-content\/uploads\/2025\/03\/IMG_20250227_120821-1161x1536.jpg 1161w, https:\/\/fundaciohospitalariesmartorell.org\/entre-tots\/wp-content\/uploads\/2025\/03\/IMG_20250227_120821-1548x2048.jpg 1548w, https:\/\/fundaciohospitalariesmartorell.org\/entre-tots\/wp-content\/uploads\/2025\/03\/IMG_20250227_120821-1320x1746.jpg 1320w, https:\/\/fundaciohospitalariesmartorell.org\/entre-tots\/wp-content\/uploads\/2025\/03\/IMG_20250227_120821-scaled.jpg 1935w\" sizes=\"auto, (max-width: 774px) 100vw, 774px\" \/><\/figure>\n\n\n\n<figure class=\"wp-block-image size-large\"><img loading=\"lazy\" decoding=\"async\" width=\"803\" height=\"1024\" data-id=\"11052\" src=\"https:\/\/fundaciohospitalariesmartorell.org\/entre-tots\/wp-content\/uploads\/2025\/03\/IMG_20250227_120638-803x1024.jpg\" alt=\"\" class=\"wp-image-11052\" srcset=\"https:\/\/fundaciohospitalariesmartorell.org\/entre-tots\/wp-content\/uploads\/2025\/03\/IMG_20250227_120638-803x1024.jpg 803w, https:\/\/fundaciohospitalariesmartorell.org\/entre-tots\/wp-content\/uploads\/2025\/03\/IMG_20250227_120638-235x300.jpg 235w, https:\/\/fundaciohospitalariesmartorell.org\/entre-tots\/wp-content\/uploads\/2025\/03\/IMG_20250227_120638-768x979.jpg 768w, https:\/\/fundaciohospitalariesmartorell.org\/entre-tots\/wp-content\/uploads\/2025\/03\/IMG_20250227_120638-1205x1536.jpg 1205w, https:\/\/fundaciohospitalariesmartorell.org\/entre-tots\/wp-content\/uploads\/2025\/03\/IMG_20250227_120638-1606x2048.jpg 1606w, https:\/\/fundaciohospitalariesmartorell.org\/entre-tots\/wp-content\/uploads\/2025\/03\/IMG_20250227_120638-1320x1683.jpg 1320w, https:\/\/fundaciohospitalariesmartorell.org\/entre-tots\/wp-content\/uploads\/2025\/03\/IMG_20250227_120638-scaled.jpg 2008w\" sizes=\"auto, (max-width: 803px) 100vw, 803px\" \/><\/figure>\n\n\n\n<figure class=\"wp-block-image size-large\"><img loading=\"lazy\" decoding=\"async\" width=\"835\" height=\"1024\" data-id=\"11051\" src=\"https:\/\/fundaciohospitalariesmartorell.org\/entre-tots\/wp-content\/uploads\/2025\/03\/IMG_20250227_115951-835x1024.jpg\" alt=\"\" class=\"wp-image-11051\" srcset=\"https:\/\/fundaciohospitalariesmartorell.org\/entre-tots\/wp-content\/uploads\/2025\/03\/IMG_20250227_115951-835x1024.jpg 835w, https:\/\/fundaciohospitalariesmartorell.org\/entre-tots\/wp-content\/uploads\/2025\/03\/IMG_20250227_115951-244x300.jpg 244w, https:\/\/fundaciohospitalariesmartorell.org\/entre-tots\/wp-content\/uploads\/2025\/03\/IMG_20250227_115951-768x942.jpg 768w, https:\/\/fundaciohospitalariesmartorell.org\/entre-tots\/wp-content\/uploads\/2025\/03\/IMG_20250227_115951-1252x1536.jpg 1252w, https:\/\/fundaciohospitalariesmartorell.org\/entre-tots\/wp-content\/uploads\/2025\/03\/IMG_20250227_115951-1669x2048.jpg 1669w, https:\/\/fundaciohospitalariesmartorell.org\/entre-tots\/wp-content\/uploads\/2025\/03\/IMG_20250227_115951-1320x1620.jpg 1320w\" sizes=\"auto, (max-width: 835px) 100vw, 835px\" \/><\/figure>\n<\/figure>\n\n\n\n<figure class=\"wp-block-image size-large\"><img loading=\"lazy\" decoding=\"async\" width=\"2560\" height=\"1440\" src=\"https:\/\/fundaciohospitalariesmartorell.org\/entre-tots\/wp-content\/uploads\/2025\/03\/IMG20250228155217-edited-scaled.jpg\" alt=\"\" class=\"wp-image-11055\" srcset=\"https:\/\/fundaciohospitalariesmartorell.org\/entre-tots\/wp-content\/uploads\/2025\/03\/IMG20250228155217-edited-scaled.jpg 2560w, https:\/\/fundaciohospitalariesmartorell.org\/entre-tots\/wp-content\/uploads\/2025\/03\/IMG20250228155217-edited-300x169.jpg 300w, https:\/\/fundaciohospitalariesmartorell.org\/entre-tots\/wp-content\/uploads\/2025\/03\/IMG20250228155217-edited-1024x576.jpg 1024w, https:\/\/fundaciohospitalariesmartorell.org\/entre-tots\/wp-content\/uploads\/2025\/03\/IMG20250228155217-edited-768x432.jpg 768w, https:\/\/fundaciohospitalariesmartorell.org\/entre-tots\/wp-content\/uploads\/2025\/03\/IMG20250228155217-edited-1536x864.jpg 1536w, https:\/\/fundaciohospitalariesmartorell.org\/entre-tots\/wp-content\/uploads\/2025\/03\/IMG20250228155217-edited-2048x1152.jpg 2048w, https:\/\/fundaciohospitalariesmartorell.org\/entre-tots\/wp-content\/uploads\/2025\/03\/IMG20250228155217-edited-1320x743.jpg 1320w\" sizes=\"auto, (max-width: 2560px) 100vw, 2560px\" \/><\/figure>\n\n\n\n<p>Un any m\u00e9s, aquesta celebraci\u00f3 ha estat un \u00e8xit, fomentant la inclusi\u00f3 i el benestar de les persones usu\u00e0ries a trav\u00e9s de la creativitat i la diversi\u00f3.<\/p>\n\n\n\n<p><\/p>\n","protected":false},"excerpt":{"rendered":"<p>Unes quaranta persones usu\u00e0ries de diverses unitats d\u2019hospitalitzaci\u00f3 i rehabilitaci\u00f3 en salut mental del nostre centre van participar, el passat divendres 28 de febrer, a la rua de Carnestoltes de la Fundaci\u00f3 Hospital\u00e0ries Martorell. La desfilada va tenir lloc per tot el recinte i va comptar amb una gran acollida per part de les persones [&hellip;]<\/p>\n","protected":false},"author":5,"featured_media":11005,"comment_status":"closed","ping_status":"closed","sticky":false,"template":"","format":"standard","meta":{"footnotes":""},"categories":[27],"tags":[],"class_list":["post-10998","post","type-post","status-publish","format-standard","has-post-thumbnail","hentry","category-actualitat"],"blocksy_meta":[],"featured_image_urls_v2":{"full":["https:\/\/fundaciohospitalariesmartorell.org\/entre-tots\/wp-content\/uploads\/2025\/03\/WhatsApp-Image-2025-03-05-at-09.15.53-4.jpeg",1600,1200,false],"thumbnail":["https:\/\/fundaciohospitalariesmartorell.org\/entre-tots\/wp-content\/uploads\/2025\/03\/WhatsApp-Image-2025-03-05-at-09.15.53-4-150x150.jpeg",150,150,true],"medium":["https:\/\/fundaciohospitalariesmartorell.org\/entre-tots\/wp-content\/uploads\/2025\/03\/WhatsApp-Image-2025-03-05-at-09.15.53-4-300x225.jpeg",300,225,true],"medium_large":["https:\/\/fundaciohospitalariesmartorell.org\/entre-tots\/wp-content\/uploads\/2025\/03\/WhatsApp-Image-2025-03-05-at-09.15.53-4-768x576.jpeg",768,576,true],"large":["https:\/\/fundaciohospitalariesmartorell.org\/entre-tots\/wp-content\/uploads\/2025\/03\/WhatsApp-Image-2025-03-05-at-09.15.53-4-1024x768.jpeg",1024,768,true],"1536x1536":["https:\/\/fundaciohospitalariesmartorell.org\/entre-tots\/wp-content\/uploads\/2025\/03\/WhatsApp-Image-2025-03-05-at-09.15.53-4-1536x1152.jpeg",1536,1152,true],"2048x2048":["https:\/\/fundaciohospitalariesmartorell.org\/entre-tots\/wp-content\/uploads\/2025\/03\/WhatsApp-Image-2025-03-05-at-09.15.53-4.jpeg",1600,1200,false],"mailpoet_newsletter_max":["https:\/\/fundaciohospitalariesmartorell.org\/entre-tots\/wp-content\/uploads\/2025\/03\/WhatsApp-Image-2025-03-05-at-09.15.53-4-1320x990.jpeg",1320,990,true]},"post_excerpt_stackable_v2":"<p>Unes quaranta persones usu\u00e0ries de diverses unitats d\u2019hospitalitzaci\u00f3 i rehabilitaci\u00f3 en salut mental del nostre centre van participar, el passat divendres 28 de febrer, a la rua de Carnestoltes de la Fundaci\u00f3 Hospital\u00e0ries Martorell. La desfilada va tenir lloc per tot el recinte i va comptar amb una gran acollida per part de les persones assistents. La festa va fer parada a la cafeteria i, posteriorment, a l\u2019Espai Actiu, on es va fer un pica-pica. La jornada va estar marcada per un ambient festiu i de germanor. Durant l\u2019acte, es van repartir diversos premis: a la millor comparsa, a l\u2019usuari&hellip;<\/p>\n","category_list_v2":"<a href=\"https:\/\/fundaciohospitalariesmartorell.org\/entre-tots\/category\/actualitat\/\" rel=\"category tag\">ACTUALITAT<\/a>","author_info_v2":{"name":"Alba Felip","url":"https:\/\/fundaciohospitalariesmartorell.org\/entre-tots\/author\/afelipr\/"},"comments_num_v2":"0 comments","_links":{"self":[{"href":"https:\/\/fundaciohospitalariesmartorell.org\/entre-tots\/wp-json\/wp\/v2\/posts\/10998","targetHints":{"allow":["GET"]}}],"collection":[{"href":"https:\/\/fundaciohospitalariesmartorell.org\/entre-tots\/wp-json\/wp\/v2\/posts"}],"about":[{"href":"https:\/\/fundaciohospitalariesmartorell.org\/entre-tots\/wp-json\/wp\/v2\/types\/post"}],"author":[{"embeddable":true,"href":"https:\/\/fundaciohospitalariesmartorell.org\/entre-tots\/wp-json\/wp\/v2\/users\/5"}],"replies":[{"embeddable":true,"href":"https:\/\/fundaciohospitalariesmartorell.org\/entre-tots\/wp-json\/wp\/v2\/comments?post=10998"}],"version-history":[{"count":3,"href":"https:\/\/fundaciohospitalariesmartorell.org\/entre-tots\/wp-json\/wp\/v2\/posts\/10998\/revisions"}],"predecessor-version":[{"id":11056,"href":"https:\/\/fundaciohospitalariesmartorell.org\/entre-tots\/wp-json\/wp\/v2\/posts\/10998\/revisions\/11056"}],"wp:featuredmedia":[{"embeddable":true,"href":"https:\/\/fundaciohospitalariesmartorell.org\/entre-tots\/wp-json\/wp\/v2\/media\/11005"}],"wp:attachment":[{"href":"https:\/\/fundaciohospitalariesmartorell.org\/entre-tots\/wp-json\/wp\/v2\/media?parent=10998"}],"wp:term":[{"taxonomy":"category","embeddable":true,"href":"https:\/\/fundaciohospitalariesmartorell.org\/entre-tots\/wp-json\/wp\/v2\/categories?post=10998"},{"taxonomy":"post_tag","embeddable":true,"href":"https:\/\/fundaciohospitalariesmartorell.org\/entre-tots\/wp-json\/wp\/v2\/tags?post=10998"}],"curies":[{"name":"wp","href":"https:\/\/api.w.org\/{rel}","templated":true}]}}