{"id":11012,"date":"2025-03-20T10:08:08","date_gmt":"2025-03-20T09:08:08","guid":{"rendered":"https:\/\/fundaciohospitalariesmartorell.org\/entre-tots\/?p=11012"},"modified":"2025-03-20T10:08:10","modified_gmt":"2025-03-20T09:08:10","slug":"la-fundacio-hospitalaries-celebra-el-8m-amb-el-lema-hospitalaries-x-la-igualtat","status":"publish","type":"post","link":"https:\/\/fundaciohospitalariesmartorell.org\/entre-tots\/2025\/03\/la-fundacio-hospitalaries-celebra-el-8m-amb-el-lema-hospitalaries-x-la-igualtat\/","title":{"rendered":"La Fundaci\u00f3 Hospital\u00e0ries celebra el 8M amb el lema Hospital\u00e0ries x la igualtat"},"content":{"rendered":"\n<p>Amb motiu del Dia Internacional de la Dona, la Fundaci\u00f3 Hospital\u00e0ries ha organitzat diverses iniciatives que s&#8217;han celebrat al llarg del mes de mar\u00e7 i que s&#8217;han emmarcat en la campanya&nbsp;<strong>&#8220;Hospital\u00e0ries x la Igualtat&#8221;<\/strong>.<\/p>\n\n\n\n<p>La primera va ser una Jornada Online, a c\u00e0rrec d&#8217;Egoitz Zabala i Sor Natividad Carbajo, que van aprofundir en la hist\u00f2ria de les nostres fundadores, M\u00aa Josefa Recio i M\u00aa Angustias. Amb el t\u00edtol&nbsp;<em>\u201cSeguint el seu llegat: l\u2019exemple de dues dones que van transformar vides\u201d<\/em> van acostar-nos el testimoni de dues dones que el 1881 van decidir, amb gran valentia, dedicar la seva vida a atendre dones amb malaltia mental.<\/p>\n\n\n\n<p>D&#8217;altra banda, la setmana del 8M, la&nbsp;<strong>Comissi\u00f3 d&#8217;Igualtat de Fundaci\u00f3 Hospital\u00e0ries Martorell<\/strong>&nbsp;va organitzar una campanya de comunicaci\u00f3 on es va voler reivindicar la igualtat en el nostre \u00e0mbit sanitari. Aix\u00ed, cinc dones del nostre centre van compartir la seva visi\u00f3 sobre drets, igualtat i empoderament femen\u00ed en el sector sanitari. <\/p>\n\n\n\n<div class=\"wp-block-getwid-images-slider has-arrows-inside has-dots-inside has-images-center has-cropped-images\"><div class=\"wp-block-getwid-images-slider__wrapper\" data-effect=\"slide\" data-slides-show=\"1\" data-slides-show-laptop=\"1\" data-slides-show-tablet=\"1\" data-slides-show-mobile=\"1\" data-slides-scroll=\"1\" data-autoplay=\"false\" data-pause-hover=\"false\" data-autoplay-speed=\"6000\" data-infinite=\"true\" data-animation-speed=\"800\" data-center-mode=\"false\" data-variable-width=\"false\" data-arrows=\"inside\" data-dots=\"inside\" data-spacing=\"none\"><div class=\"wp-block-getwid-images-slider__item\"><figure><img loading=\"lazy\" decoding=\"async\" width=\"1080\" height=\"1080\" src=\"https:\/\/fundaciohospitalariesmartorell.org\/entre-tots\/wp-content\/uploads\/2025\/03\/1.png\" data-id=\"11013\" data-link=\"https:\/\/fundaciohospitalariesmartorell.org\/entre-tots\/?attachment_id=11013\" data-original-link=\"https:\/\/fundaciohospitalariesmartorell.org\/entre-tots\/wp-content\/uploads\/2025\/03\/1.png\" class=\"wp-block-getwid-images-slider__image wp-image-11013\" srcset=\"https:\/\/fundaciohospitalariesmartorell.org\/entre-tots\/wp-content\/uploads\/2025\/03\/1.png 1080w, https:\/\/fundaciohospitalariesmartorell.org\/entre-tots\/wp-content\/uploads\/2025\/03\/1-300x300.png 300w, https:\/\/fundaciohospitalariesmartorell.org\/entre-tots\/wp-content\/uploads\/2025\/03\/1-1024x1024.png 1024w, https:\/\/fundaciohospitalariesmartorell.org\/entre-tots\/wp-content\/uploads\/2025\/03\/1-150x150.png 150w, https:\/\/fundaciohospitalariesmartorell.org\/entre-tots\/wp-content\/uploads\/2025\/03\/1-768x768.png 768w\" sizes=\"auto, (max-width: 1080px) 100vw, 1080px\" \/><\/figure><\/div><div class=\"wp-block-getwid-images-slider__item\"><figure><img loading=\"lazy\" decoding=\"async\" width=\"1080\" height=\"1080\" src=\"https:\/\/fundaciohospitalariesmartorell.org\/entre-tots\/wp-content\/uploads\/2025\/03\/2.png\" data-id=\"11014\" data-link=\"https:\/\/fundaciohospitalariesmartorell.org\/entre-tots\/?attachment_id=11014\" data-original-link=\"https:\/\/fundaciohospitalariesmartorell.org\/entre-tots\/wp-content\/uploads\/2025\/03\/2.png\" class=\"wp-block-getwid-images-slider__image wp-image-11014\" srcset=\"https:\/\/fundaciohospitalariesmartorell.org\/entre-tots\/wp-content\/uploads\/2025\/03\/2.png 1080w, https:\/\/fundaciohospitalariesmartorell.org\/entre-tots\/wp-content\/uploads\/2025\/03\/2-300x300.png 300w, https:\/\/fundaciohospitalariesmartorell.org\/entre-tots\/wp-content\/uploads\/2025\/03\/2-1024x1024.png 1024w, https:\/\/fundaciohospitalariesmartorell.org\/entre-tots\/wp-content\/uploads\/2025\/03\/2-150x150.png 150w, https:\/\/fundaciohospitalariesmartorell.org\/entre-tots\/wp-content\/uploads\/2025\/03\/2-768x768.png 768w\" sizes=\"auto, (max-width: 1080px) 100vw, 1080px\" \/><\/figure><\/div><div class=\"wp-block-getwid-images-slider__item\"><figure><img loading=\"lazy\" decoding=\"async\" width=\"1080\" height=\"1080\" src=\"https:\/\/fundaciohospitalariesmartorell.org\/entre-tots\/wp-content\/uploads\/2025\/03\/3.png\" data-id=\"11016\" data-link=\"https:\/\/fundaciohospitalariesmartorell.org\/entre-tots\/?attachment_id=11016\" data-original-link=\"https:\/\/fundaciohospitalariesmartorell.org\/entre-tots\/wp-content\/uploads\/2025\/03\/3.png\" class=\"wp-block-getwid-images-slider__image wp-image-11016\" srcset=\"https:\/\/fundaciohospitalariesmartorell.org\/entre-tots\/wp-content\/uploads\/2025\/03\/3.png 1080w, https:\/\/fundaciohospitalariesmartorell.org\/entre-tots\/wp-content\/uploads\/2025\/03\/3-300x300.png 300w, https:\/\/fundaciohospitalariesmartorell.org\/entre-tots\/wp-content\/uploads\/2025\/03\/3-1024x1024.png 1024w, https:\/\/fundaciohospitalariesmartorell.org\/entre-tots\/wp-content\/uploads\/2025\/03\/3-150x150.png 150w, https:\/\/fundaciohospitalariesmartorell.org\/entre-tots\/wp-content\/uploads\/2025\/03\/3-768x768.png 768w\" sizes=\"auto, (max-width: 1080px) 100vw, 1080px\" \/><\/figure><\/div><div class=\"wp-block-getwid-images-slider__item\"><figure><img loading=\"lazy\" decoding=\"async\" width=\"1080\" height=\"1080\" src=\"https:\/\/fundaciohospitalariesmartorell.org\/entre-tots\/wp-content\/uploads\/2025\/03\/4.png\" data-id=\"11017\" data-link=\"https:\/\/fundaciohospitalariesmartorell.org\/entre-tots\/?attachment_id=11017\" data-original-link=\"https:\/\/fundaciohospitalariesmartorell.org\/entre-tots\/wp-content\/uploads\/2025\/03\/4.png\" class=\"wp-block-getwid-images-slider__image wp-image-11017\" srcset=\"https:\/\/fundaciohospitalariesmartorell.org\/entre-tots\/wp-content\/uploads\/2025\/03\/4.png 1080w, https:\/\/fundaciohospitalariesmartorell.org\/entre-tots\/wp-content\/uploads\/2025\/03\/4-300x300.png 300w, https:\/\/fundaciohospitalariesmartorell.org\/entre-tots\/wp-content\/uploads\/2025\/03\/4-1024x1024.png 1024w, https:\/\/fundaciohospitalariesmartorell.org\/entre-tots\/wp-content\/uploads\/2025\/03\/4-150x150.png 150w, https:\/\/fundaciohospitalariesmartorell.org\/entre-tots\/wp-content\/uploads\/2025\/03\/4-768x768.png 768w\" sizes=\"auto, (max-width: 1080px) 100vw, 1080px\" \/><\/figure><\/div><div class=\"wp-block-getwid-images-slider__item\"><figure><img loading=\"lazy\" decoding=\"async\" width=\"1080\" height=\"1080\" src=\"https:\/\/fundaciohospitalariesmartorell.org\/entre-tots\/wp-content\/uploads\/2025\/03\/5.png\" data-id=\"11015\" data-link=\"https:\/\/fundaciohospitalariesmartorell.org\/entre-tots\/?attachment_id=11015\" data-original-link=\"https:\/\/fundaciohospitalariesmartorell.org\/entre-tots\/wp-content\/uploads\/2025\/03\/5.png\" class=\"wp-block-getwid-images-slider__image wp-image-11015\" srcset=\"https:\/\/fundaciohospitalariesmartorell.org\/entre-tots\/wp-content\/uploads\/2025\/03\/5.png 1080w, https:\/\/fundaciohospitalariesmartorell.org\/entre-tots\/wp-content\/uploads\/2025\/03\/5-300x300.png 300w, https:\/\/fundaciohospitalariesmartorell.org\/entre-tots\/wp-content\/uploads\/2025\/03\/5-1024x1024.png 1024w, https:\/\/fundaciohospitalariesmartorell.org\/entre-tots\/wp-content\/uploads\/2025\/03\/5-150x150.png 150w, https:\/\/fundaciohospitalariesmartorell.org\/entre-tots\/wp-content\/uploads\/2025\/03\/5-768x768.png 768w\" sizes=\"auto, (max-width: 1080px) 100vw, 1080px\" \/><\/figure><\/div><\/div><\/div>\n\n\n\n<p>Finalment, el 18 de mar\u00e7 es va celebrar la&nbsp;<strong>Jornada \u201cViol\u00e8ncia en la Dona amb especial vulnerabilitat. Realitat i abordatge\u201d.&nbsp;<\/strong>Amb el lema&nbsp;<em>Caminant cap a una vida sense viol\u00e8ncia, des de la difer\u00e8ncia,<\/em>&nbsp;la jornada va voler aprofundir en com impacta la viol\u00e8ncia de g\u00e8nere en aquelles dones amb una vulnerabilitat especial, com prevenir-la, detectar-la i abordar les seq\u00fceles derivades d&#8217;aquesta viol\u00e8ncia. En concret es va posar el focus en la salut mental infantojuvenil, la discapacitat intel\u00b7lectual, el dany Cerebral Adquirit i la psicogeriatria\/deteriorament cognitiu.&nbsp;<\/p>\n\n\n\n<p>Pots trobar la cr\u00f2nica de la jornada, <a href=\"https:\/\/fundacionhospitalarias.org\/visibilizamos-la-violencia-contra-mujeres-en-situacion-de-especial-vulnerabilidad\/\">aqu\u00ed<\/a>.<\/p>\n\n\n\n<p>Si vols consultar les pon\u00e8ncies completes, pots veure<a href=\"https:\/\/www.youtube.com\/live\/KN_Nvh2AjxY\"> el v\u00eddeo de l&#8217;streaming <\/a>de l&#8217;esdeveniment complet.<\/p>\n\n\n\n<p><\/p>\n","protected":false},"excerpt":{"rendered":"<p>Amb motiu del Dia Internacional de la Dona, la Fundaci\u00f3 Hospital\u00e0ries ha organitzat diverses iniciatives que s&#8217;han celebrat al llarg del mes de mar\u00e7 i que s&#8217;han emmarcat en la campanya&nbsp;&#8220;Hospital\u00e0ries x la Igualtat&#8221;. La primera va ser una Jornada Online, a c\u00e0rrec d&#8217;Egoitz Zabala i Sor Natividad Carbajo, que van aprofundir en la hist\u00f2ria [&hellip;]<\/p>\n","protected":false},"author":5,"featured_media":11013,"comment_status":"closed","ping_status":"closed","sticky":false,"template":"","format":"standard","meta":{"footnotes":""},"categories":[27,58,61],"tags":[],"class_list":["post-11012","post","type-post","status-publish","format-standard","has-post-thumbnail","hentry","category-actualitat","category-collaboradors-es","category-societat"],"blocksy_meta":[],"featured_image_urls_v2":{"full":["https:\/\/fundaciohospitalariesmartorell.org\/entre-tots\/wp-content\/uploads\/2025\/03\/1.png",1080,1080,false],"thumbnail":["https:\/\/fundaciohospitalariesmartorell.org\/entre-tots\/wp-content\/uploads\/2025\/03\/1-150x150.png",150,150,true],"medium":["https:\/\/fundaciohospitalariesmartorell.org\/entre-tots\/wp-content\/uploads\/2025\/03\/1-300x300.png",300,300,true],"medium_large":["https:\/\/fundaciohospitalariesmartorell.org\/entre-tots\/wp-content\/uploads\/2025\/03\/1-768x768.png",768,768,true],"large":["https:\/\/fundaciohospitalariesmartorell.org\/entre-tots\/wp-content\/uploads\/2025\/03\/1-1024x1024.png",1024,1024,true],"1536x1536":["https:\/\/fundaciohospitalariesmartorell.org\/entre-tots\/wp-content\/uploads\/2025\/03\/1.png",1080,1080,false],"2048x2048":["https:\/\/fundaciohospitalariesmartorell.org\/entre-tots\/wp-content\/uploads\/2025\/03\/1.png",1080,1080,false],"mailpoet_newsletter_max":["https:\/\/fundaciohospitalariesmartorell.org\/entre-tots\/wp-content\/uploads\/2025\/03\/1.png",1080,1080,false]},"post_excerpt_stackable_v2":"<p>Amb motiu del Dia Internacional de la Dona, la Fundaci\u00f3 Hospital\u00e0ries ha organitzat diverses iniciatives que s&#8217;han celebrat al llarg del mes de mar\u00e7 i que s&#8217;han emmarcat en la campanya&nbsp;&#8220;Hospital\u00e0ries x la Igualtat&#8221;. La primera va ser una Jornada Online, a c\u00e0rrec d&#8217;Egoitz Zabala i Sor Natividad Carbajo, que van aprofundir en la hist\u00f2ria de les nostres fundadores, M\u00aa Josefa Recio i M\u00aa Angustias. Amb el t\u00edtol&nbsp;\u201cSeguint el seu llegat: l\u2019exemple de dues dones que van transformar vides\u201d van acostar-nos el testimoni de dues dones que el 1881 van decidir, amb gran valentia, dedicar la seva vida a atendre&hellip;<\/p>\n","category_list_v2":"<a href=\"https:\/\/fundaciohospitalariesmartorell.org\/entre-tots\/category\/actualitat\/\" rel=\"category tag\">ACTUALITAT<\/a>, <a href=\"https:\/\/fundaciohospitalariesmartorell.org\/entre-tots\/category\/actualitat\/col%c2%b7laboradors-es\/\" rel=\"category tag\">COL\u00b7LABORADORS\/ES<\/a>, <a href=\"https:\/\/fundaciohospitalariesmartorell.org\/entre-tots\/category\/actualitat\/societat\/\" rel=\"category tag\">SOCIETAT<\/a>","author_info_v2":{"name":"Alba Felip","url":"https:\/\/fundaciohospitalariesmartorell.org\/entre-tots\/author\/afelipr\/"},"comments_num_v2":"0 comments","_links":{"self":[{"href":"https:\/\/fundaciohospitalariesmartorell.org\/entre-tots\/wp-json\/wp\/v2\/posts\/11012","targetHints":{"allow":["GET"]}}],"collection":[{"href":"https:\/\/fundaciohospitalariesmartorell.org\/entre-tots\/wp-json\/wp\/v2\/posts"}],"about":[{"href":"https:\/\/fundaciohospitalariesmartorell.org\/entre-tots\/wp-json\/wp\/v2\/types\/post"}],"author":[{"embeddable":true,"href":"https:\/\/fundaciohospitalariesmartorell.org\/entre-tots\/wp-json\/wp\/v2\/users\/5"}],"replies":[{"embeddable":true,"href":"https:\/\/fundaciohospitalariesmartorell.org\/entre-tots\/wp-json\/wp\/v2\/comments?post=11012"}],"version-history":[{"count":2,"href":"https:\/\/fundaciohospitalariesmartorell.org\/entre-tots\/wp-json\/wp\/v2\/posts\/11012\/revisions"}],"predecessor-version":[{"id":11086,"href":"https:\/\/fundaciohospitalariesmartorell.org\/entre-tots\/wp-json\/wp\/v2\/posts\/11012\/revisions\/11086"}],"wp:featuredmedia":[{"embeddable":true,"href":"https:\/\/fundaciohospitalariesmartorell.org\/entre-tots\/wp-json\/wp\/v2\/media\/11013"}],"wp:attachment":[{"href":"https:\/\/fundaciohospitalariesmartorell.org\/entre-tots\/wp-json\/wp\/v2\/media?parent=11012"}],"wp:term":[{"taxonomy":"category","embeddable":true,"href":"https:\/\/fundaciohospitalariesmartorell.org\/entre-tots\/wp-json\/wp\/v2\/categories?post=11012"},{"taxonomy":"post_tag","embeddable":true,"href":"https:\/\/fundaciohospitalariesmartorell.org\/entre-tots\/wp-json\/wp\/v2\/tags?post=11012"}],"curies":[{"name":"wp","href":"https:\/\/api.w.org\/{rel}","templated":true}]}}