{"id":11028,"date":"2025-03-10T11:59:04","date_gmt":"2025-03-10T10:59:04","guid":{"rendered":"https:\/\/fundaciohospitalariesmartorell.org\/entre-tots\/?p=11028"},"modified":"2025-03-10T12:17:43","modified_gmt":"2025-03-10T11:17:43","slug":"la-dra-pilar-muley-analitza-la-salut-mental-a-lalt-penedes-en-el-programa-quedem-al-vinseum","status":"publish","type":"post","link":"https:\/\/fundaciohospitalariesmartorell.org\/entre-tots\/2025\/03\/la-dra-pilar-muley-analitza-la-salut-mental-a-lalt-penedes-en-el-programa-quedem-al-vinseum\/","title":{"rendered":"La Dra. Pilar Muley analitza la salut mental a l\u2019Alt Pened\u00e8s en el programa \u2018Quedem al Vinseum\u2019"},"content":{"rendered":"\n<figure class=\"wp-block-image size-large\"><img loading=\"lazy\" decoding=\"async\" width=\"1024\" height=\"576\" src=\"https:\/\/fundaciohospitalariesmartorell.org\/entre-tots\/wp-content\/uploads\/2025\/03\/Tweet-1-1-1024x576.png\" alt=\"\" class=\"wp-image-11033\" srcset=\"https:\/\/fundaciohospitalariesmartorell.org\/entre-tots\/wp-content\/uploads\/2025\/03\/Tweet-1-1-1024x576.png 1024w, https:\/\/fundaciohospitalariesmartorell.org\/entre-tots\/wp-content\/uploads\/2025\/03\/Tweet-1-1-300x169.png 300w, https:\/\/fundaciohospitalariesmartorell.org\/entre-tots\/wp-content\/uploads\/2025\/03\/Tweet-1-1-768x432.png 768w, https:\/\/fundaciohospitalariesmartorell.org\/entre-tots\/wp-content\/uploads\/2025\/03\/Tweet-1-1-1536x864.png 1536w, https:\/\/fundaciohospitalariesmartorell.org\/entre-tots\/wp-content\/uploads\/2025\/03\/Tweet-1-1-1320x743.png 1320w, https:\/\/fundaciohospitalariesmartorell.org\/entre-tots\/wp-content\/uploads\/2025\/03\/Tweet-1-1.png 1920w\" sizes=\"auto, (max-width: 1024px) 100vw, 1024px\" \/><\/figure>\n\n\n\n<p>La Dra. Pilar\u00a0Muley, coordinadora dels Serveis de Salut Mental de l&#8217;Alt Pened\u00e8s de la Fundaci\u00f3 Hospital\u00e0ries Martorell, ha participat en el programa &#8216;Quedem al\u00a0Vinseum&#8217; de Pened\u00e8s Televisi\u00f3, on ha abordat la situaci\u00f3 actual de la salut mental a la comarca i la necessitat d&#8217;incrementar els recursos residencials per a persones amb trastorns mentals.<\/p>\n\n\n\n<p>Durant la seva intervenci\u00f3, la Dra.\u00a0Murey\u00a0ha destacat que les consultes en salut mental han experimentat un augment significatiu, especialment entre persones de mitjana edat amb trastorns adaptatius derivats de situacions quotidianes que no saben gestionar en un moment determinat. Aspectes com l&#8217;habitatge i el treball tenen un impacte directe en la salut mental de la poblaci\u00f3. Tamb\u00e9 han aumgentat els casos m\u00e9s greus, com les depressions severes, les psicosis i els trastorns bipolars, per als quals es requereixen m\u00e9s recursos residencials destinats a pacients que necessiten un lloc per viure, per\u00f2\u00a0que no disposen de mitjans econ\u00f2mics.<\/p>\n\n\n\n<figure class=\"wp-block-embed is-type-video is-provider-youtube wp-block-embed-youtube wp-embed-aspect-16-9 wp-has-aspect-ratio\"><div class=\"wp-block-embed__wrapper\">\n<iframe loading=\"lazy\" title=\"Quedem al Vinseum 7-3-2025\" width=\"1290\" height=\"726\" src=\"https:\/\/www.youtube.com\/embed\/Iaxd2fe1Dog?feature=oembed\" frameborder=\"0\" allow=\"accelerometer; autoplay; clipboard-write; encrypted-media; gyroscope; picture-in-picture; web-share\" referrerpolicy=\"strict-origin-when-cross-origin\" allowfullscreen><\/iframe>\n<\/div><\/figure>\n","protected":false},"excerpt":{"rendered":"<p>La Dra. Pilar\u00a0Muley, coordinadora dels Serveis de Salut Mental de l&#8217;Alt Pened\u00e8s de la Fundaci\u00f3 Hospital\u00e0ries Martorell, ha participat en el programa &#8216;Quedem al\u00a0Vinseum&#8217; de Pened\u00e8s Televisi\u00f3, on ha abordat la situaci\u00f3 actual de la salut mental a la comarca i la necessitat d&#8217;incrementar els recursos residencials per a persones amb trastorns mentals. Durant la [&hellip;]<\/p>\n","protected":false},"author":7,"featured_media":11029,"comment_status":"closed","ping_status":"","sticky":false,"template":"","format":"standard","meta":{"footnotes":""},"categories":[44],"tags":[],"class_list":["post-11028","post","type-post","status-publish","format-standard","has-post-thumbnail","hentry","category-entre-noticies"],"blocksy_meta":[],"featured_image_urls_v2":{"full":["https:\/\/fundaciohospitalariesmartorell.org\/entre-tots\/wp-content\/uploads\/2025\/03\/Captura-de-pantalla-2025-03-10-a-les-9.05.48.png",1610,902,false],"thumbnail":["https:\/\/fundaciohospitalariesmartorell.org\/entre-tots\/wp-content\/uploads\/2025\/03\/Captura-de-pantalla-2025-03-10-a-les-9.05.48-150x150.png",150,150,true],"medium":["https:\/\/fundaciohospitalariesmartorell.org\/entre-tots\/wp-content\/uploads\/2025\/03\/Captura-de-pantalla-2025-03-10-a-les-9.05.48-300x168.png",300,168,true],"medium_large":["https:\/\/fundaciohospitalariesmartorell.org\/entre-tots\/wp-content\/uploads\/2025\/03\/Captura-de-pantalla-2025-03-10-a-les-9.05.48-768x430.png",768,430,true],"large":["https:\/\/fundaciohospitalariesmartorell.org\/entre-tots\/wp-content\/uploads\/2025\/03\/Captura-de-pantalla-2025-03-10-a-les-9.05.48-1024x574.png",1024,574,true],"1536x1536":["https:\/\/fundaciohospitalariesmartorell.org\/entre-tots\/wp-content\/uploads\/2025\/03\/Captura-de-pantalla-2025-03-10-a-les-9.05.48-1536x861.png",1536,861,true],"2048x2048":["https:\/\/fundaciohospitalariesmartorell.org\/entre-tots\/wp-content\/uploads\/2025\/03\/Captura-de-pantalla-2025-03-10-a-les-9.05.48.png",1610,902,false],"mailpoet_newsletter_max":["https:\/\/fundaciohospitalariesmartorell.org\/entre-tots\/wp-content\/uploads\/2025\/03\/Captura-de-pantalla-2025-03-10-a-les-9.05.48-1320x740.png",1320,740,true]},"post_excerpt_stackable_v2":"<p>La Dra. Pilar\u00a0Muley, coordinadora dels Serveis de Salut Mental de l&#8217;Alt Pened\u00e8s de la Fundaci\u00f3 Hospital\u00e0ries Martorell, ha participat en el programa &#8216;Quedem al\u00a0Vinseum&#8217; de Pened\u00e8s Televisi\u00f3, on ha abordat la situaci\u00f3 actual de la salut mental a la comarca i la necessitat d&#8217;incrementar els recursos residencials per a persones amb trastorns mentals. Durant la seva intervenci\u00f3, la Dra.\u00a0Murey\u00a0ha destacat que les consultes en salut mental han experimentat un augment significatiu, especialment entre persones de mitjana edat amb trastorns adaptatius derivats de situacions quotidianes que no saben gestionar en un moment determinat. Aspectes com l&#8217;habitatge i el treball tenen un&hellip;<\/p>\n","category_list_v2":"<a href=\"https:\/\/fundaciohospitalariesmartorell.org\/entre-tots\/category\/entre-noticies\/\" rel=\"category tag\">ENTRE NOT\u00cdCIES<\/a>","author_info_v2":{"name":"ALBA_FELIP","url":"https:\/\/fundaciohospitalariesmartorell.org\/entre-tots\/author\/alba_felip\/"},"comments_num_v2":"0 comments","_links":{"self":[{"href":"https:\/\/fundaciohospitalariesmartorell.org\/entre-tots\/wp-json\/wp\/v2\/posts\/11028","targetHints":{"allow":["GET"]}}],"collection":[{"href":"https:\/\/fundaciohospitalariesmartorell.org\/entre-tots\/wp-json\/wp\/v2\/posts"}],"about":[{"href":"https:\/\/fundaciohospitalariesmartorell.org\/entre-tots\/wp-json\/wp\/v2\/types\/post"}],"author":[{"embeddable":true,"href":"https:\/\/fundaciohospitalariesmartorell.org\/entre-tots\/wp-json\/wp\/v2\/users\/7"}],"replies":[{"embeddable":true,"href":"https:\/\/fundaciohospitalariesmartorell.org\/entre-tots\/wp-json\/wp\/v2\/comments?post=11028"}],"version-history":[{"count":2,"href":"https:\/\/fundaciohospitalariesmartorell.org\/entre-tots\/wp-json\/wp\/v2\/posts\/11028\/revisions"}],"predecessor-version":[{"id":11034,"href":"https:\/\/fundaciohospitalariesmartorell.org\/entre-tots\/wp-json\/wp\/v2\/posts\/11028\/revisions\/11034"}],"wp:featuredmedia":[{"embeddable":true,"href":"https:\/\/fundaciohospitalariesmartorell.org\/entre-tots\/wp-json\/wp\/v2\/media\/11029"}],"wp:attachment":[{"href":"https:\/\/fundaciohospitalariesmartorell.org\/entre-tots\/wp-json\/wp\/v2\/media?parent=11028"}],"wp:term":[{"taxonomy":"category","embeddable":true,"href":"https:\/\/fundaciohospitalariesmartorell.org\/entre-tots\/wp-json\/wp\/v2\/categories?post=11028"},{"taxonomy":"post_tag","embeddable":true,"href":"https:\/\/fundaciohospitalariesmartorell.org\/entre-tots\/wp-json\/wp\/v2\/tags?post=11028"}],"curies":[{"name":"wp","href":"https:\/\/api.w.org\/{rel}","templated":true}]}}