{"id":11035,"date":"2025-03-10T13:04:32","date_gmt":"2025-03-10T12:04:32","guid":{"rendered":"https:\/\/fundaciohospitalariesmartorell.org\/entre-tots\/?p=11035"},"modified":"2025-03-11T08:56:55","modified_gmt":"2025-03-11T07:56:55","slug":"lsrc-alt-penedes-celebra-el-8m-amb-un-taller-de-fermalls-reivindicatius","status":"publish","type":"post","link":"https:\/\/fundaciohospitalariesmartorell.org\/entre-tots\/2025\/03\/lsrc-alt-penedes-celebra-el-8m-amb-un-taller-de-fermalls-reivindicatius\/","title":{"rendered":"L&#8217;SRC Alt Pened\u00e8s celebra el 8M amb un taller de fermalls reivindicatius"},"content":{"rendered":"\n<figure class=\"wp-block-image size-full\"><img loading=\"lazy\" decoding=\"async\" width=\"960\" height=\"720\" src=\"https:\/\/fundaciohospitalariesmartorell.org\/entre-tots\/wp-content\/uploads\/2025\/03\/Diapositiva2.jpg\" alt=\"\" class=\"wp-image-11037\" srcset=\"https:\/\/fundaciohospitalariesmartorell.org\/entre-tots\/wp-content\/uploads\/2025\/03\/Diapositiva2.jpg 960w, https:\/\/fundaciohospitalariesmartorell.org\/entre-tots\/wp-content\/uploads\/2025\/03\/Diapositiva2-300x225.jpg 300w, https:\/\/fundaciohospitalariesmartorell.org\/entre-tots\/wp-content\/uploads\/2025\/03\/Diapositiva2-768x576.jpg 768w\" sizes=\"auto, (max-width: 960px) 100vw, 960px\" \/><\/figure>\n\n\n\n<p>Amb motiu del Dia Internacional de la Dona, el Servei de Rehabilitaci\u00f3 Comunit\u00e0ria (SRC) Alt Pened\u00e8s ha impulsat una iniciativa creativa per donar visibilitat als desitjos de les persones usu\u00e0ries de comen\u00e7ar i mantenir canvis importants en les seves vides. Aquest proc\u00e9s d\u2019expressi\u00f3 s\u2019ha materialitzat en una acci\u00f3 simb\u00f2lica: la creaci\u00f3 de fermalls.<\/p>\n\n\n\n<p>Les persones participants van aportar idees, i d\u2019aquestes va sorgir la proposta de confeccionar fermalls amb un missatge especial. El resultat han estat 14 fermalls en forma de cor, d\u2019on broten p\u00e8tals de flor i que, a dins, porten gravat el missatge\u00a0<strong>\u201cJO, YO\u201d<\/strong>. Cada pe\u00e7a va acompanyada d\u2019una frase amb motiu del 8 de mar\u00e7, posant en valor la lluita per la igualtat i els drets de les dones.<\/p>\n\n\n\n<p>Aquestes s\u00f3n algunes de les frases que han donat vida al projecte:<\/p>\n\n\n\n<ul class=\"wp-block-list\">\n<li>Yo, a la igualdad de los derechos de trabajo.\u00a0<\/li>\n\n\n\n<li>Yo, el No es No.&nbsp;<\/li>\n\n\n\n<li>Yo, y tod@s somos iguales.&nbsp;<\/li>\n\n\n\n<li>Jo, defenso els drets de la dona.&nbsp;<\/li>\n\n\n\n<li>Jo, penso que \u00e9s natural respectar la igualtat, per qu\u00e8 no fer-ho?&nbsp;<\/li>\n\n\n\n<li>Yo, te quiero mucho.&nbsp;<\/li>\n\n\n\n<li>Yo, me adoro.&nbsp;<\/li>\n\n\n\n<li>Yo, tolerancia cero al maltrato.&nbsp;<\/li>\n\n\n\n<li>Yo, quiero la mujer m\u00e1s reconocida.&nbsp;<\/li>\n\n\n\n<li>Yo, quiero\/emos los mismos derechos.&nbsp;<\/li>\n\n\n\n<li>Yo, tot@s som iguals.&nbsp;<\/li>\n\n\n\n<li>Jo, tinc els mateixos drets que tu, tots els dies.&nbsp;<\/li>\n\n\n\n<li>Jo, estic amb tu i est\u00e0s amb mi.&nbsp;<\/li>\n\n\n\n<li>Jo, s\u00f3c guerrera.<\/li>\n<\/ul>\n","protected":false},"excerpt":{"rendered":"<p>Amb motiu del Dia Internacional de la Dona, el Servei de Rehabilitaci\u00f3 Comunit\u00e0ria (SRC) Alt Pened\u00e8s ha impulsat una iniciativa creativa per donar visibilitat als desitjos de les persones usu\u00e0ries de comen\u00e7ar i mantenir canvis importants en les seves vides. Aquest proc\u00e9s d\u2019expressi\u00f3 s\u2019ha materialitzat en una acci\u00f3 simb\u00f2lica: la creaci\u00f3 de fermalls. Les persones [&hellip;]<\/p>\n","protected":false},"author":5,"featured_media":11036,"comment_status":"closed","ping_status":"closed","sticky":false,"template":"","format":"standard","meta":{"footnotes":""},"categories":[27,57],"tags":[],"class_list":["post-11035","post","type-post","status-publish","format-standard","has-post-thumbnail","hentry","category-actualitat","category-usuaris-es"],"blocksy_meta":[],"featured_image_urls_v2":{"full":["https:\/\/fundaciohospitalariesmartorell.org\/entre-tots\/wp-content\/uploads\/2025\/03\/Diapositiva1.jpg",960,720,false],"thumbnail":["https:\/\/fundaciohospitalariesmartorell.org\/entre-tots\/wp-content\/uploads\/2025\/03\/Diapositiva1-150x150.jpg",150,150,true],"medium":["https:\/\/fundaciohospitalariesmartorell.org\/entre-tots\/wp-content\/uploads\/2025\/03\/Diapositiva1-300x225.jpg",300,225,true],"medium_large":["https:\/\/fundaciohospitalariesmartorell.org\/entre-tots\/wp-content\/uploads\/2025\/03\/Diapositiva1-768x576.jpg",768,576,true],"large":["https:\/\/fundaciohospitalariesmartorell.org\/entre-tots\/wp-content\/uploads\/2025\/03\/Diapositiva1.jpg",960,720,false],"1536x1536":["https:\/\/fundaciohospitalariesmartorell.org\/entre-tots\/wp-content\/uploads\/2025\/03\/Diapositiva1.jpg",960,720,false],"2048x2048":["https:\/\/fundaciohospitalariesmartorell.org\/entre-tots\/wp-content\/uploads\/2025\/03\/Diapositiva1.jpg",960,720,false],"mailpoet_newsletter_max":["https:\/\/fundaciohospitalariesmartorell.org\/entre-tots\/wp-content\/uploads\/2025\/03\/Diapositiva1.jpg",960,720,false]},"post_excerpt_stackable_v2":"<p>Amb motiu del Dia Internacional de la Dona, el Servei de Rehabilitaci\u00f3 Comunit\u00e0ria (SRC) Alt Pened\u00e8s ha impulsat una iniciativa creativa per donar visibilitat als desitjos de les persones usu\u00e0ries de comen\u00e7ar i mantenir canvis importants en les seves vides. Aquest proc\u00e9s d\u2019expressi\u00f3 s\u2019ha materialitzat en una acci\u00f3 simb\u00f2lica: la creaci\u00f3 de fermalls. Les persones participants van aportar idees, i d\u2019aquestes va sorgir la proposta de confeccionar fermalls amb un missatge especial. El resultat han estat 14 fermalls en forma de cor, d\u2019on broten p\u00e8tals de flor i que, a dins, porten gravat el missatge\u00a0\u201cJO, YO\u201d. Cada pe\u00e7a va acompanyada&hellip;<\/p>\n","category_list_v2":"<a href=\"https:\/\/fundaciohospitalariesmartorell.org\/entre-tots\/category\/actualitat\/\" rel=\"category tag\">ACTUALITAT<\/a>, <a href=\"https:\/\/fundaciohospitalariesmartorell.org\/entre-tots\/category\/actualitat\/usuaris-es\/\" rel=\"category tag\">USUARIS\/ES<\/a>","author_info_v2":{"name":"Alba Felip","url":"https:\/\/fundaciohospitalariesmartorell.org\/entre-tots\/author\/afelipr\/"},"comments_num_v2":"0 comments","_links":{"self":[{"href":"https:\/\/fundaciohospitalariesmartorell.org\/entre-tots\/wp-json\/wp\/v2\/posts\/11035","targetHints":{"allow":["GET"]}}],"collection":[{"href":"https:\/\/fundaciohospitalariesmartorell.org\/entre-tots\/wp-json\/wp\/v2\/posts"}],"about":[{"href":"https:\/\/fundaciohospitalariesmartorell.org\/entre-tots\/wp-json\/wp\/v2\/types\/post"}],"author":[{"embeddable":true,"href":"https:\/\/fundaciohospitalariesmartorell.org\/entre-tots\/wp-json\/wp\/v2\/users\/5"}],"replies":[{"embeddable":true,"href":"https:\/\/fundaciohospitalariesmartorell.org\/entre-tots\/wp-json\/wp\/v2\/comments?post=11035"}],"version-history":[{"count":1,"href":"https:\/\/fundaciohospitalariesmartorell.org\/entre-tots\/wp-json\/wp\/v2\/posts\/11035\/revisions"}],"predecessor-version":[{"id":11038,"href":"https:\/\/fundaciohospitalariesmartorell.org\/entre-tots\/wp-json\/wp\/v2\/posts\/11035\/revisions\/11038"}],"wp:featuredmedia":[{"embeddable":true,"href":"https:\/\/fundaciohospitalariesmartorell.org\/entre-tots\/wp-json\/wp\/v2\/media\/11036"}],"wp:attachment":[{"href":"https:\/\/fundaciohospitalariesmartorell.org\/entre-tots\/wp-json\/wp\/v2\/media?parent=11035"}],"wp:term":[{"taxonomy":"category","embeddable":true,"href":"https:\/\/fundaciohospitalariesmartorell.org\/entre-tots\/wp-json\/wp\/v2\/categories?post=11035"},{"taxonomy":"post_tag","embeddable":true,"href":"https:\/\/fundaciohospitalariesmartorell.org\/entre-tots\/wp-json\/wp\/v2\/tags?post=11035"}],"curies":[{"name":"wp","href":"https:\/\/api.w.org\/{rel}","templated":true}]}}