{"id":11039,"date":"2025-03-11T10:30:25","date_gmt":"2025-03-11T09:30:25","guid":{"rendered":"https:\/\/fundaciohospitalariesmartorell.org\/entre-tots\/?p=11039"},"modified":"2025-03-18T13:44:26","modified_gmt":"2025-03-18T12:44:26","slug":"ciencia-i-fe-no-es-contradiuen-contribueixen-juntes-a-la-comprensio-de-lexistencia","status":"publish","type":"post","link":"https:\/\/fundaciohospitalariesmartorell.org\/entre-tots\/2025\/03\/ciencia-i-fe-no-es-contradiuen-contribueixen-juntes-a-la-comprensio-de-lexistencia\/","title":{"rendered":"&#8220;Ci\u00e8ncia i fe no es contradiuen: contribueixen juntes a la comprensi\u00f3 de l\u2019exist\u00e8ncia&#8221;"},"content":{"rendered":"\n<figure class=\"wp-block-image size-full\"><img loading=\"lazy\" decoding=\"async\" width=\"614\" height=\"396\" src=\"https:\/\/fundaciohospitalariesmartorell.org\/entre-tots\/wp-content\/uploads\/2025\/03\/image-2.png\" alt=\"\" class=\"wp-image-11040\" srcset=\"https:\/\/fundaciohospitalariesmartorell.org\/entre-tots\/wp-content\/uploads\/2025\/03\/image-2.png 614w, https:\/\/fundaciohospitalariesmartorell.org\/entre-tots\/wp-content\/uploads\/2025\/03\/image-2-300x193.png 300w\" sizes=\"auto, (max-width: 614px) 100vw, 614px\" \/><\/figure>\n\n\n\n<p>El pr\u00f2xim 24 d&#8217;abril, en el marc de la festivitat de Sant Benito Menni, tindrem el privilegi de comptar amb el Dr. Jaume Duran, que ens oferir\u00e0 la confer\u00e8ncia\u00a0&#8220;Paral\u00b7lelismes entre la concepci\u00f3 antropol\u00f2gica de l\u2019Antic\u00a0Testament\u00a0i l\u2019evoluci\u00f3 neural del sistema nervi\u00f3s&#8221;. El Dr. Duran (Barcelona, 1963) \u00e9s especialista en medicina familiar i comunit\u00e0ria i actualment exerceix com a director general de la Fundaci\u00f3 Sanit\u00e0ria Mollet. A m\u00e9s, \u00e9s doctor en Filosofia i llicenciat en Ci\u00e8ncia Religiosa \u2013 Teologia B\u00edblica. El 2023 va publicar el llibre\u00a0<em>La dimensi\u00f3 humana. Neurones i salms<\/em>, on aprofundeix en la relaci\u00f3 entre la neuroci\u00e8ncia i l\u2019espiritualitat.<\/p>\n\n\n\n<p><strong>El seu llibre,<em> La dimensi\u00f3 humana. Neurones i salms<\/em>, explora la intersecci\u00f3 entre neuroci\u00e8ncia i espiritualitat. Com considera que aquesta perspectiva pot enriquir la comprensi\u00f3 i el tractament de la salut mental?<\/strong><\/p>\n\n\n\n<p>Com explico en el text, la persona humana desplega diverses dimensions: la biof\u00edsica, l\u2019emocional, la cognitiva i la transcendent. Totes elles estan fortament relacionades i tenen la capacitat d\u2019harmonitzar l\u2019individu i, per tant, de millorar la seva vida en tots aquests \u00e0mbits. La millora de qualsevol d\u2019aquestes dimensions repercuteix en les altres, tal com demostra avui la neuroci\u00e8ncia. Som \u00e9ssers evolucionats, amb un cervell encosificat.<\/p>\n\n\n\n<p><strong>Tot i que l\u2019Antic Testament i l\u2019evoluci\u00f3 neural provenen de paradigmes molt diferents, quins punts de converg\u00e8ncia comparteixen pel que fa a la comprensi\u00f3 de l\u2019\u00e9sser hum\u00e0 i la seva relaci\u00f3 entre el cos i la consci\u00e8ncia?<\/strong><\/p>\n\n\n\n<p>L\u2019Antic Testament, paradigma de relats organitzats en les lleng\u00fces sem\u00edtiques, caracteritzades per un fort simbolisme i per vehicular la relaci\u00f3 entre la persona humana i el D\u00e9u del poble hebreu, ja descriu l\u2019\u00e9sser hum\u00e0 en quatre dimensions antropol\u00f2giques. Aquesta antropologia b\u00edblica \u00e9s for\u00e7a versemblant als \u00e0mbits d\u2019evoluci\u00f3 neural dels humans, que han perm\u00e8s a la persona transcendir i experimentar la fe a trav\u00e9s del que s\u2019anomena el \u201ccervell de luxe\u201d. Es tracta d\u2019una precomprensi\u00f3 que va m\u00e9s enll\u00e0 de la tradicional concepci\u00f3 grecollatina de la filosofia grega, medieval, moderna i fins i tot contempor\u00e0nia, basada en el dicotomisme entre cos i \u00e0nima.<br><br><strong>Vost\u00e8 defensa que la fe i la ci\u00e8ncia no s\u00f3n elements incompatibles. En l\u2019\u00e0mbit de la salut mental, on els tractaments farmacol\u00f2gics i psicoterap\u00e8utics tenen un paper central, com es pot integrar l\u2019espiritualitat com a eina complement\u00e0ria en el proc\u00e9s de recuperaci\u00f3?<\/strong><\/p>\n\n\n\n<p>La fe i la ci\u00e8ncia han d\u2019anar de la m\u00e0. De fet no es contradiuen, tot i que cap de les dues permet explicar-ho tot. Ja Immanuel Kant en la filosofia moderna i S\u00f8ren Kierkegaard en la contempor\u00e0nia ho van descriure \u00e0mpliament. Tanmateix, no \u00e9s necessari demostrar cient\u00edficament totes les experi\u00e8ncies plenament humanes, ja que aquestes ens permeten viure, reeixir com a esp\u00e8cie i esdevenir millors persones. Aquest proc\u00e9s inclou, evidentment, l\u2019\u00e0mbit de la salut i de la malaltia.<\/p>\n\n\n\n<p><strong>Quins creu que s\u00f3n els principals obstacles que impedeixen als professionals sanitaris integrar la dimensi\u00f3 espiritual en la seva pr\u00e0ctica di\u00e0ria?<\/strong><\/p>\n\n\n\n<p>La dimensi\u00f3 espiritual, que no pas religiosa, \u00e9s una dimensi\u00f3 antropol\u00f2gica que influeix en la nostra vida, ja que dona resposta als prop\u00f2sits interiors del viure, a l\u2019autoconsci\u00e8ncia i a la qualitat subjectiva de l\u2019exist\u00e8ncia. Ens cal una certa formaci\u00f3 per entendre i aix\u00ed poder atendre, per parar atenci\u00f3 als signes i s\u00edmptomes relacionats amb el patiment, el dol i la soledat no desitjada. Aix\u00f2 tamb\u00e9 requereix temps, per\u00f2, alhora, consci\u00e8ncia del b\u00e9 que podem fer.<\/p>\n\n\n\n<p><strong>A la Fundaci\u00f3 Hospital\u00e0ries disposem d\u2019un servei d\u2019atenci\u00f3 espiritual i religiosa. Considera que aquest tipus de serveis s\u00f3n essencials en l\u2019atenci\u00f3 sanit\u00e0ria i com poden contribuir al benestar global dels pacients?<\/strong><\/p>\n\n\n\n<p>Aquests serveis s\u00f3n molt importants, ja que permeten canalitzar tant les demandes expl\u00edcites com les impl\u00edcites de pacients, fam\u00edlies i tamb\u00e9 dels mateixos professionals. Faciliten la detecci\u00f3, gesti\u00f3 i acompanyament en processos clarament vinculats a l\u2019\u00e0mbit del transcendent, que sovint emergeixen en contextos de gran fragilitat i vulnerabilitat, com els centres d\u2019atenci\u00f3 a persones amb necessitats de salut o socials. Contribueixen, aix\u00ed, de manera clara a la millora de la vida i, de retruc, a la del m\u00f3n.<br><br><strong>Qu\u00e8 ent\u00e9n per compet\u00e8ncies espirituals i per qu\u00e8 creu que seria important que els professionals de la salut, aix\u00ed com la societat en general, les desenvolupin?<\/strong><\/p>\n\n\n\n<p>Les compet\u00e8ncies del cervell lux\u00f3s estan relacionades amb els \u00e0mbits de l\u2019est\u00e8tica, l\u2019\u00e8tica i l\u2019espiritualitat. La virtut cardinal que les engloba \u00e9s la just\u00edcia, de la mateixa manera que la fortalesa explica la dimensi\u00f3 biof\u00edsica, la tempran\u00e7a la dimensi\u00f3 emocional i la prud\u00e8ncia la cognitiva-social.<\/p>\n\n\n\n<p>La compet\u00e8ncia espiritual, en ess\u00e8ncia, permet el treball interior de les anomenades virtuts teologals, que vinculen la persona amb la de\u00eftat: la fe, l\u2019esperan\u00e7a i l\u2019amor. D\u2019entre elles, l\u2019esperan\u00e7a \u00e9s la llavor fonamental, i l\u2019amor altruista, la resposta m\u00e9s rellevant. Alguns primers cristians ja van definir els fruits d\u2019aquesta dimensi\u00f3 espiritual, destacant-ne especialment la pau, la joia, la bonhomia i la paci\u00e8ncia, trets que sovint es troben en aquelles persones capaces de dur a terme un treball espiritual, independentment de les seves creences.<\/p>\n","protected":false},"excerpt":{"rendered":"<p>El pr\u00f2xim 24 d&#8217;abril, en el marc de la festivitat de Sant Benito Menni, tindrem el privilegi de comptar amb el Dr. Jaume Duran, que ens oferir\u00e0 la confer\u00e8ncia\u00a0&#8220;Paral\u00b7lelismes entre la concepci\u00f3 antropol\u00f2gica de l\u2019Antic\u00a0Testament\u00a0i l\u2019evoluci\u00f3 neural del sistema nervi\u00f3s&#8221;. El Dr. Duran (Barcelona, 1963) \u00e9s especialista en medicina familiar i comunit\u00e0ria i actualment exerceix [&hellip;]<\/p>\n","protected":false},"author":5,"featured_media":11082,"comment_status":"closed","ping_status":"closed","sticky":false,"template":"","format":"standard","meta":{"footnotes":""},"categories":[27,58],"tags":[],"class_list":["post-11039","post","type-post","status-publish","format-standard","has-post-thumbnail","hentry","category-actualitat","category-collaboradors-es"],"blocksy_meta":[],"featured_image_urls_v2":{"full":["https:\/\/fundaciohospitalariesmartorell.org\/entre-tots\/wp-content\/uploads\/2025\/03\/TARJETA_ACCESO_CATALA\u2560uN.ai_.png",1004,650,false],"thumbnail":["https:\/\/fundaciohospitalariesmartorell.org\/entre-tots\/wp-content\/uploads\/2025\/03\/TARJETA_ACCESO_CATALA\u2560uN.ai_-150x150.png",150,150,true],"medium":["https:\/\/fundaciohospitalariesmartorell.org\/entre-tots\/wp-content\/uploads\/2025\/03\/TARJETA_ACCESO_CATALA\u2560uN.ai_-300x194.png",300,194,true],"medium_large":["https:\/\/fundaciohospitalariesmartorell.org\/entre-tots\/wp-content\/uploads\/2025\/03\/TARJETA_ACCESO_CATALA\u2560uN.ai_-768x497.png",768,497,true],"large":["https:\/\/fundaciohospitalariesmartorell.org\/entre-tots\/wp-content\/uploads\/2025\/03\/TARJETA_ACCESO_CATALA\u2560uN.ai_.png",1004,650,false],"1536x1536":["https:\/\/fundaciohospitalariesmartorell.org\/entre-tots\/wp-content\/uploads\/2025\/03\/TARJETA_ACCESO_CATALA\u2560uN.ai_.png",1004,650,false],"2048x2048":["https:\/\/fundaciohospitalariesmartorell.org\/entre-tots\/wp-content\/uploads\/2025\/03\/TARJETA_ACCESO_CATALA\u2560uN.ai_.png",1004,650,false],"mailpoet_newsletter_max":["https:\/\/fundaciohospitalariesmartorell.org\/entre-tots\/wp-content\/uploads\/2025\/03\/TARJETA_ACCESO_CATALA\u2560uN.ai_.png",1004,650,false]},"post_excerpt_stackable_v2":"<p>El pr\u00f2xim 24 d&#8217;abril, en el marc de la festivitat de Sant Benito Menni, tindrem el privilegi de comptar amb el Dr. Jaume Duran, que ens oferir\u00e0 la confer\u00e8ncia\u00a0&#8220;Paral\u00b7lelismes entre la concepci\u00f3 antropol\u00f2gica de l\u2019Antic\u00a0Testament\u00a0i l\u2019evoluci\u00f3 neural del sistema nervi\u00f3s&#8221;. El Dr. Duran (Barcelona, 1963) \u00e9s especialista en medicina familiar i comunit\u00e0ria i actualment exerceix com a director general de la Fundaci\u00f3 Sanit\u00e0ria Mollet. A m\u00e9s, \u00e9s doctor en Filosofia i llicenciat en Ci\u00e8ncia Religiosa \u2013 Teologia B\u00edblica. El 2023 va publicar el llibre\u00a0La dimensi\u00f3 humana. Neurones i salms, on aprofundeix en la relaci\u00f3 entre la neuroci\u00e8ncia i l\u2019espiritualitat. El&hellip;<\/p>\n","category_list_v2":"<a href=\"https:\/\/fundaciohospitalariesmartorell.org\/entre-tots\/category\/actualitat\/\" rel=\"category tag\">ACTUALITAT<\/a>, <a href=\"https:\/\/fundaciohospitalariesmartorell.org\/entre-tots\/category\/actualitat\/col%c2%b7laboradors-es\/\" rel=\"category tag\">COL\u00b7LABORADORS\/ES<\/a>","author_info_v2":{"name":"Alba Felip","url":"https:\/\/fundaciohospitalariesmartorell.org\/entre-tots\/author\/afelipr\/"},"comments_num_v2":"0 comments","_links":{"self":[{"href":"https:\/\/fundaciohospitalariesmartorell.org\/entre-tots\/wp-json\/wp\/v2\/posts\/11039","targetHints":{"allow":["GET"]}}],"collection":[{"href":"https:\/\/fundaciohospitalariesmartorell.org\/entre-tots\/wp-json\/wp\/v2\/posts"}],"about":[{"href":"https:\/\/fundaciohospitalariesmartorell.org\/entre-tots\/wp-json\/wp\/v2\/types\/post"}],"author":[{"embeddable":true,"href":"https:\/\/fundaciohospitalariesmartorell.org\/entre-tots\/wp-json\/wp\/v2\/users\/5"}],"replies":[{"embeddable":true,"href":"https:\/\/fundaciohospitalariesmartorell.org\/entre-tots\/wp-json\/wp\/v2\/comments?post=11039"}],"version-history":[{"count":1,"href":"https:\/\/fundaciohospitalariesmartorell.org\/entre-tots\/wp-json\/wp\/v2\/posts\/11039\/revisions"}],"predecessor-version":[{"id":11041,"href":"https:\/\/fundaciohospitalariesmartorell.org\/entre-tots\/wp-json\/wp\/v2\/posts\/11039\/revisions\/11041"}],"wp:featuredmedia":[{"embeddable":true,"href":"https:\/\/fundaciohospitalariesmartorell.org\/entre-tots\/wp-json\/wp\/v2\/media\/11082"}],"wp:attachment":[{"href":"https:\/\/fundaciohospitalariesmartorell.org\/entre-tots\/wp-json\/wp\/v2\/media?parent=11039"}],"wp:term":[{"taxonomy":"category","embeddable":true,"href":"https:\/\/fundaciohospitalariesmartorell.org\/entre-tots\/wp-json\/wp\/v2\/categories?post=11039"},{"taxonomy":"post_tag","embeddable":true,"href":"https:\/\/fundaciohospitalariesmartorell.org\/entre-tots\/wp-json\/wp\/v2\/tags?post=11039"}],"curies":[{"name":"wp","href":"https:\/\/api.w.org\/{rel}","templated":true}]}}