{"id":11042,"date":"2025-03-11T11:16:11","date_gmt":"2025-03-11T10:16:11","guid":{"rendered":"https:\/\/fundaciohospitalariesmartorell.org\/entre-tots\/?p=11042"},"modified":"2025-03-27T08:46:40","modified_gmt":"2025-03-27T07:46:40","slug":"la-fundacio-hospitalaries-martorell-dona-suport-a-un-nou-projecte-de-cooperacio-a-togo-per-millorar-la-vida-de-les-dones-refugiades","status":"publish","type":"post","link":"https:\/\/fundaciohospitalariesmartorell.org\/entre-tots\/2025\/03\/la-fundacio-hospitalaries-martorell-dona-suport-a-un-nou-projecte-de-cooperacio-a-togo-per-millorar-la-vida-de-les-dones-refugiades\/","title":{"rendered":"La Fundaci\u00f3 Hospital\u00e0ries Martorell dona suport a un nou projecte de cooperaci\u00f3 a Togo per millorar la vida de les dones refugiades"},"content":{"rendered":"\n<figure class=\"wp-block-image size-full\"><img loading=\"lazy\" decoding=\"async\" width=\"790\" height=\"575\" src=\"https:\/\/fundaciohospitalariesmartorell.org\/entre-tots\/wp-content\/uploads\/2025\/03\/image-3.png\" alt=\"\" class=\"wp-image-11043\" srcset=\"https:\/\/fundaciohospitalariesmartorell.org\/entre-tots\/wp-content\/uploads\/2025\/03\/image-3.png 790w, https:\/\/fundaciohospitalariesmartorell.org\/entre-tots\/wp-content\/uploads\/2025\/03\/image-3-300x218.png 300w, https:\/\/fundaciohospitalariesmartorell.org\/entre-tots\/wp-content\/uploads\/2025\/03\/image-3-768x559.png 768w\" sizes=\"auto, (max-width: 790px) 100vw, 790px\" \/><\/figure>\n\n\n\n<p>Despr\u00e9s d\u2019assolir amb \u00e8xit l\u2019objectiu de finan\u00e7ar el projecte de la Fundaci\u00f3 Benito Menni per a <a href=\"https:\/\/fundaciohospitalariesmartorell.org\/entre-tots\/2024\/02\/lhospital-sagrat-cor-se-solidaritzara-el-2024-amb-dones-amb-malaltia-mental-altament-vulnerables-a-lindia\/\">l\u2019atenci\u00f3 sanit\u00e0ria i terap\u00e8utica a dones amb malaltia mental a Kazhakoottam, \u00cdndia<\/a>, la Fundaci\u00f3 Hospital\u00e0ries Martorell ha donat el tret de sortida a un nou projecte de col\u00b7laboraci\u00f3 internacional. Es tracta d&#8217;una iniciativa que t\u00e9 com a finalitat donar suport a la capacitaci\u00f3 i empoderament de dones refugiades i despla\u00e7ades internes al nord de Togo. <\/p>\n\n\n\n<p>Aquest projecte, que es desenvolupar\u00e0 a la ciutat de Dapaong, al nord de Togo, beneficiar\u00e0 directament a 100 dones despla\u00e7ades, aix\u00ed com als seus fills i filles (100 nenes i 100 nens), amb un impacte indirecte en m\u00e9s de 800 persones de la comunitat. L\u2019objectiu principal \u00e9s promoure l&#8217;autonomia econ\u00f2mica, el benestar psicosocial i la participaci\u00f3 comunit\u00e0ria de les dones refugiades i despla\u00e7ades, mitjan\u00e7ant formaci\u00f3, suport psicol\u00f2gic, recursos financers i defensa dels seus drets.<\/p>\n\n\n\n<p>Per a la realitzaci\u00f3 d\u2019aquest projecte, la Fundaci\u00f3 Hospital\u00e0ries Martorell necessita recaptar 34.384,01 \u20ac.<\/p>\n\n\n\n<p>Durant 2025 es duran a terme diverses activitats solid\u00e0ries, com Sant Jordi, els BCN Salut Games o la loteria de Nadal. No comencem de zero; gr\u00e0cies a un remenent de 1.000 \u20ac obtingut de la loteria de l\u2019any 2024, ja hem pogut fer una primera aportaci\u00f3 al projecte, posant aix\u00ed un petit gra de sorra en aquesta nova iniciativa de cooperaci\u00f3 internacional.<\/p>\n\n\n\n<div class=\"wp-block-stackable-heading stk-block-heading stk-block-heading--v2 stk-block stk-c8b0c1e\" id=\"mes-informacio-del-projecte\" data-block-id=\"c8b0c1e\"><h2 class=\"stk-block-heading__text\">M\u00e9s informaci\u00f3 del projecte<\/h2><\/div>\n\n\n\n<p>Segons informes de l&#8217;ACNUR i l&#8217;ONU, les dones despla\u00e7ades en aquesta zona s\u00f3n especialment vulnerables a la viol\u00e8ncia de g\u00e8nere, l&#8217;explotaci\u00f3 i la manca d&#8217;acc\u00e9s a serveis b\u00e0sics com la salut, l&#8217;educaci\u00f3 i l&#8217;habitatge. La manca d&#8217;infraestructures  adequades per atendre aquestes poblacions despla\u00e7ades, combinada amb l&#8217;abs\u00e8ncia de serveis de salut mental, representa un gran repte.<\/p>\n\n\n\n<p>Les experi\u00e8ncies traum\u00e0tiques associades amb el despla\u00e7ament, com la p\u00e8rdua d&#8217;\u00e9ssers estimats, la viol\u00e8ncia sexual i la inseguretat, tenen un impacte profund en el benestar psicol\u00f2gic d&#8217;aquestes dones. Sense acc\u00e9s a serveis de salut mental adequats, moltes d&#8217;elles lluiten per superar aquests traumes soles, cosa que dificulta la seva capacitat per participar plenament en la vida econ\u00f2mica i social, en comunitats on hi ha un elevat nivell de l&#8217;estigma cap a la malaltia mental.<\/p>\n\n\n\n<blockquote class=\"wp-block-quote is-layout-flow wp-block-quote-is-layout-flow\">\n<p>A m\u00e9s, moltes d&#8217;elles s\u00f3n caps de fam\u00edlia, responsables de la cura de nens i persones grans, la qual cosa augmenta la seva c\u00e0rrega econ\u00f2mica i emocional. La manca d&#8217;acc\u00e9s a recursos financers i oportunitats econ\u00f2miques limita la seva capacitat per reconstruir les seves vides i proporcionar un futur estable per a les seves fam\u00edlies. <\/p>\n<\/blockquote>\n\n\n\n<p>Segons un informe de l&#8217;ONU, el 65% de les dones despla\u00e7ades al nord de Togo s\u00f3n caps de fam\u00edlia. A m\u00e9s, es calcula que nom\u00e9s el 30% t\u00e9 acc\u00e9s a serveis de salut mental, malgrat les profundes experi\u00e8ncies traum\u00e0tiques associades amb el despla\u00e7ament.<\/p>\n\n\n\n<p>L&#8217;empoderament econ\u00f2mic de les dones despla\u00e7ades \u00e9s fonamental per millorar la seva qualitat de vida i la de les seves fam\u00edlies. Projectes anteriors a la regi\u00f3 han demostrat que proporcionar acc\u00e9s a formaci\u00f3 en habilitats empresarials i suport psicosocial pot transformar vides i comunitats. No obstant aix\u00f2, aquests esfor\u00e7os han de ser sostenibles i adaptats a les necessitats espec\u00edfiques de les dones d&#8217;aquesta regi\u00f3.<\/p>\n\n\n\n<p>El projecte busca abordar aquestes necessitats mitjan\u00e7ant la formaci\u00f3, el suport psicosocial, l&#8217;acc\u00e9s a recursos financers i la sensibilitzaci\u00f3 comunit\u00e0ria. A m\u00e9s,&nbsp;se&nbsp;centra en la creaci\u00f3 de xarxes de suport comunitari que permetin a les dones compartir experi\u00e8ncies, recursos i coneixements, fomentant aix\u00ed la solidaritat i la resili\u00e8ncia.<\/p>\n","protected":false},"excerpt":{"rendered":"<p>Despr\u00e9s d\u2019assolir amb \u00e8xit l\u2019objectiu de finan\u00e7ar el projecte de la Fundaci\u00f3 Benito Menni per a l\u2019atenci\u00f3 sanit\u00e0ria i terap\u00e8utica a dones amb malaltia mental a Kazhakoottam, \u00cdndia, la Fundaci\u00f3 Hospital\u00e0ries Martorell ha donat el tret de sortida a un nou projecte de col\u00b7laboraci\u00f3 internacional. Es tracta d&#8217;una iniciativa que t\u00e9 com a finalitat donar [&hellip;]<\/p>\n","protected":false},"author":5,"featured_media":11043,"comment_status":"closed","ping_status":"closed","sticky":false,"template":"","format":"standard","meta":{"footnotes":""},"categories":[27,61],"tags":[],"class_list":["post-11042","post","type-post","status-publish","format-standard","has-post-thumbnail","hentry","category-actualitat","category-societat"],"blocksy_meta":[],"featured_image_urls_v2":{"full":["https:\/\/fundaciohospitalariesmartorell.org\/entre-tots\/wp-content\/uploads\/2025\/03\/image-3.png",790,575,false],"thumbnail":["https:\/\/fundaciohospitalariesmartorell.org\/entre-tots\/wp-content\/uploads\/2025\/03\/image-3-150x150.png",150,150,true],"medium":["https:\/\/fundaciohospitalariesmartorell.org\/entre-tots\/wp-content\/uploads\/2025\/03\/image-3-300x218.png",300,218,true],"medium_large":["https:\/\/fundaciohospitalariesmartorell.org\/entre-tots\/wp-content\/uploads\/2025\/03\/image-3-768x559.png",768,559,true],"large":["https:\/\/fundaciohospitalariesmartorell.org\/entre-tots\/wp-content\/uploads\/2025\/03\/image-3.png",790,575,false],"1536x1536":["https:\/\/fundaciohospitalariesmartorell.org\/entre-tots\/wp-content\/uploads\/2025\/03\/image-3.png",790,575,false],"2048x2048":["https:\/\/fundaciohospitalariesmartorell.org\/entre-tots\/wp-content\/uploads\/2025\/03\/image-3.png",790,575,false],"mailpoet_newsletter_max":["https:\/\/fundaciohospitalariesmartorell.org\/entre-tots\/wp-content\/uploads\/2025\/03\/image-3.png",790,575,false]},"post_excerpt_stackable_v2":"<p>Despr\u00e9s d\u2019assolir amb \u00e8xit l\u2019objectiu de finan\u00e7ar el projecte de la Fundaci\u00f3 Benito Menni per a l\u2019atenci\u00f3 sanit\u00e0ria i terap\u00e8utica a dones amb malaltia mental a Kazhakoottam, \u00cdndia, la Fundaci\u00f3 Hospital\u00e0ries Martorell ha donat el tret de sortida a un nou projecte de col\u00b7laboraci\u00f3 internacional. Es tracta d&#8217;una iniciativa que t\u00e9 com a finalitat donar suport a la capacitaci\u00f3 i empoderament de dones refugiades i despla\u00e7ades internes al nord de Togo. Aquest projecte, que es desenvolupar\u00e0 a la ciutat de Dapaong, al nord de Togo, beneficiar\u00e0 directament a 100 dones despla\u00e7ades, aix\u00ed com als seus fills i filles (100 nenes&hellip;<\/p>\n","category_list_v2":"<a href=\"https:\/\/fundaciohospitalariesmartorell.org\/entre-tots\/category\/actualitat\/\" rel=\"category tag\">ACTUALITAT<\/a>, <a href=\"https:\/\/fundaciohospitalariesmartorell.org\/entre-tots\/category\/actualitat\/societat\/\" rel=\"category tag\">SOCIETAT<\/a>","author_info_v2":{"name":"Alba Felip","url":"https:\/\/fundaciohospitalariesmartorell.org\/entre-tots\/author\/afelipr\/"},"comments_num_v2":"0 comments","_links":{"self":[{"href":"https:\/\/fundaciohospitalariesmartorell.org\/entre-tots\/wp-json\/wp\/v2\/posts\/11042","targetHints":{"allow":["GET"]}}],"collection":[{"href":"https:\/\/fundaciohospitalariesmartorell.org\/entre-tots\/wp-json\/wp\/v2\/posts"}],"about":[{"href":"https:\/\/fundaciohospitalariesmartorell.org\/entre-tots\/wp-json\/wp\/v2\/types\/post"}],"author":[{"embeddable":true,"href":"https:\/\/fundaciohospitalariesmartorell.org\/entre-tots\/wp-json\/wp\/v2\/users\/5"}],"replies":[{"embeddable":true,"href":"https:\/\/fundaciohospitalariesmartorell.org\/entre-tots\/wp-json\/wp\/v2\/comments?post=11042"}],"version-history":[{"count":2,"href":"https:\/\/fundaciohospitalariesmartorell.org\/entre-tots\/wp-json\/wp\/v2\/posts\/11042\/revisions"}],"predecessor-version":[{"id":11155,"href":"https:\/\/fundaciohospitalariesmartorell.org\/entre-tots\/wp-json\/wp\/v2\/posts\/11042\/revisions\/11155"}],"wp:featuredmedia":[{"embeddable":true,"href":"https:\/\/fundaciohospitalariesmartorell.org\/entre-tots\/wp-json\/wp\/v2\/media\/11043"}],"wp:attachment":[{"href":"https:\/\/fundaciohospitalariesmartorell.org\/entre-tots\/wp-json\/wp\/v2\/media?parent=11042"}],"wp:term":[{"taxonomy":"category","embeddable":true,"href":"https:\/\/fundaciohospitalariesmartorell.org\/entre-tots\/wp-json\/wp\/v2\/categories?post=11042"},{"taxonomy":"post_tag","embeddable":true,"href":"https:\/\/fundaciohospitalariesmartorell.org\/entre-tots\/wp-json\/wp\/v2\/tags?post=11042"}],"curies":[{"name":"wp","href":"https:\/\/api.w.org\/{rel}","templated":true}]}}