{"id":11045,"date":"2025-03-11T12:48:10","date_gmt":"2025-03-11T11:48:10","guid":{"rendered":"https:\/\/fundaciohospitalariesmartorell.org\/entre-tots\/?p=11045"},"modified":"2025-03-11T12:48:10","modified_gmt":"2025-03-11T11:48:10","slug":"laugment-de-la-demanda-i-la-complexitat-de-la-salut-mental-son-anteriors-a-la-pandemia","status":"publish","type":"post","link":"https:\/\/fundaciohospitalariesmartorell.org\/entre-tots\/2025\/03\/laugment-de-la-demanda-i-la-complexitat-de-la-salut-mental-son-anteriors-a-la-pandemia\/","title":{"rendered":"L&#8217;augment de la demanda i la complexitat de la salut mental s\u00f3n anteriors a la pand\u00e8mia"},"content":{"rendered":"\n<figure class=\"wp-block-image size-large\"><img loading=\"lazy\" decoding=\"async\" width=\"1024\" height=\"576\" src=\"https:\/\/fundaciohospitalariesmartorell.org\/entre-tots\/wp-content\/uploads\/2025\/03\/Tweet-1-3-1024x576.png\" alt=\"\" class=\"wp-image-11046\" srcset=\"https:\/\/fundaciohospitalariesmartorell.org\/entre-tots\/wp-content\/uploads\/2025\/03\/Tweet-1-3-1024x576.png 1024w, https:\/\/fundaciohospitalariesmartorell.org\/entre-tots\/wp-content\/uploads\/2025\/03\/Tweet-1-3-300x169.png 300w, https:\/\/fundaciohospitalariesmartorell.org\/entre-tots\/wp-content\/uploads\/2025\/03\/Tweet-1-3-768x432.png 768w, https:\/\/fundaciohospitalariesmartorell.org\/entre-tots\/wp-content\/uploads\/2025\/03\/Tweet-1-3-1536x864.png 1536w, https:\/\/fundaciohospitalariesmartorell.org\/entre-tots\/wp-content\/uploads\/2025\/03\/Tweet-1-3-1320x743.png 1320w, https:\/\/fundaciohospitalariesmartorell.org\/entre-tots\/wp-content\/uploads\/2025\/03\/Tweet-1-3.png 1920w\" sizes=\"auto, (max-width: 1024px) 100vw, 1024px\" \/><\/figure>\n\n\n\n<p>Roger Ballesc\u00e0, coordinador de l\u2019\u00c0rea de Salut Mental Infantojuvenil de la Fundaci\u00f3 Hospital\u00e0ries Martorell, participa en aquesta entrevista a La Xarxa sobre els efectes de la pand\u00e8mia 5 anys despr\u00e9s. El psic\u00f2leg assenyala que la pand\u00e8mia va accelerar problemes de salut mental que ja s\u2019observaven des de feina anys. Segons explica, &#8220;vivim en un context ple d&#8217;incerteses, amb una gran pressi\u00f3 econ\u00f2mica, acad\u00e8mica, laboral i social, la qual genera una gran tensi\u00f3. Aquesta situaci\u00f3 es veu agreujada pel fet que, alhora, les persones tenen menys recursos personals, familiars i comunitaris per fer front a les dificultats que abans es gestionaven d\u2019una manera m\u00e9s col\u00b7lectiva&#8221;<\/p>\n\n\n\n<p>A m\u00e9s, adverteix que els serveis de salut mental estan molt saturats i tenen dificultats per oferir respostes adequades a les necessitats actuals. En aquest sentit, remarca que l&#8217;augment de la demanda i la complexitat dels casos de salut mental ja existien abans de la pand\u00e8mia.<\/p>\n\n\n\n<p>Podeu veure l&#8217;entrevista, <a href=\"https:\/\/www.laxarxa.cat\/programa\/noticies-en-xarxa-tv-mati\/relacionat\/hem-atribuit-a-la-pandemia-mes-impacte-en-salut-mental-del-que-va-tenir-\">aqu\u00ed<\/a>.<\/p>\n","protected":false},"excerpt":{"rendered":"<p>Roger Ballesc\u00e0, coordinador de l\u2019\u00c0rea de Salut Mental Infantojuvenil de la Fundaci\u00f3 Hospital\u00e0ries Martorell, participa en aquesta entrevista a La Xarxa sobre els efectes de la pand\u00e8mia 5 anys despr\u00e9s. El psic\u00f2leg assenyala que la pand\u00e8mia va accelerar problemes de salut mental que ja s\u2019observaven des de feina anys. Segons explica, &#8220;vivim en un context [&hellip;]<\/p>\n","protected":false},"author":5,"featured_media":0,"comment_status":"closed","ping_status":"","sticky":false,"template":"","format":"standard","meta":{"footnotes":""},"categories":[44],"tags":[],"class_list":["post-11045","post","type-post","status-publish","format-standard","hentry","category-entre-noticies"],"blocksy_meta":[],"featured_image_urls_v2":{"full":"","thumbnail":"","medium":"","medium_large":"","large":"","1536x1536":"","2048x2048":"","mailpoet_newsletter_max":""},"post_excerpt_stackable_v2":"<p>Roger Ballesc\u00e0, coordinador de l\u2019\u00c0rea de Salut Mental Infantojuvenil de la Fundaci\u00f3 Hospital\u00e0ries Martorell, participa en aquesta entrevista a La Xarxa sobre els efectes de la pand\u00e8mia 5 anys despr\u00e9s. El psic\u00f2leg assenyala que la pand\u00e8mia va accelerar problemes de salut mental que ja s\u2019observaven des de feina anys. Segons explica, &#8220;vivim en un context ple d&#8217;incerteses, amb una gran pressi\u00f3 econ\u00f2mica, acad\u00e8mica, laboral i social, la qual genera una gran tensi\u00f3. Aquesta situaci\u00f3 es veu agreujada pel fet que, alhora, les persones tenen menys recursos personals, familiars i comunitaris per fer front a les dificultats que abans es gestionaven&hellip;<\/p>\n","category_list_v2":"<a href=\"https:\/\/fundaciohospitalariesmartorell.org\/entre-tots\/category\/entre-noticies\/\" rel=\"category tag\">ENTRE NOT\u00cdCIES<\/a>","author_info_v2":{"name":"Alba Felip","url":"https:\/\/fundaciohospitalariesmartorell.org\/entre-tots\/author\/afelipr\/"},"comments_num_v2":"0 comments","_links":{"self":[{"href":"https:\/\/fundaciohospitalariesmartorell.org\/entre-tots\/wp-json\/wp\/v2\/posts\/11045","targetHints":{"allow":["GET"]}}],"collection":[{"href":"https:\/\/fundaciohospitalariesmartorell.org\/entre-tots\/wp-json\/wp\/v2\/posts"}],"about":[{"href":"https:\/\/fundaciohospitalariesmartorell.org\/entre-tots\/wp-json\/wp\/v2\/types\/post"}],"author":[{"embeddable":true,"href":"https:\/\/fundaciohospitalariesmartorell.org\/entre-tots\/wp-json\/wp\/v2\/users\/5"}],"replies":[{"embeddable":true,"href":"https:\/\/fundaciohospitalariesmartorell.org\/entre-tots\/wp-json\/wp\/v2\/comments?post=11045"}],"version-history":[{"count":1,"href":"https:\/\/fundaciohospitalariesmartorell.org\/entre-tots\/wp-json\/wp\/v2\/posts\/11045\/revisions"}],"predecessor-version":[{"id":11047,"href":"https:\/\/fundaciohospitalariesmartorell.org\/entre-tots\/wp-json\/wp\/v2\/posts\/11045\/revisions\/11047"}],"wp:attachment":[{"href":"https:\/\/fundaciohospitalariesmartorell.org\/entre-tots\/wp-json\/wp\/v2\/media?parent=11045"}],"wp:term":[{"taxonomy":"category","embeddable":true,"href":"https:\/\/fundaciohospitalariesmartorell.org\/entre-tots\/wp-json\/wp\/v2\/categories?post=11045"},{"taxonomy":"post_tag","embeddable":true,"href":"https:\/\/fundaciohospitalariesmartorell.org\/entre-tots\/wp-json\/wp\/v2\/tags?post=11045"}],"curies":[{"name":"wp","href":"https:\/\/api.w.org\/{rel}","templated":true}]}}