{"id":11059,"date":"2025-03-14T10:31:48","date_gmt":"2025-03-14T09:31:48","guid":{"rendered":"https:\/\/fundaciohospitalariesmartorell.org\/entre-tots\/?p=11059"},"modified":"2025-03-14T10:33:23","modified_gmt":"2025-03-14T09:33:23","slug":"tv3-limpacte-del-confinament-en-infants-i-adolescents-cinc-anys-despres-hi-ha-ferides-obertes","status":"publish","type":"post","link":"https:\/\/fundaciohospitalariesmartorell.org\/entre-tots\/2025\/03\/tv3-limpacte-del-confinament-en-infants-i-adolescents-cinc-anys-despres-hi-ha-ferides-obertes\/","title":{"rendered":"TV3 L&#8217;impacte del confinament en infants i adolescents, cinc anys despr\u00e9s: &#8220;Hi ha ferides obertes&#8221;"},"content":{"rendered":"\n<figure class=\"wp-block-image size-large\"><img loading=\"lazy\" decoding=\"async\" width=\"1024\" height=\"593\" src=\"https:\/\/fundaciohospitalariesmartorell.org\/entre-tots\/wp-content\/uploads\/2025\/03\/image-4-1024x593.png\" alt=\"\" class=\"wp-image-11060\" srcset=\"https:\/\/fundaciohospitalariesmartorell.org\/entre-tots\/wp-content\/uploads\/2025\/03\/image-4-1024x593.png 1024w, https:\/\/fundaciohospitalariesmartorell.org\/entre-tots\/wp-content\/uploads\/2025\/03\/image-4-300x174.png 300w, https:\/\/fundaciohospitalariesmartorell.org\/entre-tots\/wp-content\/uploads\/2025\/03\/image-4-768x445.png 768w, https:\/\/fundaciohospitalariesmartorell.org\/entre-tots\/wp-content\/uploads\/2025\/03\/image-4-1536x889.png 1536w, https:\/\/fundaciohospitalariesmartorell.org\/entre-tots\/wp-content\/uploads\/2025\/03\/image-4-2048x1185.png 2048w, https:\/\/fundaciohospitalariesmartorell.org\/entre-tots\/wp-content\/uploads\/2025\/03\/image-4-1320x764.png 1320w\" sizes=\"auto, (max-width: 1024px) 100vw, 1024px\" \/><\/figure>\n\n\n\n<p>El confinament per la Covid-19, l&#8217;any 2020, va afectar d&#8217;una manera especial als joves i adolescents, ja que \u00e9s una \u00e8poca en qu\u00e8 la relaci\u00f3 amb el grup d&#8217;iguals comen\u00e7a a tenir un pes molt important, i durant el confinament aix\u00f2 no va ser possible.<br><br><a href=\"https:\/\/www.linkedin.com\/in\/ACoAABZJFaABTJZN3QSRAXztGGTPaodPF1P2agc\"><\/a>Roger Ballesc\u00e0 i Ruiz, coordinador de l&#8217;\u00e0rea de salut mental infantil i juvenil de la Fundaci\u00f3 Hospital\u00e0ries Martorell, explica en aquesta intervenci\u00f3 a TV3 que aquesta franja d&#8217;edat va veure\u00a0greument afectades les seves &#8220;rutines&#8221;\u00a0i s\u00f3n &#8220;especialment vulnerables a l&#8217;a\u00efllament social&#8221;.<\/p>\n\n\n\n<p><a href=\"https:\/\/www.3cat.cat\/324\/limpacte-del-confinament-en-infants-i-adolescents-cinc-anys-despres-hi-ha-ferides-obertes\/noticia\/3340419\">https:\/\/www.3cat.cat\/324\/limpacte-del-confinament-en-infants-i-adolescents-cinc-anys-despres-hi-ha-ferides-obertes\/noticia\/3340419<\/a><\/p>\n\n\n\n<p><\/p>\n","protected":false},"excerpt":{"rendered":"<p>El confinament per la Covid-19, l&#8217;any 2020, va afectar d&#8217;una manera especial als joves i adolescents, ja que \u00e9s una \u00e8poca en qu\u00e8 la relaci\u00f3 amb el grup d&#8217;iguals comen\u00e7a a tenir un pes molt important, i durant el confinament aix\u00f2 no va ser possible. Roger Ballesc\u00e0 i Ruiz, coordinador de l&#8217;\u00e0rea de salut mental [&hellip;]<\/p>\n","protected":false},"author":5,"featured_media":11060,"comment_status":"closed","ping_status":"","sticky":false,"template":"","format":"standard","meta":{"footnotes":""},"categories":[44],"tags":[],"class_list":["post-11059","post","type-post","status-publish","format-standard","has-post-thumbnail","hentry","category-entre-noticies"],"blocksy_meta":[],"featured_image_urls_v2":{"full":["https:\/\/fundaciohospitalariesmartorell.org\/entre-tots\/wp-content\/uploads\/2025\/03\/image-4.png",2246,1300,false],"thumbnail":["https:\/\/fundaciohospitalariesmartorell.org\/entre-tots\/wp-content\/uploads\/2025\/03\/image-4-150x150.png",150,150,true],"medium":["https:\/\/fundaciohospitalariesmartorell.org\/entre-tots\/wp-content\/uploads\/2025\/03\/image-4-300x174.png",300,174,true],"medium_large":["https:\/\/fundaciohospitalariesmartorell.org\/entre-tots\/wp-content\/uploads\/2025\/03\/image-4-768x445.png",768,445,true],"large":["https:\/\/fundaciohospitalariesmartorell.org\/entre-tots\/wp-content\/uploads\/2025\/03\/image-4-1024x593.png",1024,593,true],"1536x1536":["https:\/\/fundaciohospitalariesmartorell.org\/entre-tots\/wp-content\/uploads\/2025\/03\/image-4-1536x889.png",1536,889,true],"2048x2048":["https:\/\/fundaciohospitalariesmartorell.org\/entre-tots\/wp-content\/uploads\/2025\/03\/image-4-2048x1185.png",2048,1185,true],"mailpoet_newsletter_max":["https:\/\/fundaciohospitalariesmartorell.org\/entre-tots\/wp-content\/uploads\/2025\/03\/image-4-1320x764.png",1320,764,true]},"post_excerpt_stackable_v2":"<p>El confinament per la Covid-19, l&#8217;any 2020, va afectar d&#8217;una manera especial als joves i adolescents, ja que \u00e9s una \u00e8poca en qu\u00e8 la relaci\u00f3 amb el grup d&#8217;iguals comen\u00e7a a tenir un pes molt important, i durant el confinament aix\u00f2 no va ser possible.Roger Ballesc\u00e0 i Ruiz, coordinador de l&#8217;\u00e0rea de salut mental infantil i juvenil de la Fundaci\u00f3 Hospital\u00e0ries Martorell, explica en aquesta intervenci\u00f3 a TV3 que aquesta franja d&#8217;edat va veure\u00a0greument afectades les seves &#8220;rutines&#8221;\u00a0i s\u00f3n &#8220;especialment vulnerables a l&#8217;a\u00efllament social&#8221;. https:\/\/www.3cat.cat\/324\/limpacte-del-confinament-en-infants-i-adolescents-cinc-anys-despres-hi-ha-ferides-obertes\/noticia\/3340419<\/p>\n","category_list_v2":"<a href=\"https:\/\/fundaciohospitalariesmartorell.org\/entre-tots\/category\/entre-noticies\/\" rel=\"category tag\">ENTRE NOT\u00cdCIES<\/a>","author_info_v2":{"name":"Alba Felip","url":"https:\/\/fundaciohospitalariesmartorell.org\/entre-tots\/author\/afelipr\/"},"comments_num_v2":"0 comments","_links":{"self":[{"href":"https:\/\/fundaciohospitalariesmartorell.org\/entre-tots\/wp-json\/wp\/v2\/posts\/11059","targetHints":{"allow":["GET"]}}],"collection":[{"href":"https:\/\/fundaciohospitalariesmartorell.org\/entre-tots\/wp-json\/wp\/v2\/posts"}],"about":[{"href":"https:\/\/fundaciohospitalariesmartorell.org\/entre-tots\/wp-json\/wp\/v2\/types\/post"}],"author":[{"embeddable":true,"href":"https:\/\/fundaciohospitalariesmartorell.org\/entre-tots\/wp-json\/wp\/v2\/users\/5"}],"replies":[{"embeddable":true,"href":"https:\/\/fundaciohospitalariesmartorell.org\/entre-tots\/wp-json\/wp\/v2\/comments?post=11059"}],"version-history":[{"count":1,"href":"https:\/\/fundaciohospitalariesmartorell.org\/entre-tots\/wp-json\/wp\/v2\/posts\/11059\/revisions"}],"predecessor-version":[{"id":11061,"href":"https:\/\/fundaciohospitalariesmartorell.org\/entre-tots\/wp-json\/wp\/v2\/posts\/11059\/revisions\/11061"}],"wp:featuredmedia":[{"embeddable":true,"href":"https:\/\/fundaciohospitalariesmartorell.org\/entre-tots\/wp-json\/wp\/v2\/media\/11060"}],"wp:attachment":[{"href":"https:\/\/fundaciohospitalariesmartorell.org\/entre-tots\/wp-json\/wp\/v2\/media?parent=11059"}],"wp:term":[{"taxonomy":"category","embeddable":true,"href":"https:\/\/fundaciohospitalariesmartorell.org\/entre-tots\/wp-json\/wp\/v2\/categories?post=11059"},{"taxonomy":"post_tag","embeddable":true,"href":"https:\/\/fundaciohospitalariesmartorell.org\/entre-tots\/wp-json\/wp\/v2\/tags?post=11059"}],"curies":[{"name":"wp","href":"https:\/\/api.w.org\/{rel}","templated":true}]}}