{"id":11063,"date":"2025-03-17T11:17:27","date_gmt":"2025-03-17T10:17:27","guid":{"rendered":"https:\/\/fundaciohospitalariesmartorell.org\/entre-tots\/?p=11063"},"modified":"2025-03-18T13:39:44","modified_gmt":"2025-03-18T12:39:44","slug":"una-quinzena-de-futurs-residents-descobreixen-el-valor-de-formar-se-amb-nosaltres-en-la-jornada-de-portes-obertes","status":"publish","type":"post","link":"https:\/\/fundaciohospitalariesmartorell.org\/entre-tots\/2025\/03\/una-quinzena-de-futurs-residents-descobreixen-el-valor-de-formar-se-amb-nosaltres-en-la-jornada-de-portes-obertes\/","title":{"rendered":"Una quinzena de futurs residents descobreixen el valor de formar-se amb nosaltres en la jornada de portes obertes"},"content":{"rendered":"\n<figure class=\"wp-block-image size-large\"><img loading=\"lazy\" decoding=\"async\" width=\"1600\" height=\"901\" src=\"https:\/\/fundaciohospitalariesmartorell.org\/entre-tots\/wp-content\/uploads\/2025\/03\/image-7-edited.png\" alt=\"\" class=\"wp-image-11069\" srcset=\"https:\/\/fundaciohospitalariesmartorell.org\/entre-tots\/wp-content\/uploads\/2025\/03\/image-7-edited.png 1600w, https:\/\/fundaciohospitalariesmartorell.org\/entre-tots\/wp-content\/uploads\/2025\/03\/image-7-edited-300x169.png 300w, https:\/\/fundaciohospitalariesmartorell.org\/entre-tots\/wp-content\/uploads\/2025\/03\/image-7-edited-1024x577.png 1024w, https:\/\/fundaciohospitalariesmartorell.org\/entre-tots\/wp-content\/uploads\/2025\/03\/image-7-edited-768x432.png 768w, https:\/\/fundaciohospitalariesmartorell.org\/entre-tots\/wp-content\/uploads\/2025\/03\/image-7-edited-1536x865.png 1536w, https:\/\/fundaciohospitalariesmartorell.org\/entre-tots\/wp-content\/uploads\/2025\/03\/image-7-edited-1320x743.png 1320w\" sizes=\"auto, (max-width: 1600px) 100vw, 1600px\" \/><\/figure>\n\n\n\n<p>El passat 12 de mar\u00e7 vam celebrar la jornada de portes obertes per a futurs residents MIR, PIR i IIR. En total, una quinzena de futurs professionals van tenir l\u2019oportunitat de con\u00e8ixer de prop la Fundaci\u00f3 Hospital\u00e0ries i descobrir per qu\u00e8 \u00e9s un centre de refer\u00e8ncia per a la seva formaci\u00f3.<\/p>\n\n\n\n<p>L\u2019acollida per part dels residents actuals va marcar l\u2019inici de la jornada, seguida d\u2019una visita per les instal\u00b7lacions. A continuaci\u00f3, va tenir lloc una presentaci\u00f3 on es van resoldre dubtes de tota mena. Finalment hi va haver una trobada amb el cap d\u2019estudis, Fernando Boatas; la tutora PIR, Francesca Amores; la tutora MIR, \u00c0gueda Solivellas; la tutora IIR, Mar\u00eda Plana, i diversos residents.<\/p>\n\n\n\n<p>El col\u00b7loqui va permetre destacar els punts forts del centre, com la seva formaci\u00f3 integral i vers\u00e0til, que prepara els i les residents per a qualsevol repte professional. Per\u00f2, sobretot, es va posar en relleu el valor afegit de la nostra insituci\u00f3: un entorn d\u2019aprenentatge basat en l\u2019Hospitalitat, on el creixement professional va de la m\u00e0 d\u2019una atenci\u00f3 humana i propera.<\/p>\n","protected":false},"excerpt":{"rendered":"<p>El passat 12 de mar\u00e7 vam celebrar la jornada de portes obertes per a futurs residents MIR, PIR i IIR. En total, una quinzena de futurs professionals van tenir l\u2019oportunitat de con\u00e8ixer de prop la Fundaci\u00f3 Hospital\u00e0ries i descobrir per qu\u00e8 \u00e9s un centre de refer\u00e8ncia per a la seva formaci\u00f3. L\u2019acollida per part dels [&hellip;]<\/p>\n","protected":false},"author":5,"featured_media":11066,"comment_status":"closed","ping_status":"closed","sticky":false,"template":"","format":"standard","meta":{"footnotes":""},"categories":[27],"tags":[],"class_list":["post-11063","post","type-post","status-publish","format-standard","has-post-thumbnail","hentry","category-actualitat"],"blocksy_meta":[],"featured_image_urls_v2":{"full":["https:\/\/fundaciohospitalariesmartorell.org\/entre-tots\/wp-content\/uploads\/2025\/03\/image-6.png",1599,1305,false],"thumbnail":["https:\/\/fundaciohospitalariesmartorell.org\/entre-tots\/wp-content\/uploads\/2025\/03\/image-6-150x150.png",150,150,true],"medium":["https:\/\/fundaciohospitalariesmartorell.org\/entre-tots\/wp-content\/uploads\/2025\/03\/image-6-300x245.png",300,245,true],"medium_large":["https:\/\/fundaciohospitalariesmartorell.org\/entre-tots\/wp-content\/uploads\/2025\/03\/image-6-768x627.png",768,627,true],"large":["https:\/\/fundaciohospitalariesmartorell.org\/entre-tots\/wp-content\/uploads\/2025\/03\/image-6-1024x836.png",1024,836,true],"1536x1536":["https:\/\/fundaciohospitalariesmartorell.org\/entre-tots\/wp-content\/uploads\/2025\/03\/image-6-1536x1254.png",1536,1254,true],"2048x2048":["https:\/\/fundaciohospitalariesmartorell.org\/entre-tots\/wp-content\/uploads\/2025\/03\/image-6.png",1599,1305,false],"mailpoet_newsletter_max":["https:\/\/fundaciohospitalariesmartorell.org\/entre-tots\/wp-content\/uploads\/2025\/03\/image-6-1320x1077.png",1320,1077,true]},"post_excerpt_stackable_v2":"<p>El passat 12 de mar\u00e7 vam celebrar la jornada de portes obertes per a futurs residents MIR, PIR i IIR. En total, una quinzena de futurs professionals van tenir l\u2019oportunitat de con\u00e8ixer de prop la Fundaci\u00f3 Hospital\u00e0ries i descobrir per qu\u00e8 \u00e9s un centre de refer\u00e8ncia per a la seva formaci\u00f3. L\u2019acollida per part dels residents actuals va marcar l\u2019inici de la jornada, seguida d\u2019una visita per les instal\u00b7lacions. A continuaci\u00f3, va tenir lloc una presentaci\u00f3 on es van resoldre dubtes de tota mena. Finalment hi va haver una trobada amb el cap d\u2019estudis, Fernando Boatas; la tutora PIR, Francesca&hellip;<\/p>\n","category_list_v2":"<a href=\"https:\/\/fundaciohospitalariesmartorell.org\/entre-tots\/category\/actualitat\/\" rel=\"category tag\">ACTUALITAT<\/a>","author_info_v2":{"name":"Alba Felip","url":"https:\/\/fundaciohospitalariesmartorell.org\/entre-tots\/author\/afelipr\/"},"comments_num_v2":"0 comments","_links":{"self":[{"href":"https:\/\/fundaciohospitalariesmartorell.org\/entre-tots\/wp-json\/wp\/v2\/posts\/11063","targetHints":{"allow":["GET"]}}],"collection":[{"href":"https:\/\/fundaciohospitalariesmartorell.org\/entre-tots\/wp-json\/wp\/v2\/posts"}],"about":[{"href":"https:\/\/fundaciohospitalariesmartorell.org\/entre-tots\/wp-json\/wp\/v2\/types\/post"}],"author":[{"embeddable":true,"href":"https:\/\/fundaciohospitalariesmartorell.org\/entre-tots\/wp-json\/wp\/v2\/users\/5"}],"replies":[{"embeddable":true,"href":"https:\/\/fundaciohospitalariesmartorell.org\/entre-tots\/wp-json\/wp\/v2\/comments?post=11063"}],"version-history":[{"count":1,"href":"https:\/\/fundaciohospitalariesmartorell.org\/entre-tots\/wp-json\/wp\/v2\/posts\/11063\/revisions"}],"predecessor-version":[{"id":11070,"href":"https:\/\/fundaciohospitalariesmartorell.org\/entre-tots\/wp-json\/wp\/v2\/posts\/11063\/revisions\/11070"}],"wp:featuredmedia":[{"embeddable":true,"href":"https:\/\/fundaciohospitalariesmartorell.org\/entre-tots\/wp-json\/wp\/v2\/media\/11066"}],"wp:attachment":[{"href":"https:\/\/fundaciohospitalariesmartorell.org\/entre-tots\/wp-json\/wp\/v2\/media?parent=11063"}],"wp:term":[{"taxonomy":"category","embeddable":true,"href":"https:\/\/fundaciohospitalariesmartorell.org\/entre-tots\/wp-json\/wp\/v2\/categories?post=11063"},{"taxonomy":"post_tag","embeddable":true,"href":"https:\/\/fundaciohospitalariesmartorell.org\/entre-tots\/wp-json\/wp\/v2\/tags?post=11063"}],"curies":[{"name":"wp","href":"https:\/\/api.w.org\/{rel}","templated":true}]}}