{"id":11071,"date":"2025-03-18T10:04:07","date_gmt":"2025-03-18T09:04:07","guid":{"rendered":"https:\/\/fundaciohospitalariesmartorell.org\/entre-tots\/?p=11071"},"modified":"2025-03-18T10:04:08","modified_gmt":"2025-03-18T09:04:08","slug":"depressio-i-demencia-reptes-i-avancos-en-el-xviii-curs-dactualitzacio-en-psicogeriatria","status":"publish","type":"post","link":"https:\/\/fundaciohospitalariesmartorell.org\/entre-tots\/2025\/03\/depressio-i-demencia-reptes-i-avancos-en-el-xviii-curs-dactualitzacio-en-psicogeriatria\/","title":{"rendered":"Depressi\u00f3 i dem\u00e8ncia: reptes i avan\u00e7os en el XVIII Curs d\u2019Actualitzaci\u00f3 en Psicogeriatria\u00a0"},"content":{"rendered":"\n<figure class=\"wp-block-image size-large\"><img loading=\"lazy\" decoding=\"async\" width=\"1024\" height=\"739\" src=\"https:\/\/fundaciohospitalariesmartorell.org\/entre-tots\/wp-content\/uploads\/2025\/03\/WhatsApp-Image-2025-03-18-at-08.27.32-2-1024x739.jpeg\" alt=\"\" class=\"wp-image-11072\" srcset=\"https:\/\/fundaciohospitalariesmartorell.org\/entre-tots\/wp-content\/uploads\/2025\/03\/WhatsApp-Image-2025-03-18-at-08.27.32-2-1024x739.jpeg 1024w, https:\/\/fundaciohospitalariesmartorell.org\/entre-tots\/wp-content\/uploads\/2025\/03\/WhatsApp-Image-2025-03-18-at-08.27.32-2-300x217.jpeg 300w, https:\/\/fundaciohospitalariesmartorell.org\/entre-tots\/wp-content\/uploads\/2025\/03\/WhatsApp-Image-2025-03-18-at-08.27.32-2-768x554.jpeg 768w, https:\/\/fundaciohospitalariesmartorell.org\/entre-tots\/wp-content\/uploads\/2025\/03\/WhatsApp-Image-2025-03-18-at-08.27.32-2-1536x1109.jpeg 1536w, https:\/\/fundaciohospitalariesmartorell.org\/entre-tots\/wp-content\/uploads\/2025\/03\/WhatsApp-Image-2025-03-18-at-08.27.32-2-1320x953.jpeg 1320w, https:\/\/fundaciohospitalariesmartorell.org\/entre-tots\/wp-content\/uploads\/2025\/03\/WhatsApp-Image-2025-03-18-at-08.27.32-2.jpeg 1600w\" sizes=\"auto, (max-width: 1024px) 100vw, 1024px\" \/><\/figure>\n\n\n\n<p>El passat 7 de mar\u00e7 es va celebrar, en format en l\u00ednia, el 18\u00e8 Curs d\u2019Actualitzaci\u00f3 en Psicogeriatria. Aquest curs forma part de la 24a edici\u00f3 del M\u00e0ster de Psicogeriatria que la Fundaci\u00f3 Hospital\u00e0ries Martorell organitza conjuntament amb el Departament de Psiquiatria i Medicina Legal de la Universitat Aut\u00f2noma de Barcelona des de 1998. A m\u00e9s dels alumnes del m\u00e0ster, el curs s\u2019obre tamb\u00e9 al p\u00fablic professional interessat, i en aquesta edici\u00f3 ha comptat amb m\u00e9s de 1.500 persones inscrites d\u2019arreu de l\u2019Estat espanyol, Llatinoam\u00e8rica i altres pa\u00efsos d\u2019Europa.&nbsp;<\/p>\n\n\n\n<p>La tem\u00e0tica d\u2019enguany s\u2019ha centrat en la relaci\u00f3 entre la depressi\u00f3 i la dem\u00e8ncia, una frontera sovint inestable entre ambdues entitats, amb nombroses implicacions diagn\u00f2stiques, cl\u00edniques, terap\u00e8utiques i pron\u00f2stiques que encara avui presenten grans reptes i \u00e0rees que requereixen m\u00e9s investigaci\u00f3.&nbsp;<\/p>\n\n\n\n<p>El programa ha comptat amb la intervenci\u00f3 d\u2019experts de renom com el Dr. Manuel Mart\u00edn Carrasco, de la Fundaci\u00f3 Hospital\u00e0ries a Pamplona; el Dr. Manuel Gon\u00e7alves, de la Universitat Nova de Lisboa; el Dr. Jos\u00e9 Manuel Santacruz, de la Universitat Javeriana de Bogot\u00e0, Col\u00f2mbia; el Dr. Hern\u00e1n Aguilar, de l\u2019Hospital Universitari d\u2019Uppsala, Su\u00e8cia; i, finalment, la Dra. Adriana Hermida, catedr\u00e0tica de Psiquiatria a la Universitat d\u2019Emory, a Atlanta, EUA, i presidenta de l\u2019Associaci\u00f3 Internacional de Ter\u00e0pia Electroconvulsiva.&nbsp;<\/p>\n\n\n\n<p>Aquestes intervencions han mostrat la complexitat de la relaci\u00f3 entre la depressi\u00f3 i la dem\u00e8ncia, incloent-hi el paper d\u2019esdeveniments primerencs en la psicobiografia de les persones, aix\u00ed com aspectes relatius al diagn\u00f2stic diferencial i a les seves implicacions terap\u00e8utiques, siguin farmacol\u00f2giques o relacionades amb ter\u00e0pies de neuromodulaci\u00f3, incloent-hi les m\u00e9s innovadores.&nbsp;<\/p>\n\n\n\n<p>Totes les presentacions van ser d\u2019un alt nivell cient\u00edfic i seguides amb molt d\u2019inter\u00e8s, tal com va demostrar la participaci\u00f3 del p\u00fablic en les nombroses preguntes que van formular als ponents al final de la jornada.&nbsp;<\/p>\n\n\n\n<p><\/p>\n","protected":false},"excerpt":{"rendered":"<p>El passat 7 de mar\u00e7 es va celebrar, en format en l\u00ednia, el 18\u00e8 Curs d\u2019Actualitzaci\u00f3 en Psicogeriatria. Aquest curs forma part de la 24a edici\u00f3 del M\u00e0ster de Psicogeriatria que la Fundaci\u00f3 Hospital\u00e0ries Martorell organitza conjuntament amb el Departament de Psiquiatria i Medicina Legal de la Universitat Aut\u00f2noma de Barcelona des de 1998. A [&hellip;]<\/p>\n","protected":false},"author":6,"featured_media":11073,"comment_status":"closed","ping_status":"closed","sticky":false,"template":"","format":"standard","meta":{"footnotes":""},"categories":[27,58],"tags":[],"class_list":["post-11071","post","type-post","status-publish","format-standard","has-post-thumbnail","hentry","category-actualitat","category-collaboradors-es"],"blocksy_meta":[],"featured_image_urls_v2":{"full":["https:\/\/fundaciohospitalariesmartorell.org\/entre-tots\/wp-content\/uploads\/2025\/03\/WhatsApp-Image-2025-03-18-at-08.27.32-2-1.jpeg",1600,1155,false],"thumbnail":["https:\/\/fundaciohospitalariesmartorell.org\/entre-tots\/wp-content\/uploads\/2025\/03\/WhatsApp-Image-2025-03-18-at-08.27.32-2-1-150x150.jpeg",150,150,true],"medium":["https:\/\/fundaciohospitalariesmartorell.org\/entre-tots\/wp-content\/uploads\/2025\/03\/WhatsApp-Image-2025-03-18-at-08.27.32-2-1-300x217.jpeg",300,217,true],"medium_large":["https:\/\/fundaciohospitalariesmartorell.org\/entre-tots\/wp-content\/uploads\/2025\/03\/WhatsApp-Image-2025-03-18-at-08.27.32-2-1-768x554.jpeg",768,554,true],"large":["https:\/\/fundaciohospitalariesmartorell.org\/entre-tots\/wp-content\/uploads\/2025\/03\/WhatsApp-Image-2025-03-18-at-08.27.32-2-1-1024x739.jpeg",1024,739,true],"1536x1536":["https:\/\/fundaciohospitalariesmartorell.org\/entre-tots\/wp-content\/uploads\/2025\/03\/WhatsApp-Image-2025-03-18-at-08.27.32-2-1-1536x1109.jpeg",1536,1109,true],"2048x2048":["https:\/\/fundaciohospitalariesmartorell.org\/entre-tots\/wp-content\/uploads\/2025\/03\/WhatsApp-Image-2025-03-18-at-08.27.32-2-1.jpeg",1600,1155,false],"mailpoet_newsletter_max":["https:\/\/fundaciohospitalariesmartorell.org\/entre-tots\/wp-content\/uploads\/2025\/03\/WhatsApp-Image-2025-03-18-at-08.27.32-2-1-1320x953.jpeg",1320,953,true]},"post_excerpt_stackable_v2":"<p>El passat 7 de mar\u00e7 es va celebrar, en format en l\u00ednia, el 18\u00e8 Curs d\u2019Actualitzaci\u00f3 en Psicogeriatria. Aquest curs forma part de la 24a edici\u00f3 del M\u00e0ster de Psicogeriatria que la Fundaci\u00f3 Hospital\u00e0ries Martorell organitza conjuntament amb el Departament de Psiquiatria i Medicina Legal de la Universitat Aut\u00f2noma de Barcelona des de 1998. A m\u00e9s dels alumnes del m\u00e0ster, el curs s\u2019obre tamb\u00e9 al p\u00fablic professional interessat, i en aquesta edici\u00f3 ha comptat amb m\u00e9s de 1.500 persones inscrites d\u2019arreu de l\u2019Estat espanyol, Llatinoam\u00e8rica i altres pa\u00efsos d\u2019Europa.&nbsp; La tem\u00e0tica d\u2019enguany s\u2019ha centrat en la relaci\u00f3 entre la depressi\u00f3&hellip;<\/p>\n","category_list_v2":"<a href=\"https:\/\/fundaciohospitalariesmartorell.org\/entre-tots\/category\/actualitat\/\" rel=\"category tag\">ACTUALITAT<\/a>, <a href=\"https:\/\/fundaciohospitalariesmartorell.org\/entre-tots\/category\/actualitat\/col%c2%b7laboradors-es\/\" rel=\"category tag\">COL\u00b7LABORADORS\/ES<\/a>","author_info_v2":{"name":"Martorell_comunicacio","url":"https:\/\/fundaciohospitalariesmartorell.org\/entre-tots\/author\/martorell_comunicacio\/"},"comments_num_v2":"0 comments","_links":{"self":[{"href":"https:\/\/fundaciohospitalariesmartorell.org\/entre-tots\/wp-json\/wp\/v2\/posts\/11071","targetHints":{"allow":["GET"]}}],"collection":[{"href":"https:\/\/fundaciohospitalariesmartorell.org\/entre-tots\/wp-json\/wp\/v2\/posts"}],"about":[{"href":"https:\/\/fundaciohospitalariesmartorell.org\/entre-tots\/wp-json\/wp\/v2\/types\/post"}],"author":[{"embeddable":true,"href":"https:\/\/fundaciohospitalariesmartorell.org\/entre-tots\/wp-json\/wp\/v2\/users\/6"}],"replies":[{"embeddable":true,"href":"https:\/\/fundaciohospitalariesmartorell.org\/entre-tots\/wp-json\/wp\/v2\/comments?post=11071"}],"version-history":[{"count":1,"href":"https:\/\/fundaciohospitalariesmartorell.org\/entre-tots\/wp-json\/wp\/v2\/posts\/11071\/revisions"}],"predecessor-version":[{"id":11074,"href":"https:\/\/fundaciohospitalariesmartorell.org\/entre-tots\/wp-json\/wp\/v2\/posts\/11071\/revisions\/11074"}],"wp:featuredmedia":[{"embeddable":true,"href":"https:\/\/fundaciohospitalariesmartorell.org\/entre-tots\/wp-json\/wp\/v2\/media\/11073"}],"wp:attachment":[{"href":"https:\/\/fundaciohospitalariesmartorell.org\/entre-tots\/wp-json\/wp\/v2\/media?parent=11071"}],"wp:term":[{"taxonomy":"category","embeddable":true,"href":"https:\/\/fundaciohospitalariesmartorell.org\/entre-tots\/wp-json\/wp\/v2\/categories?post=11071"},{"taxonomy":"post_tag","embeddable":true,"href":"https:\/\/fundaciohospitalariesmartorell.org\/entre-tots\/wp-json\/wp\/v2\/tags?post=11071"}],"curies":[{"name":"wp","href":"https:\/\/api.w.org\/{rel}","templated":true}]}}