{"id":11075,"date":"2025-03-18T10:12:17","date_gmt":"2025-03-18T09:12:17","guid":{"rendered":"https:\/\/fundaciohospitalariesmartorell.org\/entre-tots\/?p=11075"},"modified":"2025-03-18T10:12:17","modified_gmt":"2025-03-18T09:12:17","slug":"el-dr-manel-sanchez-interve-al-senat-demanant-un-acces-equitatiu-i-a-temps-als-millors-tractaments-per-a-lalzheimer","status":"publish","type":"post","link":"https:\/\/fundaciohospitalariesmartorell.org\/entre-tots\/2025\/03\/el-dr-manel-sanchez-interve-al-senat-demanant-un-acces-equitatiu-i-a-temps-als-millors-tractaments-per-a-lalzheimer\/","title":{"rendered":"El Dr. Manel S\u00e1nchez interv\u00e9 al Senat demanant un acc\u00e9s equitatiu i a temps als millors tractaments per a l\u2019Alzheimer\u00a0"},"content":{"rendered":"\n<figure class=\"wp-block-image size-large\"><img loading=\"lazy\" decoding=\"async\" width=\"959\" height=\"1024\" src=\"https:\/\/fundaciohospitalariesmartorell.org\/entre-tots\/wp-content\/uploads\/2025\/03\/a1624873-d8eb-49f8-99f4-36d1873188e3-959x1024.jpg\" alt=\"\" class=\"wp-image-11076\" srcset=\"https:\/\/fundaciohospitalariesmartorell.org\/entre-tots\/wp-content\/uploads\/2025\/03\/a1624873-d8eb-49f8-99f4-36d1873188e3-959x1024.jpg 959w, https:\/\/fundaciohospitalariesmartorell.org\/entre-tots\/wp-content\/uploads\/2025\/03\/a1624873-d8eb-49f8-99f4-36d1873188e3-281x300.jpg 281w, https:\/\/fundaciohospitalariesmartorell.org\/entre-tots\/wp-content\/uploads\/2025\/03\/a1624873-d8eb-49f8-99f4-36d1873188e3-768x820.jpg 768w, https:\/\/fundaciohospitalariesmartorell.org\/entre-tots\/wp-content\/uploads\/2025\/03\/a1624873-d8eb-49f8-99f4-36d1873188e3-1439x1536.jpg 1439w, https:\/\/fundaciohospitalariesmartorell.org\/entre-tots\/wp-content\/uploads\/2025\/03\/a1624873-d8eb-49f8-99f4-36d1873188e3-1320x1409.jpg 1320w, https:\/\/fundaciohospitalariesmartorell.org\/entre-tots\/wp-content\/uploads\/2025\/03\/a1624873-d8eb-49f8-99f4-36d1873188e3.jpg 1499w\" sizes=\"auto, (max-width: 959px) 100vw, 959px\" \/><\/figure>\n\n\n\n<p>El passat 13 de mar\u00e7, el Dr. Manel S\u00e1nchez P\u00e9rez, responsable de l\u2019\u00c0rea de Gesti\u00f3 del Coneixement de la Fundaci\u00f3 Hospital\u00e0ries Martorell i president de la Societat Espanyola de Psicogeriatria (SEPG), va intervenir al Senat en el marc de la presentaci\u00f3 del <em>Pacto por el Recuerdo<\/em> de la Confederaci\u00f3 Espanyola d\u2019Alzheimer i Altres Dem\u00e8ncies (Ceafa). Durant la seva intervenci\u00f3 a la Cambra Alta va destacar la necessitat que els pacients amb Alzheimer i altres dem\u00e8ncies tinguin un acc\u00e9s equitatiu i a temps als millors tractaments farmacol\u00f2gics, no farmacol\u00f2gics i de cures.&nbsp;&nbsp;<\/p>\n\n\n\n<p>En la seva intervenci\u00f3, el Dr. S\u00e1nchez va destacar dos moments cr\u00edtics per a les persones afectades i les seves fam\u00edlies: el diagn\u00f2stic i l\u2019aparici\u00f3 de trastorns psicol\u00f2gics o conductuals. Va assenyalar que aquestes situacions generen un gran estr\u00e8s tant per als pacients com per als seus cuidadors, i va alertar sobre la falta de recursos per a una resposta sanit\u00e0ria r\u00e0pida i efectiva.&nbsp;<\/p>\n\n\n\n<p>A m\u00e9s, va posar \u00e8mfasi en la necessitat d\u2019implementar tractaments no farmacol\u00f2gics amb evid\u00e8ncia terap\u00e8utica demostrada, encara escassament presents en els sistemes p\u00fablics de salut. Tamb\u00e9 va destacar el paper fonamental dels cuidadors, sovint dones que assumeixen una c\u00e0rrega f\u00edsica i emocional que pot derivar en problemes de salut propis. \u201cTenir cura a casa \u2014o fins i tot en una resid\u00e8ncia o altres institucions\u2014 d\u2019un pacient amb Alzheimer i trastorns greus de la conducta, com agitaci\u00f3, conducta agressiva, depressi\u00f3, risc de su\u00efcidi o conductes catastr\u00f2fiques, nom\u00e9s per citar-ne alguns, aix\u00ed com d\u2019altres trastorns aparentment menys greus, per\u00f2 molt freq\u00fcents, com l\u2019apatia (una dolorosa indifer\u00e8ncia que genera un gran patiment emocional en els \u00e9ssers estimats), suposa un esfor\u00e7 tit\u00e0nic per a qui assumeix el rol de cuidador principal. Sovint, aquesta tasca recau en una dona cuidadora, que en molts casos acaba convertint-se ella mateixa en pacient, v\u00edctima d\u2019un sobreesfor\u00e7 permanent amb conseq\u00fc\u00e8ncies emocionals i f\u00edsiques incontestables\u201d, va exposar.&nbsp;<\/p>\n\n\n\n<p>El <em>Pacto por el Recuerdo<\/em> pret\u00e9n sensibilitzar la societat i els responsables pol\u00edtics sobre la magnitud de la malaltia d&#8217;Alzheimer, fent una crida a evitar l\u2019&#8221;anosogn\u00f2sia pol\u00edtica&#8221;, \u00e9s a dir, la negaci\u00f3 de la gravetat i l\u2019impacte d\u2019aquesta patologia en la societat.&nbsp;<\/p>\n\n\n\n<figure class=\"wp-block-image size-large\"><img loading=\"lazy\" decoding=\"async\" width=\"1024\" height=\"822\" src=\"https:\/\/fundaciohospitalariesmartorell.org\/entre-tots\/wp-content\/uploads\/2025\/03\/0e93fd1c-7f7a-4329-9c76-c34054ac76f5-1024x822.jpg\" alt=\"\" class=\"wp-image-11077\" srcset=\"https:\/\/fundaciohospitalariesmartorell.org\/entre-tots\/wp-content\/uploads\/2025\/03\/0e93fd1c-7f7a-4329-9c76-c34054ac76f5-1024x822.jpg 1024w, https:\/\/fundaciohospitalariesmartorell.org\/entre-tots\/wp-content\/uploads\/2025\/03\/0e93fd1c-7f7a-4329-9c76-c34054ac76f5-300x241.jpg 300w, https:\/\/fundaciohospitalariesmartorell.org\/entre-tots\/wp-content\/uploads\/2025\/03\/0e93fd1c-7f7a-4329-9c76-c34054ac76f5-768x616.jpg 768w, https:\/\/fundaciohospitalariesmartorell.org\/entre-tots\/wp-content\/uploads\/2025\/03\/0e93fd1c-7f7a-4329-9c76-c34054ac76f5.jpg 1195w\" sizes=\"auto, (max-width: 1024px) 100vw, 1024px\" \/><\/figure>\n\n\n\n<figure class=\"wp-block-embed is-type-video is-provider-youtube wp-block-embed-youtube wp-embed-aspect-16-9 wp-has-aspect-ratio\"><div class=\"wp-block-embed__wrapper\">\n<iframe loading=\"lazy\" title=\"Acto de lectura del &quot;Pacto por el Recuerdo&quot; - 13 de marzo de 2025 - 11 horas\" width=\"1290\" height=\"726\" src=\"https:\/\/www.youtube.com\/embed\/hMEcsugUo3w?feature=oembed\" frameborder=\"0\" allow=\"accelerometer; autoplay; clipboard-write; encrypted-media; gyroscope; picture-in-picture; web-share\" referrerpolicy=\"strict-origin-when-cross-origin\" allowfullscreen><\/iframe>\n<\/div><\/figure>\n\n\n\n<p><\/p>\n","protected":false},"excerpt":{"rendered":"<p>El passat 13 de mar\u00e7, el Dr. Manel S\u00e1nchez P\u00e9rez, responsable de l\u2019\u00c0rea de Gesti\u00f3 del Coneixement de la Fundaci\u00f3 Hospital\u00e0ries Martorell i president de la Societat Espanyola de Psicogeriatria (SEPG), va intervenir al Senat en el marc de la presentaci\u00f3 del Pacto por el Recuerdo de la Confederaci\u00f3 Espanyola d\u2019Alzheimer i Altres Dem\u00e8ncies (Ceafa). [&hellip;]<\/p>\n","protected":false},"author":6,"featured_media":11076,"comment_status":"closed","ping_status":"","sticky":false,"template":"","format":"standard","meta":{"footnotes":""},"categories":[27,61],"tags":[],"class_list":["post-11075","post","type-post","status-publish","format-standard","has-post-thumbnail","hentry","category-actualitat","category-societat"],"blocksy_meta":[],"featured_image_urls_v2":{"full":["https:\/\/fundaciohospitalariesmartorell.org\/entre-tots\/wp-content\/uploads\/2025\/03\/a1624873-d8eb-49f8-99f4-36d1873188e3.jpg",1499,1600,false],"thumbnail":["https:\/\/fundaciohospitalariesmartorell.org\/entre-tots\/wp-content\/uploads\/2025\/03\/a1624873-d8eb-49f8-99f4-36d1873188e3-150x150.jpg",150,150,true],"medium":["https:\/\/fundaciohospitalariesmartorell.org\/entre-tots\/wp-content\/uploads\/2025\/03\/a1624873-d8eb-49f8-99f4-36d1873188e3-281x300.jpg",281,300,true],"medium_large":["https:\/\/fundaciohospitalariesmartorell.org\/entre-tots\/wp-content\/uploads\/2025\/03\/a1624873-d8eb-49f8-99f4-36d1873188e3-768x820.jpg",768,820,true],"large":["https:\/\/fundaciohospitalariesmartorell.org\/entre-tots\/wp-content\/uploads\/2025\/03\/a1624873-d8eb-49f8-99f4-36d1873188e3-959x1024.jpg",959,1024,true],"1536x1536":["https:\/\/fundaciohospitalariesmartorell.org\/entre-tots\/wp-content\/uploads\/2025\/03\/a1624873-d8eb-49f8-99f4-36d1873188e3-1439x1536.jpg",1439,1536,true],"2048x2048":["https:\/\/fundaciohospitalariesmartorell.org\/entre-tots\/wp-content\/uploads\/2025\/03\/a1624873-d8eb-49f8-99f4-36d1873188e3.jpg",1499,1600,false],"mailpoet_newsletter_max":["https:\/\/fundaciohospitalariesmartorell.org\/entre-tots\/wp-content\/uploads\/2025\/03\/a1624873-d8eb-49f8-99f4-36d1873188e3-1320x1409.jpg",1320,1409,true]},"post_excerpt_stackable_v2":"<p>El passat 13 de mar\u00e7, el Dr. Manel S\u00e1nchez P\u00e9rez, responsable de l\u2019\u00c0rea de Gesti\u00f3 del Coneixement de la Fundaci\u00f3 Hospital\u00e0ries Martorell i president de la Societat Espanyola de Psicogeriatria (SEPG), va intervenir al Senat en el marc de la presentaci\u00f3 del Pacto por el Recuerdo de la Confederaci\u00f3 Espanyola d\u2019Alzheimer i Altres Dem\u00e8ncies (Ceafa). Durant la seva intervenci\u00f3 a la Cambra Alta va destacar la necessitat que els pacients amb Alzheimer i altres dem\u00e8ncies tinguin un acc\u00e9s equitatiu i a temps als millors tractaments farmacol\u00f2gics, no farmacol\u00f2gics i de cures.&nbsp;&nbsp; En la seva intervenci\u00f3, el Dr. S\u00e1nchez va destacar&hellip;<\/p>\n","category_list_v2":"<a href=\"https:\/\/fundaciohospitalariesmartorell.org\/entre-tots\/category\/actualitat\/\" rel=\"category tag\">ACTUALITAT<\/a>, <a href=\"https:\/\/fundaciohospitalariesmartorell.org\/entre-tots\/category\/actualitat\/societat\/\" rel=\"category tag\">SOCIETAT<\/a>","author_info_v2":{"name":"Martorell_comunicacio","url":"https:\/\/fundaciohospitalariesmartorell.org\/entre-tots\/author\/martorell_comunicacio\/"},"comments_num_v2":"0 comments","_links":{"self":[{"href":"https:\/\/fundaciohospitalariesmartorell.org\/entre-tots\/wp-json\/wp\/v2\/posts\/11075","targetHints":{"allow":["GET"]}}],"collection":[{"href":"https:\/\/fundaciohospitalariesmartorell.org\/entre-tots\/wp-json\/wp\/v2\/posts"}],"about":[{"href":"https:\/\/fundaciohospitalariesmartorell.org\/entre-tots\/wp-json\/wp\/v2\/types\/post"}],"author":[{"embeddable":true,"href":"https:\/\/fundaciohospitalariesmartorell.org\/entre-tots\/wp-json\/wp\/v2\/users\/6"}],"replies":[{"embeddable":true,"href":"https:\/\/fundaciohospitalariesmartorell.org\/entre-tots\/wp-json\/wp\/v2\/comments?post=11075"}],"version-history":[{"count":1,"href":"https:\/\/fundaciohospitalariesmartorell.org\/entre-tots\/wp-json\/wp\/v2\/posts\/11075\/revisions"}],"predecessor-version":[{"id":11078,"href":"https:\/\/fundaciohospitalariesmartorell.org\/entre-tots\/wp-json\/wp\/v2\/posts\/11075\/revisions\/11078"}],"wp:featuredmedia":[{"embeddable":true,"href":"https:\/\/fundaciohospitalariesmartorell.org\/entre-tots\/wp-json\/wp\/v2\/media\/11076"}],"wp:attachment":[{"href":"https:\/\/fundaciohospitalariesmartorell.org\/entre-tots\/wp-json\/wp\/v2\/media?parent=11075"}],"wp:term":[{"taxonomy":"category","embeddable":true,"href":"https:\/\/fundaciohospitalariesmartorell.org\/entre-tots\/wp-json\/wp\/v2\/categories?post=11075"},{"taxonomy":"post_tag","embeddable":true,"href":"https:\/\/fundaciohospitalariesmartorell.org\/entre-tots\/wp-json\/wp\/v2\/tags?post=11075"}],"curies":[{"name":"wp","href":"https:\/\/api.w.org\/{rel}","templated":true}]}}