{"id":11079,"date":"2025-03-18T11:05:23","date_gmt":"2025-03-18T10:05:23","guid":{"rendered":"https:\/\/fundaciohospitalariesmartorell.org\/entre-tots\/?p=11079"},"modified":"2025-03-18T11:05:23","modified_gmt":"2025-03-18T10:05:23","slug":"latencio-basada-en-drets-es-possible-interessant-conferencia-de-la-dra-meritxell-centeno","status":"publish","type":"post","link":"https:\/\/fundaciohospitalariesmartorell.org\/entre-tots\/2025\/03\/latencio-basada-en-drets-es-possible-interessant-conferencia-de-la-dra-meritxell-centeno\/","title":{"rendered":"L\u2019atenci\u00f3 basada en drets \u00e9s possible? Interessant confer\u00e8ncia de la Dra. Meritxell Centeno"},"content":{"rendered":"\n<figure class=\"wp-block-image size-large\"><img loading=\"lazy\" decoding=\"async\" width=\"1024\" height=\"768\" src=\"https:\/\/fundaciohospitalariesmartorell.org\/entre-tots\/wp-content\/uploads\/2025\/03\/WhatsApp-Image-2025-03-12-at-12.42.22-1024x768.jpeg\" alt=\"\" class=\"wp-image-11080\" srcset=\"https:\/\/fundaciohospitalariesmartorell.org\/entre-tots\/wp-content\/uploads\/2025\/03\/WhatsApp-Image-2025-03-12-at-12.42.22-1024x768.jpeg 1024w, https:\/\/fundaciohospitalariesmartorell.org\/entre-tots\/wp-content\/uploads\/2025\/03\/WhatsApp-Image-2025-03-12-at-12.42.22-300x225.jpeg 300w, https:\/\/fundaciohospitalariesmartorell.org\/entre-tots\/wp-content\/uploads\/2025\/03\/WhatsApp-Image-2025-03-12-at-12.42.22-768x576.jpeg 768w, https:\/\/fundaciohospitalariesmartorell.org\/entre-tots\/wp-content\/uploads\/2025\/03\/WhatsApp-Image-2025-03-12-at-12.42.22-1536x1152.jpeg 1536w, https:\/\/fundaciohospitalariesmartorell.org\/entre-tots\/wp-content\/uploads\/2025\/03\/WhatsApp-Image-2025-03-12-at-12.42.22-1320x990.jpeg 1320w, https:\/\/fundaciohospitalariesmartorell.org\/entre-tots\/wp-content\/uploads\/2025\/03\/WhatsApp-Image-2025-03-12-at-12.42.22.jpeg 1600w\" sizes=\"auto, (max-width: 1024px) 100vw, 1024px\" \/><\/figure>\n\n\n\n<p>La Dra. Meritxell Centeno, directora assistencial de la Fundaci\u00f3 Hospital\u00e0ries de Sant Boi va visitar el nostre centre el passat 12 de ma\u00e7 per oferir-nos una confer\u00e8ncia sobre els anomenats \u201c<a rel=\"noreferrer noopener\" target=\"_blank\" href=\"https:\/\/fundaciohospitalariesmartorell.org\/entre-tots\/2024\/05\/lhospital-sagrat-cor-es-compromet-amb-la-certificacio-quality-rights-en-salut-mental\/\">Quality Rigts<\/a>\u201d en salut mental. La Dra. Centeno lidera el grup de treball d\u2019atenci\u00f3 basada en drets del PDSMiA.<\/p>\n\n\n\n<p>Els Quality Rights (QR) s\u00f3n una iniciativa de l\u2019OMS, basada en la Convenci\u00f3 sobre els Drets de les Persones amb Discapacitat de l\u2019ONU. El novembre de 2023, la Generalitat de Catalunya va signar un acord amb l&#8217;OMS per implementar aquesta iniciativa al nostre pa\u00eds.<\/p>\n\n\n\n<p>L&#8217;objectiu dels QR \u00e9s promoure els drets humans i la recuperaci\u00f3 en l&#8217;\u00e0mbit de la salut mental. Aix\u00f2 inclou l\u2019eliminaci\u00f3 de pr\u00e0ctiques coercitives, el dret al consentiment informat, el foment de l\u2019autonomia i la capacitat de decisi\u00f3, la inclusi\u00f3 comunit\u00e0ria i el suport a la recuperaci\u00f3.<\/p>\n\n\n\n<p>Per assolir aquests objectius, la iniciativa QR treballa en diverses l\u00ednies d\u2019actuaci\u00f3:<\/p>\n\n\n\n<ul class=\"wp-block-list\">\n<li>Augmentar la sensibilitzaci\u00f3 i informar la poblaci\u00f3 de Catalunya.<\/li>\n\n\n\n<li>Informar i formar persones amb experi\u00e8ncia viscuda, cuidadors informals, professionals sanitaris, socials i de suport a Catalunya.<\/li>\n\n\n\n<li>Informar i sensibilitzar persones clau en aquest \u00e0mbit.<\/li>\n\n\n\n<li>Avaluar programes, serveis i centres de Catalunya.<\/li>\n\n\n\n<li>Dissenyar, aplicar i avaluar pol\u00edtiques p\u00fabliques de salut mental.<\/li>\n\n\n\n<li>Col\u00b7laborar en la difusi\u00f3, el seguiment i l\u2019aplicaci\u00f3 de la iniciativa Quality Rights de l\u2019OMS en altres pa\u00efsos.<\/li>\n<\/ul>\n\n\n\n<p>Durant la confer\u00e8ncia, la Dra. Centeno va exposar les activitats formatives que est\u00e0 impulsant el Departament de Salut, en col\u00b7laboraci\u00f3 amb l\u2019entitat Obertament, per capacitar formadors en Quality Rights. Aquests formadors, al seu torn, transmetran els coneixements als professionals de l\u2019\u00e0mbit sanitari i social.<\/p>\n\n\n\n<p>En aquesta l\u00ednia, Sant Joan de D\u00e9u i la Fundaci\u00f3 Hospital\u00e0ries han signat un acord per desenvolupar conjuntament activitats formatives en atenci\u00f3 basada en drets, dirigides als professionals d\u2019ambdues institucions.<\/p>\n\n\n\n<p>A m\u00e9s, la Dra. Centeno va destacar algunes actuacions concretes en atenci\u00f3 basada en drets, especialment en la participaci\u00f3 del pacient en el seu proc\u00e9s terap\u00e8utic i en l\u2019eliminaci\u00f3 de mesures coercitives. En relaci\u00f3 amb la participaci\u00f3, va parlar de la implementaci\u00f3 dels Plans de Decisions Anticipades (PDA). Pel que fa a la reducci\u00f3 de mesures coercitives, va fer refer\u00e8ncia als ingressos involuntaris i a les contencions mec\u00e0niques.<\/p>\n\n\n\n<p>Per concloure, la Dra. Centeno va remarcar que, en molts aspectes, ja s\u2019est\u00e0 avan\u00e7ant cap a un model d\u2019atenci\u00f3 basada en drets. Tot i que el canvi \u00e9s lent, per\u00f2 progressiu, va insistir en la necessitat de continuar implicant tots els agents socials i pol\u00edtics per garantir que les persones amb un trastorn mental siguin ciutadans de ple dret.<\/p>\n\n\n\n<p><\/p>\n","protected":false},"excerpt":{"rendered":"<p>La Dra. Meritxell Centeno, directora assistencial de la Fundaci\u00f3 Hospital\u00e0ries de Sant Boi va visitar el nostre centre el passat 12 de ma\u00e7 per oferir-nos una confer\u00e8ncia sobre els anomenats \u201cQuality Rigts\u201d en salut mental. La Dra. Centeno lidera el grup de treball d\u2019atenci\u00f3 basada en drets del PDSMiA. Els Quality Rights (QR) s\u00f3n una [&hellip;]<\/p>\n","protected":false},"author":6,"featured_media":11080,"comment_status":"closed","ping_status":"","sticky":false,"template":"","format":"standard","meta":{"footnotes":""},"categories":[27,58],"tags":[],"class_list":["post-11079","post","type-post","status-publish","format-standard","has-post-thumbnail","hentry","category-actualitat","category-collaboradors-es"],"blocksy_meta":[],"featured_image_urls_v2":{"full":["https:\/\/fundaciohospitalariesmartorell.org\/entre-tots\/wp-content\/uploads\/2025\/03\/WhatsApp-Image-2025-03-12-at-12.42.22.jpeg",1600,1200,false],"thumbnail":["https:\/\/fundaciohospitalariesmartorell.org\/entre-tots\/wp-content\/uploads\/2025\/03\/WhatsApp-Image-2025-03-12-at-12.42.22-150x150.jpeg",150,150,true],"medium":["https:\/\/fundaciohospitalariesmartorell.org\/entre-tots\/wp-content\/uploads\/2025\/03\/WhatsApp-Image-2025-03-12-at-12.42.22-300x225.jpeg",300,225,true],"medium_large":["https:\/\/fundaciohospitalariesmartorell.org\/entre-tots\/wp-content\/uploads\/2025\/03\/WhatsApp-Image-2025-03-12-at-12.42.22-768x576.jpeg",768,576,true],"large":["https:\/\/fundaciohospitalariesmartorell.org\/entre-tots\/wp-content\/uploads\/2025\/03\/WhatsApp-Image-2025-03-12-at-12.42.22-1024x768.jpeg",1024,768,true],"1536x1536":["https:\/\/fundaciohospitalariesmartorell.org\/entre-tots\/wp-content\/uploads\/2025\/03\/WhatsApp-Image-2025-03-12-at-12.42.22-1536x1152.jpeg",1536,1152,true],"2048x2048":["https:\/\/fundaciohospitalariesmartorell.org\/entre-tots\/wp-content\/uploads\/2025\/03\/WhatsApp-Image-2025-03-12-at-12.42.22.jpeg",1600,1200,false],"mailpoet_newsletter_max":["https:\/\/fundaciohospitalariesmartorell.org\/entre-tots\/wp-content\/uploads\/2025\/03\/WhatsApp-Image-2025-03-12-at-12.42.22-1320x990.jpeg",1320,990,true]},"post_excerpt_stackable_v2":"<p>La Dra. Meritxell Centeno, directora assistencial de la Fundaci\u00f3 Hospital\u00e0ries de Sant Boi va visitar el nostre centre el passat 12 de ma\u00e7 per oferir-nos una confer\u00e8ncia sobre els anomenats \u201cQuality Rigts\u201d en salut mental. La Dra. Centeno lidera el grup de treball d\u2019atenci\u00f3 basada en drets del PDSMiA. Els Quality Rights (QR) s\u00f3n una iniciativa de l\u2019OMS, basada en la Convenci\u00f3 sobre els Drets de les Persones amb Discapacitat de l\u2019ONU. El novembre de 2023, la Generalitat de Catalunya va signar un acord amb l&#8217;OMS per implementar aquesta iniciativa al nostre pa\u00eds. L&#8217;objectiu dels QR \u00e9s promoure els drets&hellip;<\/p>\n","category_list_v2":"<a href=\"https:\/\/fundaciohospitalariesmartorell.org\/entre-tots\/category\/actualitat\/\" rel=\"category tag\">ACTUALITAT<\/a>, <a href=\"https:\/\/fundaciohospitalariesmartorell.org\/entre-tots\/category\/actualitat\/col%c2%b7laboradors-es\/\" rel=\"category tag\">COL\u00b7LABORADORS\/ES<\/a>","author_info_v2":{"name":"Martorell_comunicacio","url":"https:\/\/fundaciohospitalariesmartorell.org\/entre-tots\/author\/martorell_comunicacio\/"},"comments_num_v2":"0 comments","_links":{"self":[{"href":"https:\/\/fundaciohospitalariesmartorell.org\/entre-tots\/wp-json\/wp\/v2\/posts\/11079","targetHints":{"allow":["GET"]}}],"collection":[{"href":"https:\/\/fundaciohospitalariesmartorell.org\/entre-tots\/wp-json\/wp\/v2\/posts"}],"about":[{"href":"https:\/\/fundaciohospitalariesmartorell.org\/entre-tots\/wp-json\/wp\/v2\/types\/post"}],"author":[{"embeddable":true,"href":"https:\/\/fundaciohospitalariesmartorell.org\/entre-tots\/wp-json\/wp\/v2\/users\/6"}],"replies":[{"embeddable":true,"href":"https:\/\/fundaciohospitalariesmartorell.org\/entre-tots\/wp-json\/wp\/v2\/comments?post=11079"}],"version-history":[{"count":1,"href":"https:\/\/fundaciohospitalariesmartorell.org\/entre-tots\/wp-json\/wp\/v2\/posts\/11079\/revisions"}],"predecessor-version":[{"id":11081,"href":"https:\/\/fundaciohospitalariesmartorell.org\/entre-tots\/wp-json\/wp\/v2\/posts\/11079\/revisions\/11081"}],"wp:featuredmedia":[{"embeddable":true,"href":"https:\/\/fundaciohospitalariesmartorell.org\/entre-tots\/wp-json\/wp\/v2\/media\/11080"}],"wp:attachment":[{"href":"https:\/\/fundaciohospitalariesmartorell.org\/entre-tots\/wp-json\/wp\/v2\/media?parent=11079"}],"wp:term":[{"taxonomy":"category","embeddable":true,"href":"https:\/\/fundaciohospitalariesmartorell.org\/entre-tots\/wp-json\/wp\/v2\/categories?post=11079"},{"taxonomy":"post_tag","embeddable":true,"href":"https:\/\/fundaciohospitalariesmartorell.org\/entre-tots\/wp-json\/wp\/v2\/tags?post=11079"}],"curies":[{"name":"wp","href":"https:\/\/api.w.org\/{rel}","templated":true}]}}