{"id":11112,"date":"2025-03-25T09:19:14","date_gmt":"2025-03-25T08:19:14","guid":{"rendered":"https:\/\/fundaciohospitalariesmartorell.org\/entre-tots\/?p=11112"},"modified":"2025-03-25T09:19:14","modified_gmt":"2025-03-25T08:19:14","slug":"seliminen-les-safates-de-correu-intern","status":"publish","type":"post","link":"https:\/\/fundaciohospitalariesmartorell.org\/entre-tots\/2025\/03\/seliminen-les-safates-de-correu-intern\/","title":{"rendered":"S&#8217;eliminen les safates de correu intern"},"content":{"rendered":"\n<div class=\"wp-block-media-text is-stacked-on-mobile\"><figure class=\"wp-block-media-text__media\"><img decoding=\"async\" src=\"blob:https:\/\/fundaciohospitalariesmartorell.org\/7f3c8ba4-7aed-467d-a64d-3e271318a0a3\"\/><\/figure><div class=\"wp-block-media-text__content\">\n<p>Aquest mes de mar\u00e7 ha entrat en funcionament un nou procediment per a la gesti\u00f3 dels sobres i documents entre personal col\u00b7laborador, departaments i equipaments. Amb el proc\u00e9s de digitalitzaci\u00f3, el sistema actual de comunicaci\u00f3 interna ha quedat obsolet i, per aquest motiu,&nbsp;s\u2019eliminen les safates de correu intern ubicades a la sala de reprografia de l\u2019edifici 1.<\/p>\n\n\n\n<p>Els nous precediments son:<\/p>\n\n\n\n<p><strong>1. Enviament de sobres entre personal col\u00b7laborador<\/strong><\/p>\n\n\n\n<ul class=\"wp-block-list\">\n<li>Els sobres s&#8217;han de dipositar a&nbsp;recepci\u00f3.<\/li>\n\n\n\n<li>La persona que els lliura \u00e9s\u00a0responsable d\u2019avisar al destinatari.<\/li>\n<\/ul>\n<\/div><\/div>\n\n\n\n<p><strong>2. Enviament de sobres entre centres (MRW)<\/strong><\/p>\n\n\n\n<ul class=\"wp-block-list\">\n<li>Es disposa d\u2019una\u00a0safata espec\u00edfica a recepci\u00f3.<\/li>\n\n\n\n<li>Tots els sobres han d\u2019estar\u00a0tancats\u00a0i correctament\u00a0identificats\u00a0amb el nom del centre destinatari.<\/li>\n<\/ul>\n\n\n\n<p><strong>3. Documentaci\u00f3 per a facturaci\u00f3 i comptabilitat<\/strong><\/p>\n\n\n\n<ul class=\"wp-block-list\">\n<li>El personal col\u00b7laborador ha de sol\u00b7licitar a recepci\u00f3 que avisin el departament perqu\u00e8 els documents siguin recollits.<\/li>\n\n\n\n<li>Horari de recollida:\u00a0de 8:00 h a 14:00 h.<\/li>\n<\/ul>\n\n\n\n<p><strong>4. Altres procediments<\/strong><\/p>\n\n\n\n<ul class=\"wp-block-list\">\n<li>PAOS i Arxiu:\u00a0Els documents i hist\u00f2ries cl\u00edniques es deixen a\u00a0admissions.<\/li>\n\n\n\n<li>Horari de recepci\u00f3:\u00a0de 8:00 h a 14:00 h.<\/li>\n<\/ul>\n\n\n\n<p>Per a qualsevol dubte, podeu contactar amb la Unitat d&#8217;Atenci\u00f3 a l&#8217;Usuari.<\/p>\n\n\n\n<p><\/p>\n","protected":false},"excerpt":{"rendered":"<p>2. Enviament de sobres entre centres (MRW) 3. Documentaci\u00f3 per a facturaci\u00f3 i comptabilitat 4. Altres procediments Per a qualsevol dubte, podeu contactar amb la Unitat d&#8217;Atenci\u00f3 a l&#8217;Usuari.<\/p>\n","protected":false},"author":6,"featured_media":11113,"comment_status":"closed","ping_status":"","sticky":false,"template":"","format":"standard","meta":{"footnotes":""},"categories":[27,60],"tags":[],"class_list":["post-11112","post","type-post","status-publish","format-standard","has-post-thumbnail","hentry","category-actualitat","category-medi-ambient"],"blocksy_meta":[],"featured_image_urls_v2":{"full":["https:\/\/fundaciohospitalariesmartorell.org\/entre-tots\/wp-content\/uploads\/2025\/03\/WhatsApp-Image-2025-03-24-at-15.48.18-scaled.jpeg",1920,2560,false],"thumbnail":["https:\/\/fundaciohospitalariesmartorell.org\/entre-tots\/wp-content\/uploads\/2025\/03\/WhatsApp-Image-2025-03-24-at-15.48.18-150x150.jpeg",150,150,true],"medium":["https:\/\/fundaciohospitalariesmartorell.org\/entre-tots\/wp-content\/uploads\/2025\/03\/WhatsApp-Image-2025-03-24-at-15.48.18-225x300.jpeg",225,300,true],"medium_large":["https:\/\/fundaciohospitalariesmartorell.org\/entre-tots\/wp-content\/uploads\/2025\/03\/WhatsApp-Image-2025-03-24-at-15.48.18-768x1024.jpeg",768,1024,true],"large":["https:\/\/fundaciohospitalariesmartorell.org\/entre-tots\/wp-content\/uploads\/2025\/03\/WhatsApp-Image-2025-03-24-at-15.48.18-768x1024.jpeg",768,1024,true],"1536x1536":["https:\/\/fundaciohospitalariesmartorell.org\/entre-tots\/wp-content\/uploads\/2025\/03\/WhatsApp-Image-2025-03-24-at-15.48.18-1152x1536.jpeg",1152,1536,true],"2048x2048":["https:\/\/fundaciohospitalariesmartorell.org\/entre-tots\/wp-content\/uploads\/2025\/03\/WhatsApp-Image-2025-03-24-at-15.48.18-1536x2048.jpeg",1536,2048,true],"mailpoet_newsletter_max":["https:\/\/fundaciohospitalariesmartorell.org\/entre-tots\/wp-content\/uploads\/2025\/03\/WhatsApp-Image-2025-03-24-at-15.48.18-1320x1760.jpeg",1320,1760,true]},"post_excerpt_stackable_v2":"<p>Aquest mes de mar\u00e7 ha entrat en funcionament un nou procediment per a la gesti\u00f3 dels sobres i documents entre personal col\u00b7laborador, departaments i equipaments. Amb el proc\u00e9s de digitalitzaci\u00f3, el sistema actual de comunicaci\u00f3 interna ha quedat obsolet i, per aquest motiu,&nbsp;s\u2019eliminen les safates de correu intern ubicades a la sala de reprografia de l\u2019edifici 1. Els nous precediments son: 1. Enviament de sobres entre personal col\u00b7laborador Els sobres s&#8217;han de dipositar a&nbsp;recepci\u00f3. La persona que els lliura \u00e9s\u00a0responsable d\u2019avisar al destinatari. 2. Enviament de sobres entre centres (MRW) Es disposa d\u2019una\u00a0safata espec\u00edfica a recepci\u00f3. Tots els sobres han&hellip;<\/p>\n","category_list_v2":"<a href=\"https:\/\/fundaciohospitalariesmartorell.org\/entre-tots\/category\/actualitat\/\" rel=\"category tag\">ACTUALITAT<\/a>, <a href=\"https:\/\/fundaciohospitalariesmartorell.org\/entre-tots\/category\/actualitat\/medi-ambient\/\" rel=\"category tag\">MEDI AMBIENT<\/a>","author_info_v2":{"name":"Martorell_comunicacio","url":"https:\/\/fundaciohospitalariesmartorell.org\/entre-tots\/author\/martorell_comunicacio\/"},"comments_num_v2":"0 comments","_links":{"self":[{"href":"https:\/\/fundaciohospitalariesmartorell.org\/entre-tots\/wp-json\/wp\/v2\/posts\/11112","targetHints":{"allow":["GET"]}}],"collection":[{"href":"https:\/\/fundaciohospitalariesmartorell.org\/entre-tots\/wp-json\/wp\/v2\/posts"}],"about":[{"href":"https:\/\/fundaciohospitalariesmartorell.org\/entre-tots\/wp-json\/wp\/v2\/types\/post"}],"author":[{"embeddable":true,"href":"https:\/\/fundaciohospitalariesmartorell.org\/entre-tots\/wp-json\/wp\/v2\/users\/6"}],"replies":[{"embeddable":true,"href":"https:\/\/fundaciohospitalariesmartorell.org\/entre-tots\/wp-json\/wp\/v2\/comments?post=11112"}],"version-history":[{"count":1,"href":"https:\/\/fundaciohospitalariesmartorell.org\/entre-tots\/wp-json\/wp\/v2\/posts\/11112\/revisions"}],"predecessor-version":[{"id":11114,"href":"https:\/\/fundaciohospitalariesmartorell.org\/entre-tots\/wp-json\/wp\/v2\/posts\/11112\/revisions\/11114"}],"wp:featuredmedia":[{"embeddable":true,"href":"https:\/\/fundaciohospitalariesmartorell.org\/entre-tots\/wp-json\/wp\/v2\/media\/11113"}],"wp:attachment":[{"href":"https:\/\/fundaciohospitalariesmartorell.org\/entre-tots\/wp-json\/wp\/v2\/media?parent=11112"}],"wp:term":[{"taxonomy":"category","embeddable":true,"href":"https:\/\/fundaciohospitalariesmartorell.org\/entre-tots\/wp-json\/wp\/v2\/categories?post=11112"},{"taxonomy":"post_tag","embeddable":true,"href":"https:\/\/fundaciohospitalariesmartorell.org\/entre-tots\/wp-json\/wp\/v2\/tags?post=11112"}],"curies":[{"name":"wp","href":"https:\/\/api.w.org\/{rel}","templated":true}]}}