{"id":11152,"date":"2025-03-26T14:44:22","date_gmt":"2025-03-26T13:44:22","guid":{"rendered":"https:\/\/fundaciohospitalariesmartorell.org\/entre-tots\/?p=11152"},"modified":"2025-03-26T14:44:22","modified_gmt":"2025-03-26T13:44:22","slug":"tv3-els-pares-saben-que-passa-a-lhabitacio-del-seu-fill-limpacte-de-la-serie-adolescent","status":"publish","type":"post","link":"https:\/\/fundaciohospitalariesmartorell.org\/entre-tots\/2025\/03\/tv3-els-pares-saben-que-passa-a-lhabitacio-del-seu-fill-limpacte-de-la-serie-adolescent\/","title":{"rendered":"TV3 Els pares saben qu\u00e8 passa a l\u2019habitaci\u00f3 del seu fill? L\u2019impacte de la s\u00e8rie \u201cAdolescent\u201d"},"content":{"rendered":"\n<figure class=\"wp-block-image size-large\"><a href=\"https:\/\/www.3cat.cat\/3cat\/els-pares-saben-que-passa-a-lhabitacio-del-seu-fill-limpacte-de-la-serie-adolescent\/video\/6332030\/\"><img loading=\"lazy\" decoding=\"async\" width=\"1024\" height=\"576\" src=\"https:\/\/fundaciohospitalariesmartorell.org\/entre-tots\/wp-content\/uploads\/2025\/03\/Tweet-1-1-1-1024x576.png\" alt=\"\" class=\"wp-image-11153\" srcset=\"https:\/\/fundaciohospitalariesmartorell.org\/entre-tots\/wp-content\/uploads\/2025\/03\/Tweet-1-1-1-1024x576.png 1024w, https:\/\/fundaciohospitalariesmartorell.org\/entre-tots\/wp-content\/uploads\/2025\/03\/Tweet-1-1-1-300x169.png 300w, https:\/\/fundaciohospitalariesmartorell.org\/entre-tots\/wp-content\/uploads\/2025\/03\/Tweet-1-1-1-768x432.png 768w, https:\/\/fundaciohospitalariesmartorell.org\/entre-tots\/wp-content\/uploads\/2025\/03\/Tweet-1-1-1-1536x864.png 1536w, https:\/\/fundaciohospitalariesmartorell.org\/entre-tots\/wp-content\/uploads\/2025\/03\/Tweet-1-1-1-1320x743.png 1320w, https:\/\/fundaciohospitalariesmartorell.org\/entre-tots\/wp-content\/uploads\/2025\/03\/Tweet-1-1-1.png 1920w\" sizes=\"auto, (max-width: 1024px) 100vw, 1024px\" \/><\/a><\/figure>\n\n\n\n<p>La s\u00e8rie de Netflix Adolescent, amb m\u00e9s de 66 milions de visualitzacions, narra la hist\u00f2ria d&#8217;un noi de 13 anys acusat d&#8217;assassinar una companya d&#8217;institut.&nbsp;M\u00e9s enll\u00e0 del thriller, la s\u00e8rie evidencia la desconeixen\u00e7a dels adults sobre el m\u00f3n dels adolescents que tenen a casa: les seves relacions, els seus codis socials i emocionals&#8230;<\/p>\n\n\n\n<p>En Roger Ballesc\u00e0, coordinador de l&#8217;\u00c0rea de Salut Mental Infantojuvenil de la Fundaci\u00f3 Hospital\u00e0ries Martorell ha participat al programa Tot es mou, de TV3, per parlar de la s\u00e8rie i fer una radiografia de la salut mental dels joves avui dia.<\/p>\n\n\n\n<p>Podeu veure l&#8217;entrevista, <a href=\"https:\/\/www.3cat.cat\/3cat\/els-pares-saben-que-passa-a-lhabitacio-del-seu-fill-limpacte-de-la-serie-adolescent\/video\/6332030\/\">aqu\u00ed<\/a>.<\/p>\n\n\n\n<p><\/p>\n","protected":false},"excerpt":{"rendered":"<p>La s\u00e8rie de Netflix Adolescent, amb m\u00e9s de 66 milions de visualitzacions, narra la hist\u00f2ria d&#8217;un noi de 13 anys acusat d&#8217;assassinar una companya d&#8217;institut.&nbsp;M\u00e9s enll\u00e0 del thriller, la s\u00e8rie evidencia la desconeixen\u00e7a dels adults sobre el m\u00f3n dels adolescents que tenen a casa: les seves relacions, els seus codis socials i emocionals&#8230; En Roger [&hellip;]<\/p>\n","protected":false},"author":6,"featured_media":0,"comment_status":"closed","ping_status":"","sticky":false,"template":"","format":"standard","meta":{"footnotes":""},"categories":[44],"tags":[],"class_list":["post-11152","post","type-post","status-publish","format-standard","hentry","category-entre-noticies"],"blocksy_meta":[],"featured_image_urls_v2":{"full":"","thumbnail":"","medium":"","medium_large":"","large":"","1536x1536":"","2048x2048":"","mailpoet_newsletter_max":""},"post_excerpt_stackable_v2":"<p>La s\u00e8rie de Netflix Adolescent, amb m\u00e9s de 66 milions de visualitzacions, narra la hist\u00f2ria d&#8217;un noi de 13 anys acusat d&#8217;assassinar una companya d&#8217;institut.&nbsp;M\u00e9s enll\u00e0 del thriller, la s\u00e8rie evidencia la desconeixen\u00e7a dels adults sobre el m\u00f3n dels adolescents que tenen a casa: les seves relacions, els seus codis socials i emocionals&#8230; En Roger Ballesc\u00e0, coordinador de l&#8217;\u00c0rea de Salut Mental Infantojuvenil de la Fundaci\u00f3 Hospital\u00e0ries Martorell ha participat al programa Tot es mou, de TV3, per parlar de la s\u00e8rie i fer una radiografia de la salut mental dels joves avui dia. Podeu veure l&#8217;entrevista, aqu\u00ed.<\/p>\n","category_list_v2":"<a href=\"https:\/\/fundaciohospitalariesmartorell.org\/entre-tots\/category\/entre-noticies\/\" rel=\"category tag\">ENTRE NOT\u00cdCIES<\/a>","author_info_v2":{"name":"Martorell_comunicacio","url":"https:\/\/fundaciohospitalariesmartorell.org\/entre-tots\/author\/martorell_comunicacio\/"},"comments_num_v2":"0 comments","_links":{"self":[{"href":"https:\/\/fundaciohospitalariesmartorell.org\/entre-tots\/wp-json\/wp\/v2\/posts\/11152","targetHints":{"allow":["GET"]}}],"collection":[{"href":"https:\/\/fundaciohospitalariesmartorell.org\/entre-tots\/wp-json\/wp\/v2\/posts"}],"about":[{"href":"https:\/\/fundaciohospitalariesmartorell.org\/entre-tots\/wp-json\/wp\/v2\/types\/post"}],"author":[{"embeddable":true,"href":"https:\/\/fundaciohospitalariesmartorell.org\/entre-tots\/wp-json\/wp\/v2\/users\/6"}],"replies":[{"embeddable":true,"href":"https:\/\/fundaciohospitalariesmartorell.org\/entre-tots\/wp-json\/wp\/v2\/comments?post=11152"}],"version-history":[{"count":1,"href":"https:\/\/fundaciohospitalariesmartorell.org\/entre-tots\/wp-json\/wp\/v2\/posts\/11152\/revisions"}],"predecessor-version":[{"id":11154,"href":"https:\/\/fundaciohospitalariesmartorell.org\/entre-tots\/wp-json\/wp\/v2\/posts\/11152\/revisions\/11154"}],"wp:attachment":[{"href":"https:\/\/fundaciohospitalariesmartorell.org\/entre-tots\/wp-json\/wp\/v2\/media?parent=11152"}],"wp:term":[{"taxonomy":"category","embeddable":true,"href":"https:\/\/fundaciohospitalariesmartorell.org\/entre-tots\/wp-json\/wp\/v2\/categories?post=11152"},{"taxonomy":"post_tag","embeddable":true,"href":"https:\/\/fundaciohospitalariesmartorell.org\/entre-tots\/wp-json\/wp\/v2\/tags?post=11152"}],"curies":[{"name":"wp","href":"https:\/\/api.w.org\/{rel}","templated":true}]}}