{"id":11187,"date":"2025-04-01T09:31:16","date_gmt":"2025-04-01T08:31:16","guid":{"rendered":"https:\/\/fundaciohospitalariesmartorell.org\/entre-tots\/?p=11187"},"modified":"2025-04-01T09:34:53","modified_gmt":"2025-04-01T08:34:53","slug":"dia-mundial-del-trastorn-bipolar-es-un-mite-i-un-gran-error-identificar-el-trastorn-bipolar-amb-un-estat-de-genialitat","status":"publish","type":"post","link":"https:\/\/fundaciohospitalariesmartorell.org\/entre-tots\/2025\/04\/dia-mundial-del-trastorn-bipolar-es-un-mite-i-un-gran-error-identificar-el-trastorn-bipolar-amb-un-estat-de-genialitat\/","title":{"rendered":"Dia Mundial del Trastorn Bipolar: \u201c\u00c9s un mite i un gran error identificar el trastorn bipolar amb un estat de genialitat\u201d"},"content":{"rendered":"\n<figure class=\"wp-block-image size-large\"><img loading=\"lazy\" decoding=\"async\" width=\"1024\" height=\"576\" src=\"https:\/\/fundaciohospitalariesmartorell.org\/entre-tots\/wp-content\/uploads\/2025\/04\/doctor-manuel-sanchez-perez-fundacio-hospitalaries-martorell-1024x576.png\" alt=\"\" class=\"wp-image-11189\" srcset=\"https:\/\/fundaciohospitalariesmartorell.org\/entre-tots\/wp-content\/uploads\/2025\/04\/doctor-manuel-sanchez-perez-fundacio-hospitalaries-martorell-1024x576.png 1024w, https:\/\/fundaciohospitalariesmartorell.org\/entre-tots\/wp-content\/uploads\/2025\/04\/doctor-manuel-sanchez-perez-fundacio-hospitalaries-martorell-300x169.png 300w, https:\/\/fundaciohospitalariesmartorell.org\/entre-tots\/wp-content\/uploads\/2025\/04\/doctor-manuel-sanchez-perez-fundacio-hospitalaries-martorell-768x432.png 768w, https:\/\/fundaciohospitalariesmartorell.org\/entre-tots\/wp-content\/uploads\/2025\/04\/doctor-manuel-sanchez-perez-fundacio-hospitalaries-martorell-1536x864.png 1536w, https:\/\/fundaciohospitalariesmartorell.org\/entre-tots\/wp-content\/uploads\/2025\/04\/doctor-manuel-sanchez-perez-fundacio-hospitalaries-martorell-1320x743.png 1320w, https:\/\/fundaciohospitalariesmartorell.org\/entre-tots\/wp-content\/uploads\/2025\/04\/doctor-manuel-sanchez-perez-fundacio-hospitalaries-martorell.png 1920w\" sizes=\"auto, (max-width: 1024px) 100vw, 1024px\" \/><\/figure>\n\n\n\n<p>El 30 de mar\u00e7 \u00e9s el\u00a0<strong>Dia Mundial del Trastorn Bipolar<\/strong>, un trastorn que afecta m\u00e9s de 40 milions persones a tot el m\u00f3n i que es caracteritza per la inestabilitat emocional: les persones passen de la depressi\u00f3 a l\u2019euf\u00f2ria o mania, amb una freq\u00fc\u00e8ncia i intensitat variables, i amb per\u00edodes intermedis d\u2019estabilitat.<\/p>\n\n\n\n<p>A la&nbsp;<strong>Fundaci\u00f3 Hospital\u00e0ries<\/strong>&nbsp;abordem el trastorn bipolar des d\u2019un enfocament d\u2019<strong>atenci\u00f3 integral<\/strong>&nbsp;centrada en la persona, la qual cosa implica acompanyar-la de manera cont\u00ednua i pr\u00f2xima al llarg del temps. Sabem que el trastorn bipolar pot presentar una evoluci\u00f3 complexa i, per aix\u00f2, oferim una atenci\u00f3 especialitzada que t\u00e9 en compte no sols les necessitats cl\u00edniques, sin\u00f3 tamb\u00e9 la cura de l\u2019entorn familiar. A m\u00e9s, formem cont\u00ednuament als nostres equips per a garantir sempre una resposta professional de qualitat i, abans de res, humana.<\/p>\n\n\n\n<p>Hem parlat sobre aquest trastorn amb el doctor\u00a0<strong>Manuel S\u00e1nchez P\u00e9rez<\/strong>, psiquiatre especialitzat en trastorn bipolar i psicogeriatria a la\u00a0Fundaci\u00f3\u00a0Hospital\u00e0ries\u00a0Martorell.<\/p>\n\n\n\n<p><strong>1 .Per a comen\u00e7ar, expliqui\u2019ns una mica sobre la seva traject\u00f2ria professional. Qu\u00e8 li va portar a especialitzar-se en el trastorn bipolar?<\/strong><\/p>\n\n\n\n<p>El meu inter\u00e8s pel trastorn bipolar ve del treball espec\u00edfic en la meva \u00e0rea d\u2019especialitzaci\u00f3: la salut mental de les persones majors. En aquest grup de poblaci\u00f3 el trastorn bipolar t\u00e9 unes manifestacions cl\u00edniques i evolutives i una complexitat per al seu tractament, que van cridar la meva atenci\u00f3 i em va portar a dedicar a aquest problema una bona part del meu treball.<\/p>\n\n\n\n<p><strong>2. Quines s\u00f3n aquestes caracter\u00edstiques espec\u00edfiques en les persones majors?<\/strong><\/p>\n\n\n\n<p>Existeix una alta freq\u00fc\u00e8ncia dels primers episodis man\u00edacs despr\u00e9s dels 65 anys. I, en la nostra experi\u00e8ncia, existeix un risc elevat d\u2019evoluci\u00f3 a dem\u00e8ncia. A m\u00e9s, els episodis man\u00edacs a aquestes edats presenten major disf\u00f2ria (sentiments negatius, malestar general) i irritaci\u00f3. I la situaci\u00f3 a la qual solen arribar en l\u2019\u00faltima etapa de les seves vides, sovint, \u00e9s dif\u00edcil. S\u00f3n freq\u00fcents les separacions, abandons familiars o ingressos en resid\u00e8ncies.<\/p>\n\n\n\n<p><strong>3. Existeixen factors que influeixen en el desenvolupament d\u2019aquest trastorn?<\/strong><\/p>\n\n\n\n<p>La meitat dels casos de trastorn bipolar s\u2019inicien abans dels 30 anys, per\u00f2 fins a un 10% pot debutar despr\u00e9s dels 50 anys.<\/p>\n\n\n\n<p>Existeix un ampli consens sobre l\u2019origen biol\u00f2gic d\u2019aquesta malaltia, amb una base gen\u00e8tica que confereix vulnerabilitat a les persones portadores, i sobre les quals poden incidir factors d\u2019estr\u00e8s molt variats, incloent-hi situacions vitals adverses, consum de subst\u00e0ncies o altres, que poden actuar com a desencadenants de la malaltia.<\/p>\n\n\n\n<p>Tenir un familiar de primer grau amb trastorn bipolar pot incrementar el risc de patir-lo. La taxa d\u2019incid\u00e8ncia \u00e9s similar en homes i dones, encara que l\u2019anomenat trastorn bipolar tipus II \u00e9s m\u00e9s freq\u00fcent en les dones. En aquesta mena de trastorn el pacient ha sofert, almenys, un episodi depressiu major i, com a m\u00ednim, un episodi hipoman\u00edac (variant menys extrema de la mania), per\u00f2 mai un episodi man\u00edac.<\/p>\n\n\n\n<p><strong>4. En el dia a dia, com impacta el trastorn bipolar en la vida dels qui el pateixen i en el seu entorn pr\u00f2xim?<\/strong><\/p>\n\n\n\n<p>En general, l\u2019impacte en la vida personal i familiar de les persones amb bipolaritat \u00e9s elevat. Dep\u00e8n del n\u00famero, la severitat i la durada de les fases depressives, generalment m\u00e9s prolongades, i dels per\u00edodes d\u2019euf\u00f2ria, que si s\u00f3n intensos poden requerir hospitalitzaci\u00f3, igual que els episodis greus.<\/p>\n\n\n\n<p>Alguns pacients presenten el que es denominen cicles r\u00e0pids, i en aquest cas presenten diverses fases depressives i man\u00edaques en un per\u00edode relativament breu (per exemple, diverses d\u2019elles en el mateix any). La major part dels malalts passen per per\u00edodes intercr\u00edtics (que es donen entre dos episodis aguts) en els quals poden viure amb pr\u00e0ctica normalitat. Per\u00f2 el nombre d\u2019episodis soferts al llarg de la vida pot produir una certa deterioraci\u00f3 funcional o, fins i tot, cognitiu.<\/p>\n\n\n\n<p>Les persones que comparteixen la seva vida amb un malalt bipolar, tamb\u00e9 es troben exposades a uns nivells d\u2019estr\u00e8s elevat que poden arribar a afectar la seva salut f\u00edsica, emocional i psicol\u00f2gica.<\/p>\n\n\n\n<p><strong>5. \u00c9s f\u00e0cil identificar la bipolaritat? Quins s\u00f3n els senyals d\u2019alerta?<\/strong><\/p>\n\n\n\n<p>Les fases de depressi\u00f3, quan el pacient encara no ha estat diagnosticat de bipolaritat, s\u2019assemblen a altres depressions recurrents unipolars (sense fases man\u00edaques entremesclades): tristesa, desinter\u00e8s, apatia, falta d\u2019energia, allunyament del contacte social, idees de mort i, a vegades, intents de su\u00efcidi.<\/p>\n\n\n\n<p>Les fases man\u00edaques es reconeixen davant episodis d\u2019insomni, en els quals el pacient requereix dormir molt poc, sense esgotar-se; hiperactivitat, gran productivitat d\u2019idees; plans o projectes: llenguatge i pensament accelerats; tend\u00e8ncia a exposar-se en p\u00fablic amb esc\u00e0s control social; conductes arriscades (gastar diners sense control, vestir de manera inadequada); exc\u00e9s de familiaritat en el tracte; tend\u00e8ncia combativa quan se li intenta reconduir; jocositat; irritabilitat i, a vegades, idees estranyes o de contingut delirant.<\/p>\n\n\n\n<p><strong>6. En els \u00faltims anys, com ha evolucionat el tractament del trastorn bipolar? Existeix una possibilitat de cura?<\/strong><\/p>\n\n\n\n<p>Una part molt important, encara que no l\u2019\u00fanica, del tractament del trastorn bipolar el constitueix els psicof\u00e0rmacs, especialment els denominats estabilitzadors de l\u2019\u00e0nim, entre els quals es troben diferents subst\u00e0ncies amb activitat antiepil\u00e8ptica, o les sals de liti, un dels tractaments m\u00e9s antics i efica\u00e7os en la psiquiatria.<\/p>\n\n\n\n<p>Tamb\u00e9 s\u00f3n d\u2019\u00fas freq\u00fcent els f\u00e0rmacs antipsic\u00f2tics en les seves diverses modalitats i, a vegades, sobretot en fases depressives molt greus, la ter\u00e0pia electroconvulsiva.<\/p>\n\n\n\n<p>D\u2019altra banda, s\u00f3n de gran ajuda les ter\u00e0pies psicol\u00f2giques i les orientades a saber conviure millor amb la malaltia, la&nbsp;psicoeducaci\u00f3n&nbsp;de pacients i familiars, i poder recon\u00e8ixer anticipadament els canvis de fase per a adaptar-se a ells.<\/p>\n\n\n\n<p>Avui dia, no existeix un tractament curatiu de la malaltia, per\u00f2 els tractaments i ter\u00e0pies disponibles, aix\u00ed com la import\u00e0ncia de portar una vida lliure de riscos (consum de t\u00f2xics, vida desordenada, estr\u00e8s, etc.), aconsegueixen mantenir una qualitat de vida molt acceptable en molts pacients.<\/p>\n\n\n\n<p><strong>7. Encara hi ha molts mites entorn de la bipolaritat. Quins s\u00f3n els m\u00e9s comuns? Ha influ\u00eft el cinema negativament?<\/strong><\/p>\n\n\n\n<p>Alguns mites que envolten al trastorn bipolar l\u2019identifiquen amb estats de genialitat en els quals la persona produeix moltes idees brillants i, fins i tot, advoquen per no tractar aquestes fases i deixar que el pacient les continu\u00ef experimentant. Aix\u00f2 \u00e9s un gran error ja que, encara que l\u2019aparen\u00e7a sigui d\u2019un gran estat creatiu, cient\u00edfic, literari o art\u00edstic, en realitat est\u00e0 mostrant un estat altament patol\u00f2gic que, abans o despr\u00e9s, li portar\u00e0 al pol contrari, amb gran experi\u00e8ncia de sofriment quan transiten cap a la desaparici\u00f3 d\u2019aquests estats excessius en els quals el pacient ha experimentat una gran autoestima i una alta valoraci\u00f3 de les pr\u00f2pies capacitats, encara que sense capacitat d\u2019autocr\u00edtica.<\/p>\n\n\n\n<p>El cinema sovint ha portat a la pantalla gran nombroses produccions basades en les malalties mentals o en malalts reals. En general, quan els guions tracten amb respecte aquesta dif\u00edcil realitat, contribueixen de fet a un millor coneixement i difusi\u00f3 entre la poblaci\u00f3 general dels problemes de salut mental. Alguns films se centren espec\u00edficament en la malaltia bipolar i s\u2019han acostat a ella amb bastant fidelitat, com, per exemple, la pel\u00b7l\u00edcula&nbsp;Mr. Jones (1993).<\/p>\n\n\n\n<p><strong>8. Des de la seva experi\u00e8ncia, creu que la societat est\u00e0 ara m\u00e9s sensibilitzada amb la bipolaritat? I el sector m\u00e8dic?<\/strong><\/p>\n\n\n\n<p>Afortunadament, el coneixement de la malaltia mental i de les seves implicacions entre la societat en general i, tamb\u00e9 en el sector sanitari, han millorat significativament en els \u00faltims anys, especialment despr\u00e9s de l\u2019experi\u00e8ncia que va suposar la pand\u00e8mia pel COVID-19.<\/p>\n\n\n\n<p>Aix\u00f2 no significa que hi hagi desparegut tot l\u2019estigma que envolta a les malalties mentals en general i al trastorn bipolar en particular. La singularitat de les seves manifestacions cl\u00edniques, especialment en les fases man\u00edaques, pot generar un cert desconcert i rebuig en els entorns familiars, socials o laborals que, desgraciadament, poden impactar negativament en l\u2019evoluci\u00f3 d\u2019alguns pacients amb trastorn bipolar.<\/p>\n\n\n\n<p><strong>9. Qu\u00e8 li diria a alg\u00fa acaba de rebre un diagn\u00f2stic de trastorn bipolar? I als seus familiars i entorn?<\/strong><\/p>\n\n\n\n<p>Abans de res, ha de sentir la proximitat dels seus i la disponibilitat de les persones, especialistes i altres professionals de la salut que li atendran. No \u00e9s infreq\u00fcent que arribin a sentir sentiments de culpa, especialment si van viure una fase man\u00edaca en la qual van mostrar comportaments inadequats en p\u00fablic que, despr\u00e9s, poden avergonyir-los.<\/p>\n\n\n\n<p>Rebre un diagn\u00f2stic de trastorn bipolar pot ser una experi\u00e8ncia dolorosa, a vegades precedida d\u2019un temps d\u2019incertesa mentre s\u2019avaluen les exploracions necess\u00e0ries per a confirmar-lo. \u00c9s fonamental que el pacient senti que no est\u00e0 nom\u00e9s, a pesar que la not\u00edcia del diagn\u00f2stic implica acceptar la seva cronicitat. I \u00e9s important que el pacient tingui la seguretat que rebr\u00e0 ajuda professional continuada i el suport de familiars i amics.<\/p>\n\n\n\n<p><strong>10. A la Fundaci\u00f3 Hospital\u00e0ries, treballem des de l\u2019enfocament d\u2019una atenci\u00f3 integral centrada en la persona. Com s\u2019aplica aquest model en el tractament del trastorn bipolar?<\/strong><\/p>\n\n\n\n<p>Perqu\u00e8, precisament, fent realitat aquesta necessitat de suport i disponibilitat continuats davant un pacient que, probablement, passar\u00e0 per moltes vicissituds, de signe contrari, durant molt de temps despr\u00e9s del diagn\u00f2stic.<\/p>\n\n\n\n<p>Encara que passi per per\u00edodes d\u2019estabilitat, qualsevol nova crisi es far\u00e0 m\u00e9s dif\u00edcil de gestionar si el pacient no sent la proximitat dels qui poden ajudar-lo una vegada m\u00e9s. Apostar pel millor coneixement i la millor preparaci\u00f3 professional per a atendre\u2019ls \u00e9s la millor mostra de la nostra obstinaci\u00f3 per tractar de manera integral al pacient bipolar i al seu entorn, qualitats que han estat, estan i estaran sempre en l\u2019\u00e0nim dels professionals de Fundaci\u00f3 Hospital\u00e0ries.<\/p>\n","protected":false},"excerpt":{"rendered":"<p>El 30 de mar\u00e7 \u00e9s el\u00a0Dia Mundial del Trastorn Bipolar, un trastorn que afecta m\u00e9s de 40 milions persones a tot el m\u00f3n i que es caracteritza per la inestabilitat emocional: les persones passen de la depressi\u00f3 a l\u2019euf\u00f2ria o mania, amb una freq\u00fc\u00e8ncia i intensitat variables, i amb per\u00edodes intermedis d\u2019estabilitat. A la&nbsp;Fundaci\u00f3 Hospital\u00e0ries&nbsp;abordem [&hellip;]<\/p>\n","protected":false},"author":6,"featured_media":11189,"comment_status":"closed","ping_status":"closed","sticky":false,"template":"","format":"standard","meta":{"footnotes":""},"categories":[27,61],"tags":[],"class_list":["post-11187","post","type-post","status-publish","format-standard","has-post-thumbnail","hentry","category-actualitat","category-societat"],"blocksy_meta":[],"featured_image_urls_v2":{"full":["https:\/\/fundaciohospitalariesmartorell.org\/entre-tots\/wp-content\/uploads\/2025\/04\/doctor-manuel-sanchez-perez-fundacio-hospitalaries-martorell.png",1920,1080,false],"thumbnail":["https:\/\/fundaciohospitalariesmartorell.org\/entre-tots\/wp-content\/uploads\/2025\/04\/doctor-manuel-sanchez-perez-fundacio-hospitalaries-martorell-150x150.png",150,150,true],"medium":["https:\/\/fundaciohospitalariesmartorell.org\/entre-tots\/wp-content\/uploads\/2025\/04\/doctor-manuel-sanchez-perez-fundacio-hospitalaries-martorell-300x169.png",300,169,true],"medium_large":["https:\/\/fundaciohospitalariesmartorell.org\/entre-tots\/wp-content\/uploads\/2025\/04\/doctor-manuel-sanchez-perez-fundacio-hospitalaries-martorell-768x432.png",768,432,true],"large":["https:\/\/fundaciohospitalariesmartorell.org\/entre-tots\/wp-content\/uploads\/2025\/04\/doctor-manuel-sanchez-perez-fundacio-hospitalaries-martorell-1024x576.png",1024,576,true],"1536x1536":["https:\/\/fundaciohospitalariesmartorell.org\/entre-tots\/wp-content\/uploads\/2025\/04\/doctor-manuel-sanchez-perez-fundacio-hospitalaries-martorell-1536x864.png",1536,864,true],"2048x2048":["https:\/\/fundaciohospitalariesmartorell.org\/entre-tots\/wp-content\/uploads\/2025\/04\/doctor-manuel-sanchez-perez-fundacio-hospitalaries-martorell.png",1920,1080,false],"mailpoet_newsletter_max":["https:\/\/fundaciohospitalariesmartorell.org\/entre-tots\/wp-content\/uploads\/2025\/04\/doctor-manuel-sanchez-perez-fundacio-hospitalaries-martorell-1320x743.png",1320,743,true]},"post_excerpt_stackable_v2":"<p>El 30 de mar\u00e7 \u00e9s el\u00a0Dia Mundial del Trastorn Bipolar, un trastorn que afecta m\u00e9s de 40 milions persones a tot el m\u00f3n i que es caracteritza per la inestabilitat emocional: les persones passen de la depressi\u00f3 a l\u2019euf\u00f2ria o mania, amb una freq\u00fc\u00e8ncia i intensitat variables, i amb per\u00edodes intermedis d\u2019estabilitat. A la&nbsp;Fundaci\u00f3 Hospital\u00e0ries&nbsp;abordem el trastorn bipolar des d\u2019un enfocament d\u2019atenci\u00f3 integral&nbsp;centrada en la persona, la qual cosa implica acompanyar-la de manera cont\u00ednua i pr\u00f2xima al llarg del temps. Sabem que el trastorn bipolar pot presentar una evoluci\u00f3 complexa i, per aix\u00f2, oferim una atenci\u00f3 especialitzada que t\u00e9 en&hellip;<\/p>\n","category_list_v2":"<a href=\"https:\/\/fundaciohospitalariesmartorell.org\/entre-tots\/category\/actualitat\/\" rel=\"category tag\">ACTUALITAT<\/a>, <a href=\"https:\/\/fundaciohospitalariesmartorell.org\/entre-tots\/category\/actualitat\/societat\/\" rel=\"category tag\">SOCIETAT<\/a>","author_info_v2":{"name":"Martorell_comunicacio","url":"https:\/\/fundaciohospitalariesmartorell.org\/entre-tots\/author\/martorell_comunicacio\/"},"comments_num_v2":"0 comments","_links":{"self":[{"href":"https:\/\/fundaciohospitalariesmartorell.org\/entre-tots\/wp-json\/wp\/v2\/posts\/11187","targetHints":{"allow":["GET"]}}],"collection":[{"href":"https:\/\/fundaciohospitalariesmartorell.org\/entre-tots\/wp-json\/wp\/v2\/posts"}],"about":[{"href":"https:\/\/fundaciohospitalariesmartorell.org\/entre-tots\/wp-json\/wp\/v2\/types\/post"}],"author":[{"embeddable":true,"href":"https:\/\/fundaciohospitalariesmartorell.org\/entre-tots\/wp-json\/wp\/v2\/users\/6"}],"replies":[{"embeddable":true,"href":"https:\/\/fundaciohospitalariesmartorell.org\/entre-tots\/wp-json\/wp\/v2\/comments?post=11187"}],"version-history":[{"count":2,"href":"https:\/\/fundaciohospitalariesmartorell.org\/entre-tots\/wp-json\/wp\/v2\/posts\/11187\/revisions"}],"predecessor-version":[{"id":11191,"href":"https:\/\/fundaciohospitalariesmartorell.org\/entre-tots\/wp-json\/wp\/v2\/posts\/11187\/revisions\/11191"}],"wp:featuredmedia":[{"embeddable":true,"href":"https:\/\/fundaciohospitalariesmartorell.org\/entre-tots\/wp-json\/wp\/v2\/media\/11189"}],"wp:attachment":[{"href":"https:\/\/fundaciohospitalariesmartorell.org\/entre-tots\/wp-json\/wp\/v2\/media?parent=11187"}],"wp:term":[{"taxonomy":"category","embeddable":true,"href":"https:\/\/fundaciohospitalariesmartorell.org\/entre-tots\/wp-json\/wp\/v2\/categories?post=11187"},{"taxonomy":"post_tag","embeddable":true,"href":"https:\/\/fundaciohospitalariesmartorell.org\/entre-tots\/wp-json\/wp\/v2\/tags?post=11187"}],"curies":[{"name":"wp","href":"https:\/\/api.w.org\/{rel}","templated":true}]}}