{"id":11201,"date":"2025-04-07T09:01:04","date_gmt":"2025-04-07T08:01:04","guid":{"rendered":"https:\/\/fundaciohospitalariesmartorell.org\/entre-tots\/?p=11201"},"modified":"2025-04-30T08:16:48","modified_gmt":"2025-04-30T07:16:48","slug":"es-crea-la-primera-catedra-de-psicogeriatria-a-catalunya-per-donar-resposta-als-reptes-de-salut-mental-de-les-persones-grans","status":"publish","type":"post","link":"https:\/\/fundaciohospitalariesmartorell.org\/entre-tots\/2025\/04\/es-crea-la-primera-catedra-de-psicogeriatria-a-catalunya-per-donar-resposta-als-reptes-de-salut-mental-de-les-persones-grans\/","title":{"rendered":"Es crea la primera C\u00e0tedra de Psicogeriatria a Catalunya per donar resposta als reptes de salut mental de les persones grans"},"content":{"rendered":"\n<figure class=\"wp-block-image size-large\"><img loading=\"lazy\" decoding=\"async\" width=\"1024\" height=\"682\" src=\"https:\/\/fundaciohospitalariesmartorell.org\/entre-tots\/wp-content\/uploads\/2025\/04\/WhatsApp-Image-2025-04-04-at-10.37.10-1024x682.jpeg\" alt=\"\" class=\"wp-image-11363\" srcset=\"https:\/\/fundaciohospitalariesmartorell.org\/entre-tots\/wp-content\/uploads\/2025\/04\/WhatsApp-Image-2025-04-04-at-10.37.10-1024x682.jpeg 1024w, https:\/\/fundaciohospitalariesmartorell.org\/entre-tots\/wp-content\/uploads\/2025\/04\/WhatsApp-Image-2025-04-04-at-10.37.10-300x200.jpeg 300w, https:\/\/fundaciohospitalariesmartorell.org\/entre-tots\/wp-content\/uploads\/2025\/04\/WhatsApp-Image-2025-04-04-at-10.37.10-768x512.jpeg 768w, https:\/\/fundaciohospitalariesmartorell.org\/entre-tots\/wp-content\/uploads\/2025\/04\/WhatsApp-Image-2025-04-04-at-10.37.10-1536x1024.jpeg 1536w, https:\/\/fundaciohospitalariesmartorell.org\/entre-tots\/wp-content\/uploads\/2025\/04\/WhatsApp-Image-2025-04-04-at-10.37.10-2048x1365.jpeg 2048w, https:\/\/fundaciohospitalariesmartorell.org\/entre-tots\/wp-content\/uploads\/2025\/04\/WhatsApp-Image-2025-04-04-at-10.37.10-1320x880.jpeg 1320w\" sizes=\"auto, (max-width: 1024px) 100vw, 1024px\" \/><\/figure>\n\n\n\n<p>Un centenar de persones van assistir ahir, 3 d&#8217;abril, a l&#8217;acte de presentaci\u00f3 de la C\u00e1tedra de Psicogeriatr\u00eda, una iniciativa pionera a Catalunya impulsada per la UAB i la Fundaci\u00f3 Hospital\u00e0ries. La creaci\u00f3 d\u2019aquesta C\u00e0tedra s\u2019emmarca en la necessitat urgent d&#8217;oferir una atenci\u00f3 de qualitat a les persones grans amb trastorns mentals, davant la manca de recursos i investigaci\u00f3 en aquest \u00e0mbit. El seu objectiu \u00e9s generar coneixement expert mitjan\u00e7ant la investigaci\u00f3, la formaci\u00f3 i la col\u00b7laboraci\u00f3 cient\u00edfica.<\/p>\n\n\n\n<p>L\u2019objectiu espec\u00edfic de la C\u00e0tedra de Psicogeriatria UAB \u2013 Fundaci\u00f3 Hospital\u00e0ries, impulsada pel Departament de Psiquiatria i Medicina de la UAB i pels centres de Catalunya de la Fundaci\u00f3 Hospital\u00e0ries, \u00e9s el de generar coneixement expert en Psicogeriatria, a partir d\u2019impulsar activitats d\u2019investigaci\u00f3, formaci\u00f3, col\u00b7laboraci\u00f3 cient\u00edfica, desenvolupament i difusi\u00f3 en aquest \u00e0mbit cient\u00edfic. En aquest sentit, entre les activitats que es duran a terme hi ha el desenvolupament de programes d\u2019investigaci\u00f3 orientats a la salut mental de les persones grans, aix\u00ed com generar coneixement i divulgar-lo, en el seu \u00e0mbit espec\u00edfic d\u2019actuaci\u00f3. La c\u00e0tedra tamb\u00e9 participar\u00e0 i fomentar\u00e0 activitats culturals i formatives, (seminaris, jornades, cursos o cicles de confer\u00e8ncies), per difondre els avan\u00e7os en recerca i formaci\u00f3. L\u2019activitat docent estar\u00e0 vinculada amb el <a href=\"https:\/\/www.uab.cat\/web\/postgrau\/master-en-psicogeriatria\/informacio-general-1203328491238.html\/param1-1994_ca\/\">M\u00e0ster de Psicogeriatria UAB \u2013 Fundaci\u00f3 Hospital\u00e0ries Martorell<\/a>, creat l\u2019any 1998.<\/p>\n\n\n\n<h3 class=\"wp-block-heading\">Generaci\u00f3 de coneixement expert<\/h3>\n\n\n\n<p>Dirigida pel doctor Manel S\u00e1nchez, cap de l\u2019\u00c0rea de Gesti\u00f3 del Coneixement de la Fundaci\u00f3 Hospital\u00e0ries Martorell, coordinador de la Unitat de Psiquiatria Geri\u00e0trica de la fundaci\u00f3 i director del m\u00e0ster en psicogeriatria de la UAB, la nova c\u00e0tedra refor\u00e7ar\u00e0 el comprom\u00eds d\u2019ambdues institucions amb la recerca i la formaci\u00f3 en un camp de gran rellev\u00e0ncia social com \u00e9s la psicogeriatria, i en un context de canvi de paradigma.<\/p>\n\n\n\n<p>Per part de la UAB, la persona que ha impulsat la creaci\u00f3 de la C\u00e0tedra ha estat el professor Antoni Bulbena, catedr\u00e0tic em\u00e8rit del Departament de Psiquiatria i Medicina Legal i membre del patronat de la Fundaci\u00f3 Hospital\u00e0ries. \u201cEl volum de persones grans que pateixen un trastorn mental representen un espai molt gran que encara, avui dia, no est\u00e0 cobert; per aix\u00f2, des de la Universitat, vam anar a buscar una instituci\u00f3 que fos referent formatiu i assistencial en aquest \u00e0mbit\u201d, assenyala el Dr. Bulbena. \u201cAmb la posada en marxa d\u2019aquesta c\u00e0tedra, tamb\u00e9 pretenem donar un impuls a la creaci\u00f3, tan necess\u00e0ria, de l\u2019especialitat de psiquiatria geri\u00e0trica\u201d, afegeix.<\/p>\n\n\n\n<p>Aix\u00ed mateix, la Comissi\u00f3 Mixta que donar\u00e0 seguiment i avaluar\u00e0 les activitats desenvolupades al funcionament de la C\u00e0tedra est\u00e0 composada pel doctor Pedro Roy, responsable assistencial de la Fundaci\u00f3 Hospital\u00e0ries a Catalunya, i pel doctor Diego Palao, director del <a href=\"https:\/\/www.uab.cat\/ca\/psiquiatria\">Departament de Psiquiatria i Medicina Legal de la Universitat Aut\u00f2noma de Barcelona<\/a>.<\/p>\n\n\n\n<h3 class=\"wp-block-heading\">Canvi de model cap a una atenci\u00f3 integrada social i sanit\u00e0ria<\/h3>\n\n\n\n<p>La creaci\u00f3 de la C\u00e0tedra de Psicogeriatria UAB \u2013 Fundaci\u00f3 Hospital\u00e0ries tamb\u00e9 suposa un pas endavant en el canvi de model cap a una atenci\u00f3 integrada social i sanit\u00e0ria, una transformaci\u00f3 del sistema que ja s\u2019est\u00e0 produint a Catalunya i que permetr\u00e0 millorar la qualitat de vida de persones fr\u00e0gils, a partir d\u2019una major coordinaci\u00f3 i comunicaci\u00f3 entre els sistemes de salut i d\u2019intervenci\u00f3 social.<\/p>\n\n\n\n<p>La proporci\u00f3 de persones de m\u00e9s de 65 anys (prop del 25 % de la poblaci\u00f3 de Catalunya en els pr\u00f2xims anys) t\u00e9 un pes destacat en l\u2019atenci\u00f3 sanit\u00e0ria i sociosanit\u00e0ria, la despesa en salut i en recursos socials, i \u00e9s un important condicionant social per a les fam\u00edlies. Dins dels problemes de salut, el paper de les malalties mentals suposa un problema de primer ordre. S\u2019estima que el 12 % de les persones grans pateix algun trastorn mental. Aquesta proporci\u00f3 arriba al 95 % en les persones grans ingressades a resid\u00e8ncies geri\u00e0triques.<\/p>\n\n\n\n<h3 class=\"wp-block-heading\">M\u00e9s d\u2019un quart de segle formant en Psicogeriatria i l\u00edders en aquest camp<\/h3>\n\n\n\n<p>\u201cLa posada en marxa d\u2019aquesta c\u00e0tedra \u00e9s una oportunitat \u00fanica per recon\u00e8ixer la tasca duta a terme durant molts anys des de l\u2019actual Fundaci\u00f3 Hospital\u00e0ries Martorell, antic Hospital Cor, en favor de l\u2019assist\u00e8ncia i la doc\u00e8ncia en psiquiatria geri\u00e0trica, i per contribuir des de l\u2019\u00e0mbit acad\u00e8mic a fer cr\u00e9ixer el coneixement cl\u00ednic i l\u2019evid\u00e8ncia cient\u00edfica, en una \u00e0rea de la salut mental que no ha deixat de cr\u00e9ixer i que ocupa cada cop un espai m\u00e9s important en l\u2019assist\u00e8ncia del dia a dia\u201d, assenyala el director de la nova C\u00e0tedra de Psicogeriatria. En aquest sentit, la Fundaci\u00f3 Hospital\u00e0ries Martorell i la UAB van posar en marxa fa m\u00e9s de 25 anys un M\u00e0ster en Psicogeriatria, que ja ha format m\u00e9s de 600 professionals d\u2019arreu del m\u00f3n.<\/p>\n\n\n\n<p>Aix\u00ed mateix, la Fundaci\u00f3 Hospital\u00e0ries \u00e9s l\u00edder en el camp de la psicogeriatria a Espanya amb un volum destacat de centres assistencials que disposen d\u2019aquesta l\u00ednia d\u2019atenci\u00f3 i amb professionals capdavanters en aquest \u00e0mbit.<\/p>\n\n\n\n<h3 class=\"wp-block-heading\">Acte de presentaci\u00f3<\/h3>\n\n\n\n<p>Durant l\u2019acte, diferents representants institucionals van posar en valor el significat i el recorregut d\u2019aquesta nova c\u00e0tedra. El Dr. Pedro Roy, responsable assistencial de la Fundaci\u00f3 Hospital\u00e0ries a Catalunya i membre de la Comissi\u00f3 Mixta de seguiment de la c\u00e0tedra, va assenyalar que \u201c\u00e9s una gran responsabilitat el repte que tenim endavant\u201d, tot destacant el comprom\u00eds de la instituci\u00f3 per enfortir la doc\u00e8ncia i la investigaci\u00f3 en aquest \u00e0mbit. En la mateixa l\u00ednia, el Dr. Diego Palao, director del Departament de Psiquiatria i Medicina Legal de la UAB, va afirmar que \u201cFundaci\u00f3 Hospital\u00e0ries \u00e9s la garantia que la C\u00e0tedra neix amb una fortalesa important amb assist\u00e8ncia i doc\u00e8ncia\u201d.<\/p>\n\n\n\n<p>Per la seva banda, el Dr. Antoni Bulbena, catedr\u00e0tic em\u00e8rit de la UAB i membre del patronat de la Fundaci\u00f3 Hospital\u00e0ries, va subratllar que una c\u00e0tedra representa el moment en qu\u00e8 \u201cla universitat baixa de l\u2019Olimp i s\u2019acosta al m\u00f3n civil\u201d, i va recon\u00e8ixer l\u2019expertesa i el recorregut de la Fundaci\u00f3 en aquest camp. El Dr. Manel S\u00e1nchez va retre homenatge a la figura del Dr. Alfredo Rego, impulsor de la unitat de psiquiatria geri\u00e0trica per a aguts i del M\u00e0ster en Psicogeriatria de la Fundaci\u00f3 Hospital\u00e0ries Martorell, elements que han estat claus per fer possible aquesta iniciativa acad\u00e8mica.<\/p>\n\n\n\n<p>Finalment, el rector de la UAB, l\u2019Exc. i Mgfc. Sr. Javier Lafuente Sancho, va posar en relleu l\u2019impacte social de la universitat: \u201cLa Universitat no tindria cap sentit si no fa progressar la societat. La creaci\u00f3 de la c\u00e0tedra marca un cam\u00ed de cooperaci\u00f3 i apropament entre la universitat i Fundaci\u00f3 Hospital\u00e0ries\u201d. Una visi\u00f3 que comparteix el Dr. Francisco del Olmo, director corporatiu assistencial i educatiu de la Fundaci\u00f3 Hospital\u00e0ries, qui va destacar que aquesta c\u00e0tedra representa \u201cun colof\u00f3 a la traject\u00f2ria de lideratge assistencial i docent de la Fundaci\u00f3\u201d.<\/p>\n\n\n\n<figure class=\"wp-block-embed is-type-video is-provider-youtube wp-block-embed-youtube wp-embed-aspect-16-9 wp-has-aspect-ratio\"><div class=\"wp-block-embed__wrapper\">\n<iframe loading=\"lazy\" title=\"Acte de presentaci\u00f3 de la C\u00e0tedra de Psicogeriatria UAB - Fundaci\u00f3 Hospital\u00e0ries\" width=\"1290\" height=\"726\" src=\"https:\/\/www.youtube.com\/embed\/RZff3Z1U1AY?feature=oembed\" frameborder=\"0\" allow=\"accelerometer; autoplay; clipboard-write; encrypted-media; gyroscope; picture-in-picture; web-share\" referrerpolicy=\"strict-origin-when-cross-origin\" allowfullscreen><\/iframe>\n<\/div><\/figure>\n","protected":false},"excerpt":{"rendered":"<p>Un centenar de persones van assistir ahir, 3 d&#8217;abril, a l&#8217;acte de presentaci\u00f3 de la C\u00e1tedra de Psicogeriatr\u00eda, una iniciativa pionera a Catalunya impulsada per la UAB i la Fundaci\u00f3 Hospital\u00e0ries. La creaci\u00f3 d\u2019aquesta C\u00e0tedra s\u2019emmarca en la necessitat urgent d&#8217;oferir una atenci\u00f3 de qualitat a les persones grans amb trastorns mentals, davant la manca [&hellip;]<\/p>\n","protected":false},"author":6,"featured_media":11363,"comment_status":"closed","ping_status":"closed","sticky":false,"template":"","format":"standard","meta":{"footnotes":""},"categories":[27,58],"tags":[],"class_list":["post-11201","post","type-post","status-publish","format-standard","has-post-thumbnail","hentry","category-actualitat","category-collaboradors-es"],"blocksy_meta":[],"featured_image_urls_v2":{"full":["https:\/\/fundaciohospitalariesmartorell.org\/entre-tots\/wp-content\/uploads\/2025\/04\/WhatsApp-Image-2025-04-04-at-10.37.10.jpeg",2560,1706,false],"thumbnail":["https:\/\/fundaciohospitalariesmartorell.org\/entre-tots\/wp-content\/uploads\/2025\/04\/WhatsApp-Image-2025-04-04-at-10.37.10-150x150.jpeg",150,150,true],"medium":["https:\/\/fundaciohospitalariesmartorell.org\/entre-tots\/wp-content\/uploads\/2025\/04\/WhatsApp-Image-2025-04-04-at-10.37.10-300x200.jpeg",300,200,true],"medium_large":["https:\/\/fundaciohospitalariesmartorell.org\/entre-tots\/wp-content\/uploads\/2025\/04\/WhatsApp-Image-2025-04-04-at-10.37.10-768x512.jpeg",768,512,true],"large":["https:\/\/fundaciohospitalariesmartorell.org\/entre-tots\/wp-content\/uploads\/2025\/04\/WhatsApp-Image-2025-04-04-at-10.37.10-1024x682.jpeg",1024,682,true],"1536x1536":["https:\/\/fundaciohospitalariesmartorell.org\/entre-tots\/wp-content\/uploads\/2025\/04\/WhatsApp-Image-2025-04-04-at-10.37.10-1536x1024.jpeg",1536,1024,true],"2048x2048":["https:\/\/fundaciohospitalariesmartorell.org\/entre-tots\/wp-content\/uploads\/2025\/04\/WhatsApp-Image-2025-04-04-at-10.37.10-2048x1365.jpeg",2048,1365,true],"mailpoet_newsletter_max":["https:\/\/fundaciohospitalariesmartorell.org\/entre-tots\/wp-content\/uploads\/2025\/04\/WhatsApp-Image-2025-04-04-at-10.37.10-1320x880.jpeg",1320,880,true]},"post_excerpt_stackable_v2":"<p>Un centenar de persones van assistir ahir, 3 d&#8217;abril, a l&#8217;acte de presentaci\u00f3 de la C\u00e1tedra de Psicogeriatr\u00eda, una iniciativa pionera a Catalunya impulsada per la UAB i la Fundaci\u00f3 Hospital\u00e0ries. La creaci\u00f3 d\u2019aquesta C\u00e0tedra s\u2019emmarca en la necessitat urgent d&#8217;oferir una atenci\u00f3 de qualitat a les persones grans amb trastorns mentals, davant la manca de recursos i investigaci\u00f3 en aquest \u00e0mbit. El seu objectiu \u00e9s generar coneixement expert mitjan\u00e7ant la investigaci\u00f3, la formaci\u00f3 i la col\u00b7laboraci\u00f3 cient\u00edfica. L\u2019objectiu espec\u00edfic de la C\u00e0tedra de Psicogeriatria UAB \u2013 Fundaci\u00f3 Hospital\u00e0ries, impulsada pel Departament de Psiquiatria i Medicina de la UAB i&hellip;<\/p>\n","category_list_v2":"<a href=\"https:\/\/fundaciohospitalariesmartorell.org\/entre-tots\/category\/actualitat\/\" rel=\"category tag\">ACTUALITAT<\/a>, <a href=\"https:\/\/fundaciohospitalariesmartorell.org\/entre-tots\/category\/actualitat\/col%c2%b7laboradors-es\/\" rel=\"category tag\">COL\u00b7LABORADORS\/ES<\/a>","author_info_v2":{"name":"Martorell_comunicacio","url":"https:\/\/fundaciohospitalariesmartorell.org\/entre-tots\/author\/martorell_comunicacio\/"},"comments_num_v2":"0 comments","_links":{"self":[{"href":"https:\/\/fundaciohospitalariesmartorell.org\/entre-tots\/wp-json\/wp\/v2\/posts\/11201","targetHints":{"allow":["GET"]}}],"collection":[{"href":"https:\/\/fundaciohospitalariesmartorell.org\/entre-tots\/wp-json\/wp\/v2\/posts"}],"about":[{"href":"https:\/\/fundaciohospitalariesmartorell.org\/entre-tots\/wp-json\/wp\/v2\/types\/post"}],"author":[{"embeddable":true,"href":"https:\/\/fundaciohospitalariesmartorell.org\/entre-tots\/wp-json\/wp\/v2\/users\/6"}],"replies":[{"embeddable":true,"href":"https:\/\/fundaciohospitalariesmartorell.org\/entre-tots\/wp-json\/wp\/v2\/comments?post=11201"}],"version-history":[{"count":4,"href":"https:\/\/fundaciohospitalariesmartorell.org\/entre-tots\/wp-json\/wp\/v2\/posts\/11201\/revisions"}],"predecessor-version":[{"id":11364,"href":"https:\/\/fundaciohospitalariesmartorell.org\/entre-tots\/wp-json\/wp\/v2\/posts\/11201\/revisions\/11364"}],"wp:featuredmedia":[{"embeddable":true,"href":"https:\/\/fundaciohospitalariesmartorell.org\/entre-tots\/wp-json\/wp\/v2\/media\/11363"}],"wp:attachment":[{"href":"https:\/\/fundaciohospitalariesmartorell.org\/entre-tots\/wp-json\/wp\/v2\/media?parent=11201"}],"wp:term":[{"taxonomy":"category","embeddable":true,"href":"https:\/\/fundaciohospitalariesmartorell.org\/entre-tots\/wp-json\/wp\/v2\/categories?post=11201"},{"taxonomy":"post_tag","embeddable":true,"href":"https:\/\/fundaciohospitalariesmartorell.org\/entre-tots\/wp-json\/wp\/v2\/tags?post=11201"}],"curies":[{"name":"wp","href":"https:\/\/api.w.org\/{rel}","templated":true}]}}