{"id":11208,"date":"2025-04-07T14:14:13","date_gmt":"2025-04-07T13:14:13","guid":{"rendered":"https:\/\/fundaciohospitalariesmartorell.org\/entre-tots\/?p=11208"},"modified":"2025-04-07T14:22:33","modified_gmt":"2025-04-07T13:22:33","slug":"participacio-en-un-simposi-internacional-sobre-cures-palliatives-a-lequador","status":"publish","type":"post","link":"https:\/\/fundaciohospitalariesmartorell.org\/entre-tots\/2025\/04\/participacio-en-un-simposi-internacional-sobre-cures-palliatives-a-lequador\/","title":{"rendered":"Participaci\u00f3 en un simposi internacional sobre cures pal\u00b7liatives a l\u2019Equador"},"content":{"rendered":"\n<figure class=\"wp-block-image size-full\"><img loading=\"lazy\" decoding=\"async\" width=\"640\" height=\"480\" src=\"https:\/\/fundaciohospitalariesmartorell.org\/entre-tots\/wp-content\/uploads\/2025\/04\/Maite-Perez.jpg\" alt=\"\" class=\"wp-image-11209\" srcset=\"https:\/\/fundaciohospitalariesmartorell.org\/entre-tots\/wp-content\/uploads\/2025\/04\/Maite-Perez.jpg 640w, https:\/\/fundaciohospitalariesmartorell.org\/entre-tots\/wp-content\/uploads\/2025\/04\/Maite-Perez-300x225.jpg 300w\" sizes=\"auto, (max-width: 640px) 100vw, 640px\" \/><\/figure>\n\n\n\n<p>L&#8217;equip de PADES de la Fundaci\u00f3 Hospital\u00e0ries Martorell ha participat recentment com a ponent en el simposi <em>Promoviendo la Formaci\u00f3n y la Pr\u00e1ctica en Cuidados Paliativos<\/em>, celebrat en format virtual i organitzat des de Quito, Equador.<\/p>\n\n\n\n<p>La sessi\u00f3 va comptar amb la participaci\u00f3ls Drs. Felipe Sebastian Villacis i Maite P\u00e9rez, que van presentar l\u2019experi\u00e8ncia i el model d\u2019atenci\u00f3 pal\u00b7liativa domicili\u00e0ria que es duu a terme al nostre territori. L\u2019objectiu de la pon\u00e8ncia era compartir bones pr\u00e0ctiques i donar a con\u00e8ixer l\u2019organitzaci\u00f3 i la coordinaci\u00f3 del nostre servei, com a exemple per a equips que estan comen\u00e7ant a desenvolupar aquest tipus d\u2019atenci\u00f3 a l\u2019Equador.<\/p>\n\n\n\n<p>El simposi va ser dirigit per la <a href=\"https:\/\/fundaciohospitalariesmartorell.org\/entre-tots\/2023\/06\/formem-en-cures-palliatives-una-metgessa-dequador\/\">Dra. Cristina Galiano, metgessa equatoriana que va realitzar una estada formativa de dos mesos amb el nostre equip<\/a> a trav\u00e9s de l\u2019organitzaci\u00f3 <em>Paliativos sin Fronteras<\/em>. Aquesta entitat promou l\u2019intercanvi de coneixements i la formaci\u00f3 de professionals en contextos on les cures pal\u00b7liatives encara s\u00f3n una disciplina emergent.<\/p>\n\n\n\n<p>Els assistents al simposi van ser principalment professionals de l\u2019\u00e0mbit de l\u2019oncologia, la medicina interna, la psicologia, la infermeria i les cures pal\u00b7liatives, reflectint l\u2019enfocament interdisciplinari i integral d\u2019aquesta especialitat.<\/p>\n\n\n\n<p>Aquesta participaci\u00f3 ha estat una oportunitat per refor\u00e7ar els vincles internacionals del nostre centre i contribuir al desenvolupament de les cures pal\u00b7liatives a nivell global.<\/p>\n\n\n\n<p><\/p>\n","protected":false},"excerpt":{"rendered":"<p>L&#8217;equip de PADES de la Fundaci\u00f3 Hospital\u00e0ries Martorell ha participat recentment com a ponent en el simposi Promoviendo la Formaci\u00f3n y la Pr\u00e1ctica en Cuidados Paliativos, celebrat en format virtual i organitzat des de Quito, Equador. La sessi\u00f3 va comptar amb la participaci\u00f3ls Drs. Felipe Sebastian Villacis i Maite P\u00e9rez, que van presentar l\u2019experi\u00e8ncia i [&hellip;]<\/p>\n","protected":false},"author":6,"featured_media":11209,"comment_status":"closed","ping_status":"closed","sticky":false,"template":"","format":"standard","meta":{"footnotes":""},"categories":[27,58],"tags":[],"class_list":["post-11208","post","type-post","status-publish","format-standard","has-post-thumbnail","hentry","category-actualitat","category-collaboradors-es"],"blocksy_meta":[],"featured_image_urls_v2":{"full":["https:\/\/fundaciohospitalariesmartorell.org\/entre-tots\/wp-content\/uploads\/2025\/04\/Maite-Perez.jpg",640,480,false],"thumbnail":["https:\/\/fundaciohospitalariesmartorell.org\/entre-tots\/wp-content\/uploads\/2025\/04\/Maite-Perez-150x150.jpg",150,150,true],"medium":["https:\/\/fundaciohospitalariesmartorell.org\/entre-tots\/wp-content\/uploads\/2025\/04\/Maite-Perez-300x225.jpg",300,225,true],"medium_large":["https:\/\/fundaciohospitalariesmartorell.org\/entre-tots\/wp-content\/uploads\/2025\/04\/Maite-Perez.jpg",640,480,false],"large":["https:\/\/fundaciohospitalariesmartorell.org\/entre-tots\/wp-content\/uploads\/2025\/04\/Maite-Perez.jpg",640,480,false],"1536x1536":["https:\/\/fundaciohospitalariesmartorell.org\/entre-tots\/wp-content\/uploads\/2025\/04\/Maite-Perez.jpg",640,480,false],"2048x2048":["https:\/\/fundaciohospitalariesmartorell.org\/entre-tots\/wp-content\/uploads\/2025\/04\/Maite-Perez.jpg",640,480,false],"mailpoet_newsletter_max":["https:\/\/fundaciohospitalariesmartorell.org\/entre-tots\/wp-content\/uploads\/2025\/04\/Maite-Perez.jpg",640,480,false]},"post_excerpt_stackable_v2":"<p>L&#8217;equip de PADES de la Fundaci\u00f3 Hospital\u00e0ries Martorell ha participat recentment com a ponent en el simposi Promoviendo la Formaci\u00f3n y la Pr\u00e1ctica en Cuidados Paliativos, celebrat en format virtual i organitzat des de Quito, Equador. La sessi\u00f3 va comptar amb la participaci\u00f3ls Drs. Felipe Sebastian Villacis i Maite P\u00e9rez, que van presentar l\u2019experi\u00e8ncia i el model d\u2019atenci\u00f3 pal\u00b7liativa domicili\u00e0ria que es duu a terme al nostre territori. L\u2019objectiu de la pon\u00e8ncia era compartir bones pr\u00e0ctiques i donar a con\u00e8ixer l\u2019organitzaci\u00f3 i la coordinaci\u00f3 del nostre servei, com a exemple per a equips que estan comen\u00e7ant a desenvolupar aquest tipus&hellip;<\/p>\n","category_list_v2":"<a href=\"https:\/\/fundaciohospitalariesmartorell.org\/entre-tots\/category\/actualitat\/\" rel=\"category tag\">ACTUALITAT<\/a>, <a href=\"https:\/\/fundaciohospitalariesmartorell.org\/entre-tots\/category\/actualitat\/col%c2%b7laboradors-es\/\" rel=\"category tag\">COL\u00b7LABORADORS\/ES<\/a>","author_info_v2":{"name":"Martorell_comunicacio","url":"https:\/\/fundaciohospitalariesmartorell.org\/entre-tots\/author\/martorell_comunicacio\/"},"comments_num_v2":"0 comments","_links":{"self":[{"href":"https:\/\/fundaciohospitalariesmartorell.org\/entre-tots\/wp-json\/wp\/v2\/posts\/11208","targetHints":{"allow":["GET"]}}],"collection":[{"href":"https:\/\/fundaciohospitalariesmartorell.org\/entre-tots\/wp-json\/wp\/v2\/posts"}],"about":[{"href":"https:\/\/fundaciohospitalariesmartorell.org\/entre-tots\/wp-json\/wp\/v2\/types\/post"}],"author":[{"embeddable":true,"href":"https:\/\/fundaciohospitalariesmartorell.org\/entre-tots\/wp-json\/wp\/v2\/users\/6"}],"replies":[{"embeddable":true,"href":"https:\/\/fundaciohospitalariesmartorell.org\/entre-tots\/wp-json\/wp\/v2\/comments?post=11208"}],"version-history":[{"count":1,"href":"https:\/\/fundaciohospitalariesmartorell.org\/entre-tots\/wp-json\/wp\/v2\/posts\/11208\/revisions"}],"predecessor-version":[{"id":11210,"href":"https:\/\/fundaciohospitalariesmartorell.org\/entre-tots\/wp-json\/wp\/v2\/posts\/11208\/revisions\/11210"}],"wp:featuredmedia":[{"embeddable":true,"href":"https:\/\/fundaciohospitalariesmartorell.org\/entre-tots\/wp-json\/wp\/v2\/media\/11209"}],"wp:attachment":[{"href":"https:\/\/fundaciohospitalariesmartorell.org\/entre-tots\/wp-json\/wp\/v2\/media?parent=11208"}],"wp:term":[{"taxonomy":"category","embeddable":true,"href":"https:\/\/fundaciohospitalariesmartorell.org\/entre-tots\/wp-json\/wp\/v2\/categories?post=11208"},{"taxonomy":"post_tag","embeddable":true,"href":"https:\/\/fundaciohospitalariesmartorell.org\/entre-tots\/wp-json\/wp\/v2\/tags?post=11208"}],"curies":[{"name":"wp","href":"https:\/\/api.w.org\/{rel}","templated":true}]}}