{"id":11214,"date":"2025-04-08T09:37:10","date_gmt":"2025-04-08T08:37:10","guid":{"rendered":"https:\/\/fundaciohospitalariesmartorell.org\/entre-tots\/?p=11214"},"modified":"2025-04-08T09:37:10","modified_gmt":"2025-04-08T08:37:10","slug":"el-periodico-la-salud-mental-de-las-personas-mayores-requiere-mas-dedicacion-y-profesionales","status":"publish","type":"post","link":"https:\/\/fundaciohospitalariesmartorell.org\/entre-tots\/2025\/04\/el-periodico-la-salud-mental-de-las-personas-mayores-requiere-mas-dedicacion-y-profesionales\/","title":{"rendered":"El Peri\u00f3dico. &#8220;La salud mental de las personas mayores requiere m\u00e1s dedicaci\u00f3n y profesionales&#8221;"},"content":{"rendered":"\n<p>El Dr. Manuel S\u00e1nchez , psiquiatre especialitzat en psicogeriatria i cap de l&#8217;\u00c0rea de Gesti\u00f3 del Coneixement de la Fundaci\u00f3 Hospital\u00e0ries Martorell, reivindica la necessitat d&#8217;invertir m\u00e9s recursos en la salut mental de les persones grans. En una entrevista a <a href=\"https:\/\/www.linkedin.com\/company\/68476665\/admin\/page-posts\/published\/?share=true#\">El Peri\u00f3dico<\/a>, alerta que aquest col\u00b7lectiu sovint queda oblidat, tot i patir problem\u00e0tiques espec\u00edfiques que requereixen atenci\u00f3 especialitzada i professionals formats. Reclama, tamb\u00e9, m\u00e9s sensibilitzaci\u00f3 social i pol\u00edtiques p\u00fabliques adaptades per garantir una vellesa digna i emocionalment saludable.<\/p>\n\n\n\n<p><a href=\"https:\/\/www.elperiodico.com\/es\/ser-feliz\/20250408\/manel-sanchez-psiquiatra-salud-mental-116125982?utm_source=whatsapp&amp;utm_medium=social&amp;utm_campaign=btn-share\">Manel S\u00e1nchez, psiquiatra: &#8220;La salud mental de las personas mayores requiere m\u00e1s dedicaci\u00f3n y profesionales&#8221;<\/a><\/p>\n\n\n\n<p><\/p>\n","protected":false},"excerpt":{"rendered":"<p>El Dr. Manuel S\u00e1nchez , psiquiatre especialitzat en psicogeriatria i cap de l&#8217;\u00c0rea de Gesti\u00f3 del Coneixement de la Fundaci\u00f3 Hospital\u00e0ries Martorell, reivindica la necessitat d&#8217;invertir m\u00e9s recursos en la salut mental de les persones grans. En una entrevista a El Peri\u00f3dico, alerta que aquest col\u00b7lectiu sovint queda oblidat, tot i patir problem\u00e0tiques espec\u00edfiques que [&hellip;]<\/p>\n","protected":false},"author":6,"featured_media":0,"comment_status":"closed","ping_status":"","sticky":false,"template":"","format":"standard","meta":{"footnotes":""},"categories":[44],"tags":[],"class_list":["post-11214","post","type-post","status-publish","format-standard","hentry","category-entre-noticies"],"blocksy_meta":[],"featured_image_urls_v2":{"full":"","thumbnail":"","medium":"","medium_large":"","large":"","1536x1536":"","2048x2048":"","mailpoet_newsletter_max":""},"post_excerpt_stackable_v2":"<p>El Dr. Manuel S\u00e1nchez , psiquiatre especialitzat en psicogeriatria i cap de l&#8217;\u00c0rea de Gesti\u00f3 del Coneixement de la Fundaci\u00f3 Hospital\u00e0ries Martorell, reivindica la necessitat d&#8217;invertir m\u00e9s recursos en la salut mental de les persones grans. En una entrevista a El Peri\u00f3dico, alerta que aquest col\u00b7lectiu sovint queda oblidat, tot i patir problem\u00e0tiques espec\u00edfiques que requereixen atenci\u00f3 especialitzada i professionals formats. Reclama, tamb\u00e9, m\u00e9s sensibilitzaci\u00f3 social i pol\u00edtiques p\u00fabliques adaptades per garantir una vellesa digna i emocionalment saludable. Manel S\u00e1nchez, psiquiatra: &#8220;La salud mental de las personas mayores requiere m\u00e1s dedicaci\u00f3n y profesionales&#8221;<\/p>\n","category_list_v2":"<a href=\"https:\/\/fundaciohospitalariesmartorell.org\/entre-tots\/category\/entre-noticies\/\" rel=\"category tag\">ENTRE NOT\u00cdCIES<\/a>","author_info_v2":{"name":"Martorell_comunicacio","url":"https:\/\/fundaciohospitalariesmartorell.org\/entre-tots\/author\/martorell_comunicacio\/"},"comments_num_v2":"0 comments","_links":{"self":[{"href":"https:\/\/fundaciohospitalariesmartorell.org\/entre-tots\/wp-json\/wp\/v2\/posts\/11214","targetHints":{"allow":["GET"]}}],"collection":[{"href":"https:\/\/fundaciohospitalariesmartorell.org\/entre-tots\/wp-json\/wp\/v2\/posts"}],"about":[{"href":"https:\/\/fundaciohospitalariesmartorell.org\/entre-tots\/wp-json\/wp\/v2\/types\/post"}],"author":[{"embeddable":true,"href":"https:\/\/fundaciohospitalariesmartorell.org\/entre-tots\/wp-json\/wp\/v2\/users\/6"}],"replies":[{"embeddable":true,"href":"https:\/\/fundaciohospitalariesmartorell.org\/entre-tots\/wp-json\/wp\/v2\/comments?post=11214"}],"version-history":[{"count":1,"href":"https:\/\/fundaciohospitalariesmartorell.org\/entre-tots\/wp-json\/wp\/v2\/posts\/11214\/revisions"}],"predecessor-version":[{"id":11215,"href":"https:\/\/fundaciohospitalariesmartorell.org\/entre-tots\/wp-json\/wp\/v2\/posts\/11214\/revisions\/11215"}],"wp:attachment":[{"href":"https:\/\/fundaciohospitalariesmartorell.org\/entre-tots\/wp-json\/wp\/v2\/media?parent=11214"}],"wp:term":[{"taxonomy":"category","embeddable":true,"href":"https:\/\/fundaciohospitalariesmartorell.org\/entre-tots\/wp-json\/wp\/v2\/categories?post=11214"},{"taxonomy":"post_tag","embeddable":true,"href":"https:\/\/fundaciohospitalariesmartorell.org\/entre-tots\/wp-json\/wp\/v2\/tags?post=11214"}],"curies":[{"name":"wp","href":"https:\/\/api.w.org\/{rel}","templated":true}]}}