{"id":11216,"date":"2025-04-09T09:10:27","date_gmt":"2025-04-09T08:10:27","guid":{"rendered":"https:\/\/fundaciohospitalariesmartorell.org\/entre-tots\/?p=11216"},"modified":"2025-04-09T09:10:27","modified_gmt":"2025-04-09T08:10:27","slug":"el-src-i-lhd-de-lalt-penedes-celebren-junts-el-dia-mundial-de-lactivitat-fisica","status":"publish","type":"post","link":"https:\/\/fundaciohospitalariesmartorell.org\/entre-tots\/2025\/04\/el-src-i-lhd-de-lalt-penedes-celebren-junts-el-dia-mundial-de-lactivitat-fisica\/","title":{"rendered":"El SRC i l\u2019HD de l\u2019Alt Pened\u00e8s celebren junts el Dia Mundial de l\u2019Activitat F\u00edsica"},"content":{"rendered":"\n<figure class=\"wp-block-image size-large\"><img loading=\"lazy\" decoding=\"async\" width=\"1024\" height=\"576\" src=\"https:\/\/fundaciohospitalariesmartorell.org\/entre-tots\/wp-content\/uploads\/2025\/04\/Rotulo-entrada-despacho-PADES.pptx-1-1024x576.png\" alt=\"\" class=\"wp-image-11220\" srcset=\"https:\/\/fundaciohospitalariesmartorell.org\/entre-tots\/wp-content\/uploads\/2025\/04\/Rotulo-entrada-despacho-PADES.pptx-1-1024x576.png 1024w, https:\/\/fundaciohospitalariesmartorell.org\/entre-tots\/wp-content\/uploads\/2025\/04\/Rotulo-entrada-despacho-PADES.pptx-1-300x169.png 300w, https:\/\/fundaciohospitalariesmartorell.org\/entre-tots\/wp-content\/uploads\/2025\/04\/Rotulo-entrada-despacho-PADES.pptx-1-768x432.png 768w, https:\/\/fundaciohospitalariesmartorell.org\/entre-tots\/wp-content\/uploads\/2025\/04\/Rotulo-entrada-despacho-PADES.pptx-1-1536x864.png 1536w, https:\/\/fundaciohospitalariesmartorell.org\/entre-tots\/wp-content\/uploads\/2025\/04\/Rotulo-entrada-despacho-PADES.pptx-1-1320x743.png 1320w, https:\/\/fundaciohospitalariesmartorell.org\/entre-tots\/wp-content\/uploads\/2025\/04\/Rotulo-entrada-despacho-PADES.pptx-1.png 1920w\" sizes=\"auto, (max-width: 1024px) 100vw, 1024px\" \/><\/figure>\n\n\n\n<p>Amb motiu del Dia Mundial de l&#8217;Activitat F\u00edsica, els dos serveis de Salut Mental de l\u2019Alt Pened\u00e8s \u2014el Servei de Rehabilitaci\u00f3 Comunit\u00e0ria (SRC) i l\u2019Hospital de Dia (HD)\u2014 van sumar esfor\u00e7os per organitzar una jornada conjunta de promoci\u00f3 de l\u2019activitat f\u00edsica i la salut.<\/p>\n\n\n\n<p>Des del SRC van impulsar una caminada circular pel centre de Vilafranca del Pened\u00e8s, recorrent carrers emblem\u00e0tics com la Parellada, Ferrers, Santa Magdalena i Guardiola, fins arribar al Parc 11 de Setembre. All\u00e0 es van trobar amb els usuaris i usu\u00e0ries de l\u2019HD, que havien iniciat una ruta des de les Cabanyes. El parc va ser el punt de trobada on van confluir les dues caminades.<\/p>\n\n\n\n<p>La jornada va ser una molt bona oportunitat per compartir experi\u00e8ncies, fer xarxa i gaudir d\u2019un mat\u00ed actiu a l\u2019aire lliure. Tot plegat, acompanyat d\u2019un refrigeri saludable a base de fruita fresca i sucs envasats, per tancar la trobada amb energia i bon ambient.<\/p>\n\n\n\n<figure class=\"wp-block-image size-large\"><img loading=\"lazy\" decoding=\"async\" width=\"1024\" height=\"768\" src=\"https:\/\/fundaciohospitalariesmartorell.org\/entre-tots\/wp-content\/uploads\/2025\/04\/20250408_092846-1-1024x768.jpg\" alt=\"\" class=\"wp-image-11221\" srcset=\"https:\/\/fundaciohospitalariesmartorell.org\/entre-tots\/wp-content\/uploads\/2025\/04\/20250408_092846-1-1024x768.jpg 1024w, https:\/\/fundaciohospitalariesmartorell.org\/entre-tots\/wp-content\/uploads\/2025\/04\/20250408_092846-1-300x225.jpg 300w, https:\/\/fundaciohospitalariesmartorell.org\/entre-tots\/wp-content\/uploads\/2025\/04\/20250408_092846-1-768x576.jpg 768w, https:\/\/fundaciohospitalariesmartorell.org\/entre-tots\/wp-content\/uploads\/2025\/04\/20250408_092846-1-1536x1152.jpg 1536w, https:\/\/fundaciohospitalariesmartorell.org\/entre-tots\/wp-content\/uploads\/2025\/04\/20250408_092846-1-2048x1536.jpg 2048w, https:\/\/fundaciohospitalariesmartorell.org\/entre-tots\/wp-content\/uploads\/2025\/04\/20250408_092846-1-1320x990.jpg 1320w\" sizes=\"auto, (max-width: 1024px) 100vw, 1024px\" \/><\/figure>\n","protected":false},"excerpt":{"rendered":"<p>Amb motiu del Dia Mundial de l&#8217;Activitat F\u00edsica, els dos serveis de Salut Mental de l\u2019Alt Pened\u00e8s \u2014el Servei de Rehabilitaci\u00f3 Comunit\u00e0ria (SRC) i l\u2019Hospital de Dia (HD)\u2014 van sumar esfor\u00e7os per organitzar una jornada conjunta de promoci\u00f3 de l\u2019activitat f\u00edsica i la salut. Des del SRC van impulsar una caminada circular pel centre de [&hellip;]<\/p>\n","protected":false},"author":6,"featured_media":11220,"comment_status":"closed","ping_status":"","sticky":false,"template":"","format":"standard","meta":{"footnotes":""},"categories":[27,57],"tags":[],"class_list":["post-11216","post","type-post","status-publish","format-standard","has-post-thumbnail","hentry","category-actualitat","category-usuaris-es"],"blocksy_meta":[],"featured_image_urls_v2":{"full":["https:\/\/fundaciohospitalariesmartorell.org\/entre-tots\/wp-content\/uploads\/2025\/04\/Rotulo-entrada-despacho-PADES.pptx-1.png",1920,1080,false],"thumbnail":["https:\/\/fundaciohospitalariesmartorell.org\/entre-tots\/wp-content\/uploads\/2025\/04\/Rotulo-entrada-despacho-PADES.pptx-1-150x150.png",150,150,true],"medium":["https:\/\/fundaciohospitalariesmartorell.org\/entre-tots\/wp-content\/uploads\/2025\/04\/Rotulo-entrada-despacho-PADES.pptx-1-300x169.png",300,169,true],"medium_large":["https:\/\/fundaciohospitalariesmartorell.org\/entre-tots\/wp-content\/uploads\/2025\/04\/Rotulo-entrada-despacho-PADES.pptx-1-768x432.png",768,432,true],"large":["https:\/\/fundaciohospitalariesmartorell.org\/entre-tots\/wp-content\/uploads\/2025\/04\/Rotulo-entrada-despacho-PADES.pptx-1-1024x576.png",1024,576,true],"1536x1536":["https:\/\/fundaciohospitalariesmartorell.org\/entre-tots\/wp-content\/uploads\/2025\/04\/Rotulo-entrada-despacho-PADES.pptx-1-1536x864.png",1536,864,true],"2048x2048":["https:\/\/fundaciohospitalariesmartorell.org\/entre-tots\/wp-content\/uploads\/2025\/04\/Rotulo-entrada-despacho-PADES.pptx-1.png",1920,1080,false],"mailpoet_newsletter_max":["https:\/\/fundaciohospitalariesmartorell.org\/entre-tots\/wp-content\/uploads\/2025\/04\/Rotulo-entrada-despacho-PADES.pptx-1-1320x743.png",1320,743,true]},"post_excerpt_stackable_v2":"<p>Amb motiu del Dia Mundial de l&#8217;Activitat F\u00edsica, els dos serveis de Salut Mental de l\u2019Alt Pened\u00e8s \u2014el Servei de Rehabilitaci\u00f3 Comunit\u00e0ria (SRC) i l\u2019Hospital de Dia (HD)\u2014 van sumar esfor\u00e7os per organitzar una jornada conjunta de promoci\u00f3 de l\u2019activitat f\u00edsica i la salut. Des del SRC van impulsar una caminada circular pel centre de Vilafranca del Pened\u00e8s, recorrent carrers emblem\u00e0tics com la Parellada, Ferrers, Santa Magdalena i Guardiola, fins arribar al Parc 11 de Setembre. All\u00e0 es van trobar amb els usuaris i usu\u00e0ries de l\u2019HD, que havien iniciat una ruta des de les Cabanyes. El parc va ser&hellip;<\/p>\n","category_list_v2":"<a href=\"https:\/\/fundaciohospitalariesmartorell.org\/entre-tots\/category\/actualitat\/\" rel=\"category tag\">ACTUALITAT<\/a>, <a href=\"https:\/\/fundaciohospitalariesmartorell.org\/entre-tots\/category\/actualitat\/usuaris-es\/\" rel=\"category tag\">USUARIS\/ES<\/a>","author_info_v2":{"name":"Martorell_comunicacio","url":"https:\/\/fundaciohospitalariesmartorell.org\/entre-tots\/author\/martorell_comunicacio\/"},"comments_num_v2":"0 comments","_links":{"self":[{"href":"https:\/\/fundaciohospitalariesmartorell.org\/entre-tots\/wp-json\/wp\/v2\/posts\/11216","targetHints":{"allow":["GET"]}}],"collection":[{"href":"https:\/\/fundaciohospitalariesmartorell.org\/entre-tots\/wp-json\/wp\/v2\/posts"}],"about":[{"href":"https:\/\/fundaciohospitalariesmartorell.org\/entre-tots\/wp-json\/wp\/v2\/types\/post"}],"author":[{"embeddable":true,"href":"https:\/\/fundaciohospitalariesmartorell.org\/entre-tots\/wp-json\/wp\/v2\/users\/6"}],"replies":[{"embeddable":true,"href":"https:\/\/fundaciohospitalariesmartorell.org\/entre-tots\/wp-json\/wp\/v2\/comments?post=11216"}],"version-history":[{"count":1,"href":"https:\/\/fundaciohospitalariesmartorell.org\/entre-tots\/wp-json\/wp\/v2\/posts\/11216\/revisions"}],"predecessor-version":[{"id":11223,"href":"https:\/\/fundaciohospitalariesmartorell.org\/entre-tots\/wp-json\/wp\/v2\/posts\/11216\/revisions\/11223"}],"wp:featuredmedia":[{"embeddable":true,"href":"https:\/\/fundaciohospitalariesmartorell.org\/entre-tots\/wp-json\/wp\/v2\/media\/11220"}],"wp:attachment":[{"href":"https:\/\/fundaciohospitalariesmartorell.org\/entre-tots\/wp-json\/wp\/v2\/media?parent=11216"}],"wp:term":[{"taxonomy":"category","embeddable":true,"href":"https:\/\/fundaciohospitalariesmartorell.org\/entre-tots\/wp-json\/wp\/v2\/categories?post=11216"},{"taxonomy":"post_tag","embeddable":true,"href":"https:\/\/fundaciohospitalariesmartorell.org\/entre-tots\/wp-json\/wp\/v2\/tags?post=11216"}],"curies":[{"name":"wp","href":"https:\/\/api.w.org\/{rel}","templated":true}]}}