{"id":11226,"date":"2025-04-22T12:01:33","date_gmt":"2025-04-22T11:01:33","guid":{"rendered":"https:\/\/fundaciohospitalariesmartorell.org\/entre-tots\/?p=11226"},"modified":"2025-04-22T12:01:34","modified_gmt":"2025-04-22T11:01:34","slug":"la-fundacio-hospitalaries-martorell-impulsa-la-collaboracio-i-la-transparencia-amb-la-1a-jornada-de-comissions-assistencials","status":"publish","type":"post","link":"https:\/\/fundaciohospitalariesmartorell.org\/entre-tots\/2025\/04\/la-fundacio-hospitalaries-martorell-impulsa-la-collaboracio-i-la-transparencia-amb-la-1a-jornada-de-comissions-assistencials\/","title":{"rendered":"La Fundaci\u00f3 Hospital\u00e0ries Martorell impulsa la col\u00b7laboraci\u00f3 i la transpar\u00e8ncia amb la 1a Jornada de Comissions Assistencials"},"content":{"rendered":"\n<figure class=\"wp-block-image size-large\"><img loading=\"lazy\" decoding=\"async\" width=\"1024\" height=\"768\" src=\"https:\/\/fundaciohospitalariesmartorell.org\/entre-tots\/wp-content\/uploads\/2025\/04\/20250401_120602-1024x768.jpg\" alt=\"\" class=\"wp-image-11257\" srcset=\"https:\/\/fundaciohospitalariesmartorell.org\/entre-tots\/wp-content\/uploads\/2025\/04\/20250401_120602-1024x768.jpg 1024w, https:\/\/fundaciohospitalariesmartorell.org\/entre-tots\/wp-content\/uploads\/2025\/04\/20250401_120602-300x225.jpg 300w, https:\/\/fundaciohospitalariesmartorell.org\/entre-tots\/wp-content\/uploads\/2025\/04\/20250401_120602-768x576.jpg 768w, https:\/\/fundaciohospitalariesmartorell.org\/entre-tots\/wp-content\/uploads\/2025\/04\/20250401_120602-1536x1152.jpg 1536w, https:\/\/fundaciohospitalariesmartorell.org\/entre-tots\/wp-content\/uploads\/2025\/04\/20250401_120602-2048x1536.jpg 2048w, https:\/\/fundaciohospitalariesmartorell.org\/entre-tots\/wp-content\/uploads\/2025\/04\/20250401_120602-1320x990.jpg 1320w\" sizes=\"auto, (max-width: 1024px) 100vw, 1024px\" \/><\/figure>\n\n\n\n<p>El passat 1 d\u2019abril es va celebrar la 1a Jornada de Comissions Assistencials de la Fundaci\u00f3 Hospital\u00e0ries Martorell, un espai de trobada i reflexi\u00f3 amb l\u2019objectiu de posar en valor la tasca que desenvolupen les diferents comissions i comit\u00e8s dins la nostra instituci\u00f3.<\/p>\n\n\n\n<p>La jornada, que va tenir lloc a l\u2019aula de formaci\u00f3, va evidenciar la import\u00e0ncia d\u2019aquestes estructures com a motor de reflexi\u00f3, proposta i acci\u00f3 en l\u2019\u00e0mbit assistencial, refor\u00e7ant el comprom\u00eds col\u00b7lectiu amb una gesti\u00f3 sanit\u00e0ria de qualitat, basada en el treball multidisciplinari i la participaci\u00f3 activa del personal col\u00b7laborador.<\/p>\n\n\n\n<p>Durant la sessi\u00f3 es van presentar breument els membres, funcions, objectius i resultats de cada comissi\u00f3 i comit\u00e8, afavorint aix\u00ed la comunicaci\u00f3 interna i la transpar\u00e8ncia en relaci\u00f3 amb les accions i decisions adoptades.<\/p>\n\n\n\n<p>Ben aviat es presentar\u00e0 la 1a Mem\u00f2ria de Comissions de l&#8217;hospital, amb la voluntat de consolidar el paper de les comissions com a eina clau per a la millora de la qualitat assistencial i la seguretat dels nostres pacients.<\/p>\n","protected":false},"excerpt":{"rendered":"<p>El passat 1 d\u2019abril es va celebrar la 1a Jornada de Comissions Assistencials de la Fundaci\u00f3 Hospital\u00e0ries Martorell, un espai de trobada i reflexi\u00f3 amb l\u2019objectiu de posar en valor la tasca que desenvolupen les diferents comissions i comit\u00e8s dins la nostra instituci\u00f3. La jornada, que va tenir lloc a l\u2019aula de formaci\u00f3, va evidenciar [&hellip;]<\/p>\n","protected":false},"author":7,"featured_media":11257,"comment_status":"closed","ping_status":"closed","sticky":false,"template":"","format":"standard","meta":{"footnotes":""},"categories":[27,56],"tags":[],"class_list":["post-11226","post","type-post","status-publish","format-standard","has-post-thumbnail","hentry","category-actualitat","category-bon-govern"],"blocksy_meta":[],"featured_image_urls_v2":{"full":["https:\/\/fundaciohospitalariesmartorell.org\/entre-tots\/wp-content\/uploads\/2025\/04\/20250401_120602-scaled.jpg",2560,1920,false],"thumbnail":["https:\/\/fundaciohospitalariesmartorell.org\/entre-tots\/wp-content\/uploads\/2025\/04\/20250401_120602-150x150.jpg",150,150,true],"medium":["https:\/\/fundaciohospitalariesmartorell.org\/entre-tots\/wp-content\/uploads\/2025\/04\/20250401_120602-300x225.jpg",300,225,true],"medium_large":["https:\/\/fundaciohospitalariesmartorell.org\/entre-tots\/wp-content\/uploads\/2025\/04\/20250401_120602-768x576.jpg",768,576,true],"large":["https:\/\/fundaciohospitalariesmartorell.org\/entre-tots\/wp-content\/uploads\/2025\/04\/20250401_120602-1024x768.jpg",1024,768,true],"1536x1536":["https:\/\/fundaciohospitalariesmartorell.org\/entre-tots\/wp-content\/uploads\/2025\/04\/20250401_120602-1536x1152.jpg",1536,1152,true],"2048x2048":["https:\/\/fundaciohospitalariesmartorell.org\/entre-tots\/wp-content\/uploads\/2025\/04\/20250401_120602-2048x1536.jpg",2048,1536,true],"mailpoet_newsletter_max":["https:\/\/fundaciohospitalariesmartorell.org\/entre-tots\/wp-content\/uploads\/2025\/04\/20250401_120602-1320x990.jpg",1320,990,true]},"post_excerpt_stackable_v2":"<p>El passat 1 d\u2019abril es va celebrar la 1a Jornada de Comissions Assistencials de la Fundaci\u00f3 Hospital\u00e0ries Martorell, un espai de trobada i reflexi\u00f3 amb l\u2019objectiu de posar en valor la tasca que desenvolupen les diferents comissions i comit\u00e8s dins la nostra instituci\u00f3. La jornada, que va tenir lloc a l\u2019aula de formaci\u00f3, va evidenciar la import\u00e0ncia d\u2019aquestes estructures com a motor de reflexi\u00f3, proposta i acci\u00f3 en l\u2019\u00e0mbit assistencial, refor\u00e7ant el comprom\u00eds col\u00b7lectiu amb una gesti\u00f3 sanit\u00e0ria de qualitat, basada en el treball multidisciplinari i la participaci\u00f3 activa del personal col\u00b7laborador. Durant la sessi\u00f3 es van presentar breument els&hellip;<\/p>\n","category_list_v2":"<a href=\"https:\/\/fundaciohospitalariesmartorell.org\/entre-tots\/category\/actualitat\/\" rel=\"category tag\">ACTUALITAT<\/a>, <a href=\"https:\/\/fundaciohospitalariesmartorell.org\/entre-tots\/category\/actualitat\/bon-govern\/\" rel=\"category tag\">BON GOVERN<\/a>","author_info_v2":{"name":"ALBA_FELIP","url":"https:\/\/fundaciohospitalariesmartorell.org\/entre-tots\/author\/alba_felip\/"},"comments_num_v2":"0 comments","_links":{"self":[{"href":"https:\/\/fundaciohospitalariesmartorell.org\/entre-tots\/wp-json\/wp\/v2\/posts\/11226","targetHints":{"allow":["GET"]}}],"collection":[{"href":"https:\/\/fundaciohospitalariesmartorell.org\/entre-tots\/wp-json\/wp\/v2\/posts"}],"about":[{"href":"https:\/\/fundaciohospitalariesmartorell.org\/entre-tots\/wp-json\/wp\/v2\/types\/post"}],"author":[{"embeddable":true,"href":"https:\/\/fundaciohospitalariesmartorell.org\/entre-tots\/wp-json\/wp\/v2\/users\/7"}],"replies":[{"embeddable":true,"href":"https:\/\/fundaciohospitalariesmartorell.org\/entre-tots\/wp-json\/wp\/v2\/comments?post=11226"}],"version-history":[{"count":2,"href":"https:\/\/fundaciohospitalariesmartorell.org\/entre-tots\/wp-json\/wp\/v2\/posts\/11226\/revisions"}],"predecessor-version":[{"id":11258,"href":"https:\/\/fundaciohospitalariesmartorell.org\/entre-tots\/wp-json\/wp\/v2\/posts\/11226\/revisions\/11258"}],"wp:featuredmedia":[{"embeddable":true,"href":"https:\/\/fundaciohospitalariesmartorell.org\/entre-tots\/wp-json\/wp\/v2\/media\/11257"}],"wp:attachment":[{"href":"https:\/\/fundaciohospitalariesmartorell.org\/entre-tots\/wp-json\/wp\/v2\/media?parent=11226"}],"wp:term":[{"taxonomy":"category","embeddable":true,"href":"https:\/\/fundaciohospitalariesmartorell.org\/entre-tots\/wp-json\/wp\/v2\/categories?post=11226"},{"taxonomy":"post_tag","embeddable":true,"href":"https:\/\/fundaciohospitalariesmartorell.org\/entre-tots\/wp-json\/wp\/v2\/tags?post=11226"}],"curies":[{"name":"wp","href":"https:\/\/api.w.org\/{rel}","templated":true}]}}