{"id":11228,"date":"2025-04-11T08:29:12","date_gmt":"2025-04-11T07:29:12","guid":{"rendered":"https:\/\/fundaciohospitalariesmartorell.org\/entre-tots\/?p=11228"},"modified":"2025-04-11T08:29:12","modified_gmt":"2025-04-11T07:29:12","slug":"experts-debaten-a-berga-sobre-els-reptes-de-lenvelliment-en-persones-amb-discapacitat-i-problemes-de-salut-mental","status":"publish","type":"post","link":"https:\/\/fundaciohospitalariesmartorell.org\/entre-tots\/2025\/04\/experts-debaten-a-berga-sobre-els-reptes-de-lenvelliment-en-persones-amb-discapacitat-i-problemes-de-salut-mental\/","title":{"rendered":"Experts debaten a Berga sobre els reptes de l\u2019envelliment en persones amb discapacitat i problemes de salut mental"},"content":{"rendered":"\n<p>El passat dimecres 9 d&#8217;abril es va celebrar al Pavell\u00f3 de Su\u00e8cia de Berga la segona edici\u00f3 de la Jornada de Salut Mental i Discapacitat Intel\u00b7lectual, sota el t\u00edtol \u201cEnvellim junts\u201d. La jornada va reunir 135 participants. Per part de la Fundaci\u00f3 Hospital\u00e0ries Martorell hi va participar la Dra. Carolina Gavotti, coordinadora dels Serveis de Salut Mental d\u2019Adults del Bergued\u00e0, en la taula inaugural, i el Dr. Manel S\u00e1nchez, que va oferir una pon\u00e8ncia sobre el deteriorament cognitiu i els processos de dem\u00e8ncia en persones amb discapacitat intel\u00b7lectual. <\/p>\n\n\n\n<figure class=\"wp-block-image size-large\"><img loading=\"lazy\" decoding=\"async\" width=\"2000\" height=\"1125\" src=\"https:\/\/fundaciohospitalariesmartorell.org\/entre-tots\/wp-content\/uploads\/2025\/04\/image-4-edited.png\" alt=\"\" class=\"wp-image-11231\" srcset=\"https:\/\/fundaciohospitalariesmartorell.org\/entre-tots\/wp-content\/uploads\/2025\/04\/image-4-edited.png 2000w, https:\/\/fundaciohospitalariesmartorell.org\/entre-tots\/wp-content\/uploads\/2025\/04\/image-4-edited-300x169.png 300w, https:\/\/fundaciohospitalariesmartorell.org\/entre-tots\/wp-content\/uploads\/2025\/04\/image-4-edited-1024x576.png 1024w, https:\/\/fundaciohospitalariesmartorell.org\/entre-tots\/wp-content\/uploads\/2025\/04\/image-4-edited-768x432.png 768w, https:\/\/fundaciohospitalariesmartorell.org\/entre-tots\/wp-content\/uploads\/2025\/04\/image-4-edited-1536x864.png 1536w, https:\/\/fundaciohospitalariesmartorell.org\/entre-tots\/wp-content\/uploads\/2025\/04\/image-4-edited-1320x743.png 1320w\" sizes=\"auto, (max-width: 2000px) 100vw, 2000px\" \/><\/figure>\n\n\n\n<p>Les conclusions del Dr. S\u00e1nchez van posar \u00e8mfasi en el fet que la dem\u00e8ncia, especialment en persones amb s\u00edndrome de Down, augmenta a mesura que incrementa la seva esperan\u00e7a de vida. Va destacar que \u201cel diagn\u00f2stic \u00e9s m\u00e9s complex que en persones sense discapacitat intel\u00b7lectual, i que actualment no hi ha un tractament que modifiqui la malaltia, tot i que s\u2019estan fent aven\u00e7os en aquest camp. Per aix\u00f2, \u00e9s essencial el tractament simptom\u00e0tic i, sobretot, el suport a l\u2019entorn cuidador.\u201d<\/p>\n\n\n\n<figure class=\"wp-block-image size-large\"><img loading=\"lazy\" decoding=\"async\" width=\"1024\" height=\"577\" src=\"https:\/\/fundaciohospitalariesmartorell.org\/entre-tots\/wp-content\/uploads\/2025\/04\/image-3-1024x577.png\" alt=\"\" class=\"wp-image-11229\" srcset=\"https:\/\/fundaciohospitalariesmartorell.org\/entre-tots\/wp-content\/uploads\/2025\/04\/image-3-1024x577.png 1024w, https:\/\/fundaciohospitalariesmartorell.org\/entre-tots\/wp-content\/uploads\/2025\/04\/image-3-300x169.png 300w, https:\/\/fundaciohospitalariesmartorell.org\/entre-tots\/wp-content\/uploads\/2025\/04\/image-3-768x432.png 768w, https:\/\/fundaciohospitalariesmartorell.org\/entre-tots\/wp-content\/uploads\/2025\/04\/image-3-1536x865.png 1536w, https:\/\/fundaciohospitalariesmartorell.org\/entre-tots\/wp-content\/uploads\/2025\/04\/image-3-1320x743.png 1320w, https:\/\/fundaciohospitalariesmartorell.org\/entre-tots\/wp-content\/uploads\/2025\/04\/image-3.png 2000w\" sizes=\"auto, (max-width: 1024px) 100vw, 1024px\" \/><\/figure>\n\n\n\n<p>Durant la jornada tamb\u00e9 es van poder escoltar pon\u00e8ncies d\u2019experts de refer\u00e8ncia, com la Dra. N\u00faria Terribas i un equip de professionals del Parc Sanitari Sant<br>Joan de D\u00e9u, format per Silvia \u00c1ngel i Gerard Andreu.<\/p>\n\n\n\n<p>La trobada ha estat organitzada conjuntament per la Fundaci\u00f3 La Llar, la Fundaci\u00f3 Horitz\u00f3 del Bergued\u00e0, l\u2019Hospital de Berga, ICS Catalunya Central, Althaia i la Fundaci\u00f3 Hospital\u00e0ries Martorell, amb l\u2019objectiu de generar un espai de reflexi\u00f3, formaci\u00f3 i intercanvi al voltant de l\u2019envelliment en l\u2019\u00e0mbit de la discapacitat intel\u00b7lectual i la salut mental.<\/p>\n","protected":false},"excerpt":{"rendered":"<p>El passat dimecres 9 d&#8217;abril es va celebrar al Pavell\u00f3 de Su\u00e8cia de Berga la segona edici\u00f3 de la Jornada de Salut Mental i Discapacitat Intel\u00b7lectual, sota el t\u00edtol \u201cEnvellim junts\u201d. La jornada va reunir 135 participants. Per part de la Fundaci\u00f3 Hospital\u00e0ries Martorell hi va participar la Dra. Carolina Gavotti, coordinadora dels Serveis de [&hellip;]<\/p>\n","protected":false},"author":7,"featured_media":11230,"comment_status":"closed","ping_status":"","sticky":false,"template":"","format":"standard","meta":{"footnotes":""},"categories":[27,61],"tags":[],"class_list":["post-11228","post","type-post","status-publish","format-standard","has-post-thumbnail","hentry","category-actualitat","category-societat"],"blocksy_meta":[],"featured_image_urls_v2":{"full":["https:\/\/fundaciohospitalariesmartorell.org\/entre-tots\/wp-content\/uploads\/2025\/04\/image-4.png",2000,1500,false],"thumbnail":["https:\/\/fundaciohospitalariesmartorell.org\/entre-tots\/wp-content\/uploads\/2025\/04\/image-4-150x150.png",150,150,true],"medium":["https:\/\/fundaciohospitalariesmartorell.org\/entre-tots\/wp-content\/uploads\/2025\/04\/image-4-300x225.png",300,225,true],"medium_large":["https:\/\/fundaciohospitalariesmartorell.org\/entre-tots\/wp-content\/uploads\/2025\/04\/image-4-768x576.png",768,576,true],"large":["https:\/\/fundaciohospitalariesmartorell.org\/entre-tots\/wp-content\/uploads\/2025\/04\/image-4-1024x768.png",1024,768,true],"1536x1536":["https:\/\/fundaciohospitalariesmartorell.org\/entre-tots\/wp-content\/uploads\/2025\/04\/image-4-1536x1152.png",1536,1152,true],"2048x2048":["https:\/\/fundaciohospitalariesmartorell.org\/entre-tots\/wp-content\/uploads\/2025\/04\/image-4.png",2000,1500,false],"mailpoet_newsletter_max":["https:\/\/fundaciohospitalariesmartorell.org\/entre-tots\/wp-content\/uploads\/2025\/04\/image-4-1320x990.png",1320,990,true]},"post_excerpt_stackable_v2":"<p>El passat dimecres 9 d&#8217;abril es va celebrar al Pavell\u00f3 de Su\u00e8cia de Berga la segona edici\u00f3 de la Jornada de Salut Mental i Discapacitat Intel\u00b7lectual, sota el t\u00edtol \u201cEnvellim junts\u201d. La jornada va reunir 135 participants. Per part de la Fundaci\u00f3 Hospital\u00e0ries Martorell hi va participar la Dra. Carolina Gavotti, coordinadora dels Serveis de Salut Mental d\u2019Adults del Bergued\u00e0, en la taula inaugural, i el Dr. Manel S\u00e1nchez, que va oferir una pon\u00e8ncia sobre el deteriorament cognitiu i els processos de dem\u00e8ncia en persones amb discapacitat intel\u00b7lectual. Les conclusions del Dr. S\u00e1nchez van posar \u00e8mfasi en el fet que&hellip;<\/p>\n","category_list_v2":"<a href=\"https:\/\/fundaciohospitalariesmartorell.org\/entre-tots\/category\/actualitat\/\" rel=\"category tag\">ACTUALITAT<\/a>, <a href=\"https:\/\/fundaciohospitalariesmartorell.org\/entre-tots\/category\/actualitat\/societat\/\" rel=\"category tag\">SOCIETAT<\/a>","author_info_v2":{"name":"ALBA_FELIP","url":"https:\/\/fundaciohospitalariesmartorell.org\/entre-tots\/author\/alba_felip\/"},"comments_num_v2":"0 comments","_links":{"self":[{"href":"https:\/\/fundaciohospitalariesmartorell.org\/entre-tots\/wp-json\/wp\/v2\/posts\/11228","targetHints":{"allow":["GET"]}}],"collection":[{"href":"https:\/\/fundaciohospitalariesmartorell.org\/entre-tots\/wp-json\/wp\/v2\/posts"}],"about":[{"href":"https:\/\/fundaciohospitalariesmartorell.org\/entre-tots\/wp-json\/wp\/v2\/types\/post"}],"author":[{"embeddable":true,"href":"https:\/\/fundaciohospitalariesmartorell.org\/entre-tots\/wp-json\/wp\/v2\/users\/7"}],"replies":[{"embeddable":true,"href":"https:\/\/fundaciohospitalariesmartorell.org\/entre-tots\/wp-json\/wp\/v2\/comments?post=11228"}],"version-history":[{"count":1,"href":"https:\/\/fundaciohospitalariesmartorell.org\/entre-tots\/wp-json\/wp\/v2\/posts\/11228\/revisions"}],"predecessor-version":[{"id":11232,"href":"https:\/\/fundaciohospitalariesmartorell.org\/entre-tots\/wp-json\/wp\/v2\/posts\/11228\/revisions\/11232"}],"wp:featuredmedia":[{"embeddable":true,"href":"https:\/\/fundaciohospitalariesmartorell.org\/entre-tots\/wp-json\/wp\/v2\/media\/11230"}],"wp:attachment":[{"href":"https:\/\/fundaciohospitalariesmartorell.org\/entre-tots\/wp-json\/wp\/v2\/media?parent=11228"}],"wp:term":[{"taxonomy":"category","embeddable":true,"href":"https:\/\/fundaciohospitalariesmartorell.org\/entre-tots\/wp-json\/wp\/v2\/categories?post=11228"},{"taxonomy":"post_tag","embeddable":true,"href":"https:\/\/fundaciohospitalariesmartorell.org\/entre-tots\/wp-json\/wp\/v2\/tags?post=11228"}],"curies":[{"name":"wp","href":"https:\/\/api.w.org\/{rel}","templated":true}]}}