{"id":11233,"date":"2025-04-11T08:34:49","date_gmt":"2025-04-11T07:34:49","guid":{"rendered":"https:\/\/fundaciohospitalariesmartorell.org\/entre-tots\/?p=11233"},"modified":"2025-04-11T08:34:49","modified_gmt":"2025-04-11T07:34:49","slug":"neix-el-punt-de-trobada-un-espai-segur-i-dacollida-per-a-persones-en-situacio-de-sense-llar-a-vilafranca-del-penedes","status":"publish","type":"post","link":"https:\/\/fundaciohospitalariesmartorell.org\/entre-tots\/2025\/04\/neix-el-punt-de-trobada-un-espai-segur-i-dacollida-per-a-persones-en-situacio-de-sense-llar-a-vilafranca-del-penedes\/","title":{"rendered":"Neix el Punt de Trobada, un espai segur i d&#8217;acollida per a persones en situaci\u00f3 de sense llar a Vilafranca del Pened\u00e8s"},"content":{"rendered":"\n<p>Des d&#8217;aquest mes d&#8217;abril, Vilafranca del Pened\u00e8s compta amb un nou servei d&#8217;acompanyament a persones en situaci\u00f3 de sense llar. Es tracta del <em>Punt de Trobada<\/em>,una iniciativa conjunta de l\u2019Ajuntament de Vilafranca del Pened\u00e8s, Creu Roja Alt Pened\u00e8s i el CAS Alt Pened\u00e8s, de la Fundaci\u00f3 Hospital\u00e0ries Martorell, que t\u00e9 com a objectiu oferir un espai segur, digne i acollidor per a persones en situaci\u00f3 de sense llar de la localitat. El servei es prestar\u00e0 a les instal\u00b7lacions de la Creu Roja, situades al carrer Eugeni d&#8217;Ors, 22, amb acc\u00e9s per una entrada lateral.<\/p>\n\n\n\n<figure class=\"wp-block-image size-large\"><img loading=\"lazy\" decoding=\"async\" width=\"1024\" height=\"768\" src=\"https:\/\/fundaciohospitalariesmartorell.org\/entre-tots\/wp-content\/uploads\/2025\/04\/IMG-20250403-WA0002-1024x768.jpg\" alt=\"\" class=\"wp-image-11234\" srcset=\"https:\/\/fundaciohospitalariesmartorell.org\/entre-tots\/wp-content\/uploads\/2025\/04\/IMG-20250403-WA0002-1024x768.jpg 1024w, https:\/\/fundaciohospitalariesmartorell.org\/entre-tots\/wp-content\/uploads\/2025\/04\/IMG-20250403-WA0002-300x225.jpg 300w, https:\/\/fundaciohospitalariesmartorell.org\/entre-tots\/wp-content\/uploads\/2025\/04\/IMG-20250403-WA0002-768x576.jpg 768w, https:\/\/fundaciohospitalariesmartorell.org\/entre-tots\/wp-content\/uploads\/2025\/04\/IMG-20250403-WA0002-1536x1152.jpg 1536w, https:\/\/fundaciohospitalariesmartorell.org\/entre-tots\/wp-content\/uploads\/2025\/04\/IMG-20250403-WA0002-1320x990.jpg 1320w, https:\/\/fundaciohospitalariesmartorell.org\/entre-tots\/wp-content\/uploads\/2025\/04\/IMG-20250403-WA0002.jpg 2016w\" sizes=\"auto, (max-width: 1024px) 100vw, 1024px\" \/><\/figure>\n\n\n\n<p>Aquest recurs neix per donar resposta a una necessitat expressada per part de les persones en situaci\u00f3 de vulnerabilitat i recollida pels agents socials locals: disposar d\u2019un lloc on passar el dia protegits de les inclem\u00e8ncies meteorol\u00f2giques i on poder deixar les seves pertinences amb seguretat.<\/p>\n\n\n\n<h3 class=\"wp-block-heading\">Un servei d&#8217;acollida di\u00fcrna i atenci\u00f3 personalitzada<\/h3>\n\n\n\n<p>El <em>Punt de Trobada<\/em> estar\u00e0 obert els dimarts, dimecres i dijous de 9:00 h a 13:30 h, i oferir\u00e0 servei de consigna, espai de descans i atenci\u00f3 individualitzada. Els dijous el servei es limitar\u00e0 a la consigna, tot i que en cas d\u2019onades de fred o calor extrema, es mantindr\u00e0 l\u2019estan\u00e7a oberta amb normalitat.<\/p>\n\n\n\n<h3 class=\"wp-block-heading\">Acompanyament i suport integral<\/h3>\n\n\n\n<p>El servei no nom\u00e9s proporciona un espai f\u00edsic, sin\u00f3 tamb\u00e9 un <strong>acompanyament social integral<\/strong>. Un equip de professionals i voluntariat oferir\u00e0 assessorament, suport emocional, orientaci\u00f3 sobre recursos socials, sanitaris i laborals, i realitzar\u00e0 seguiments individuals.<\/p>\n\n\n\n<p>A m\u00e9s, les persones usu\u00e0ries podran participar en tallers formatius i activitats orientades a la millora de les seves compet\u00e8ncies personals i professionals, com per exemple:<\/p>\n\n\n\n<ul class=\"wp-block-list\">\n<li>Tallers d\u2019idiomes<\/li>\n\n\n\n<li>Recerca de feina<\/li>\n\n\n\n<li>Habilitats socials i d\u2019autonomia<\/li>\n<\/ul>\n\n\n\n<h3 class=\"wp-block-heading\">Acc\u00e9s al servei<\/h3>\n\n\n\n<p>Per accedir al <em>Punt de Trobada<\/em>, cal ser derivat pels Serveis Socials B\u00e0sics o pel CAS Alt Pened\u00e8s. Les persones interessades hauran de fer una entrevista pr\u00e8via amb l\u2019equip de Creu Roja i signar un acord de comprom\u00eds on s\u2019estableixen les normes de conviv\u00e8ncia i participaci\u00f3.<\/p>\n\n\n\n<p>Tindran <strong>prioritat d\u2019acc\u00e9s<\/strong> les persones residents a Vilafranca del Pened\u00e8s que es trobin en situaci\u00f3 de sense llar o vulnerabilitat extrema.<\/p>\n","protected":false},"excerpt":{"rendered":"<p>Des d&#8217;aquest mes d&#8217;abril, Vilafranca del Pened\u00e8s compta amb un nou servei d&#8217;acompanyament a persones en situaci\u00f3 de sense llar. Es tracta del Punt de Trobada,una iniciativa conjunta de l\u2019Ajuntament de Vilafranca del Pened\u00e8s, Creu Roja Alt Pened\u00e8s i el CAS Alt Pened\u00e8s, de la Fundaci\u00f3 Hospital\u00e0ries Martorell, que t\u00e9 com a objectiu oferir un [&hellip;]<\/p>\n","protected":false},"author":7,"featured_media":11234,"comment_status":"closed","ping_status":"","sticky":false,"template":"","format":"standard","meta":{"footnotes":""},"categories":[27],"tags":[],"class_list":["post-11233","post","type-post","status-publish","format-standard","has-post-thumbnail","hentry","category-actualitat"],"blocksy_meta":[],"featured_image_urls_v2":{"full":["https:\/\/fundaciohospitalariesmartorell.org\/entre-tots\/wp-content\/uploads\/2025\/04\/IMG-20250403-WA0002.jpg",2016,1512,false],"thumbnail":["https:\/\/fundaciohospitalariesmartorell.org\/entre-tots\/wp-content\/uploads\/2025\/04\/IMG-20250403-WA0002-150x150.jpg",150,150,true],"medium":["https:\/\/fundaciohospitalariesmartorell.org\/entre-tots\/wp-content\/uploads\/2025\/04\/IMG-20250403-WA0002-300x225.jpg",300,225,true],"medium_large":["https:\/\/fundaciohospitalariesmartorell.org\/entre-tots\/wp-content\/uploads\/2025\/04\/IMG-20250403-WA0002-768x576.jpg",768,576,true],"large":["https:\/\/fundaciohospitalariesmartorell.org\/entre-tots\/wp-content\/uploads\/2025\/04\/IMG-20250403-WA0002-1024x768.jpg",1024,768,true],"1536x1536":["https:\/\/fundaciohospitalariesmartorell.org\/entre-tots\/wp-content\/uploads\/2025\/04\/IMG-20250403-WA0002-1536x1152.jpg",1536,1152,true],"2048x2048":["https:\/\/fundaciohospitalariesmartorell.org\/entre-tots\/wp-content\/uploads\/2025\/04\/IMG-20250403-WA0002.jpg",2016,1512,false],"mailpoet_newsletter_max":["https:\/\/fundaciohospitalariesmartorell.org\/entre-tots\/wp-content\/uploads\/2025\/04\/IMG-20250403-WA0002-1320x990.jpg",1320,990,true]},"post_excerpt_stackable_v2":"<p>Des d&#8217;aquest mes d&#8217;abril, Vilafranca del Pened\u00e8s compta amb un nou servei d&#8217;acompanyament a persones en situaci\u00f3 de sense llar. Es tracta del Punt de Trobada,una iniciativa conjunta de l\u2019Ajuntament de Vilafranca del Pened\u00e8s, Creu Roja Alt Pened\u00e8s i el CAS Alt Pened\u00e8s, de la Fundaci\u00f3 Hospital\u00e0ries Martorell, que t\u00e9 com a objectiu oferir un espai segur, digne i acollidor per a persones en situaci\u00f3 de sense llar de la localitat. El servei es prestar\u00e0 a les instal\u00b7lacions de la Creu Roja, situades al carrer Eugeni d&#8217;Ors, 22, amb acc\u00e9s per una entrada lateral. Aquest recurs neix per donar resposta&hellip;<\/p>\n","category_list_v2":"<a href=\"https:\/\/fundaciohospitalariesmartorell.org\/entre-tots\/category\/actualitat\/\" rel=\"category tag\">ACTUALITAT<\/a>","author_info_v2":{"name":"ALBA_FELIP","url":"https:\/\/fundaciohospitalariesmartorell.org\/entre-tots\/author\/alba_felip\/"},"comments_num_v2":"0 comments","_links":{"self":[{"href":"https:\/\/fundaciohospitalariesmartorell.org\/entre-tots\/wp-json\/wp\/v2\/posts\/11233","targetHints":{"allow":["GET"]}}],"collection":[{"href":"https:\/\/fundaciohospitalariesmartorell.org\/entre-tots\/wp-json\/wp\/v2\/posts"}],"about":[{"href":"https:\/\/fundaciohospitalariesmartorell.org\/entre-tots\/wp-json\/wp\/v2\/types\/post"}],"author":[{"embeddable":true,"href":"https:\/\/fundaciohospitalariesmartorell.org\/entre-tots\/wp-json\/wp\/v2\/users\/7"}],"replies":[{"embeddable":true,"href":"https:\/\/fundaciohospitalariesmartorell.org\/entre-tots\/wp-json\/wp\/v2\/comments?post=11233"}],"version-history":[{"count":1,"href":"https:\/\/fundaciohospitalariesmartorell.org\/entre-tots\/wp-json\/wp\/v2\/posts\/11233\/revisions"}],"predecessor-version":[{"id":11235,"href":"https:\/\/fundaciohospitalariesmartorell.org\/entre-tots\/wp-json\/wp\/v2\/posts\/11233\/revisions\/11235"}],"wp:featuredmedia":[{"embeddable":true,"href":"https:\/\/fundaciohospitalariesmartorell.org\/entre-tots\/wp-json\/wp\/v2\/media\/11234"}],"wp:attachment":[{"href":"https:\/\/fundaciohospitalariesmartorell.org\/entre-tots\/wp-json\/wp\/v2\/media?parent=11233"}],"wp:term":[{"taxonomy":"category","embeddable":true,"href":"https:\/\/fundaciohospitalariesmartorell.org\/entre-tots\/wp-json\/wp\/v2\/categories?post=11233"},{"taxonomy":"post_tag","embeddable":true,"href":"https:\/\/fundaciohospitalariesmartorell.org\/entre-tots\/wp-json\/wp\/v2\/tags?post=11233"}],"curies":[{"name":"wp","href":"https:\/\/api.w.org\/{rel}","templated":true}]}}