{"id":11246,"date":"2025-04-15T12:01:37","date_gmt":"2025-04-15T11:01:37","guid":{"rendered":"https:\/\/fundaciohospitalariesmartorell.org\/entre-tots\/?p=11246"},"modified":"2025-04-22T12:02:28","modified_gmt":"2025-04-22T11:02:28","slug":"gran-resposta-solidaria-en-la-recollida-de-roba-infantil-per-al-rober-del-voluntariat-vicencia-dolesa","status":"publish","type":"post","link":"https:\/\/fundaciohospitalariesmartorell.org\/entre-tots\/2025\/04\/gran-resposta-solidaria-en-la-recollida-de-roba-infantil-per-al-rober-del-voluntariat-vicencia-dolesa\/","title":{"rendered":"Gran resposta solid\u00e0ria en la recollida de roba infantil per al rober del Voluntariat Vicenci\u00e0 d&#8217;Olesa"},"content":{"rendered":"\n<figure class=\"wp-block-gallery has-nested-images columns-default is-cropped wp-block-gallery-1 is-layout-flex wp-block-gallery-is-layout-flex\">\n<figure class=\"wp-block-image size-large\"><img loading=\"lazy\" decoding=\"async\" width=\"2560\" height=\"1707\" data-id=\"11250\" src=\"https:\/\/fundaciohospitalariesmartorell.org\/entre-tots\/wp-content\/uploads\/2025\/04\/IMG_2191-edited-1-scaled.jpg\" alt=\"\" class=\"wp-image-11250\" srcset=\"https:\/\/fundaciohospitalariesmartorell.org\/entre-tots\/wp-content\/uploads\/2025\/04\/IMG_2191-edited-1-scaled.jpg 2560w, https:\/\/fundaciohospitalariesmartorell.org\/entre-tots\/wp-content\/uploads\/2025\/04\/IMG_2191-edited-1-300x200.jpg 300w, https:\/\/fundaciohospitalariesmartorell.org\/entre-tots\/wp-content\/uploads\/2025\/04\/IMG_2191-edited-1-1024x683.jpg 1024w, https:\/\/fundaciohospitalariesmartorell.org\/entre-tots\/wp-content\/uploads\/2025\/04\/IMG_2191-edited-1-768x512.jpg 768w, https:\/\/fundaciohospitalariesmartorell.org\/entre-tots\/wp-content\/uploads\/2025\/04\/IMG_2191-edited-1-1536x1024.jpg 1536w, https:\/\/fundaciohospitalariesmartorell.org\/entre-tots\/wp-content\/uploads\/2025\/04\/IMG_2191-edited-1-2048x1365.jpg 2048w, https:\/\/fundaciohospitalariesmartorell.org\/entre-tots\/wp-content\/uploads\/2025\/04\/IMG_2191-edited-1-1320x880.jpg 1320w\" sizes=\"auto, (max-width: 2560px) 100vw, 2560px\" \/><\/figure>\n<\/figure>\n\n\n\n<p>La Fundaci\u00f3 Hospital\u00e0ries Martorell ha aconseguit un gran \u00e8xit en la campanya de recollida de roba infantil organitzada aquest mes d&#8217;abril en benefici del rober solidari del Voluntariat Vicenci\u00e0 d&#8217;Olesa de Montserrat.<\/p>\n\n\n\n<p>Gr\u00e0cies a la solidaritat i implicaci\u00f3 del personal col\u00b7laborador de l&#8217;hospital i dels centres comunitaris, s\u2019ha aconseguit reunir una gran quantitat de peces de roba que seran de gran ajuda per a moltes fam\u00edlies en situaci\u00f3 de vulnerabilitat del territori.<\/p>\n\n\n\n<p>Des de la Comissi\u00f3 de Solidaritat de la FH Martorell volem expressar el nostre m\u00e9s sincer agra\u00efment a totes les persones que han fet possible aquesta acci\u00f3 solid\u00e0ria amb les seves donacions.<\/p>\n\n\n\n<figure class=\"wp-block-gallery has-nested-images columns-default is-cropped wp-block-gallery-2 is-layout-flex wp-block-gallery-is-layout-flex\">\n<figure class=\"wp-block-image size-large\"><img loading=\"lazy\" decoding=\"async\" width=\"2560\" height=\"1707\" data-id=\"11252\" src=\"https:\/\/fundaciohospitalariesmartorell.org\/entre-tots\/wp-content\/uploads\/2025\/04\/IMG_2195-edited-scaled.jpg\" alt=\"\" class=\"wp-image-11252\" srcset=\"https:\/\/fundaciohospitalariesmartorell.org\/entre-tots\/wp-content\/uploads\/2025\/04\/IMG_2195-edited-scaled.jpg 2560w, https:\/\/fundaciohospitalariesmartorell.org\/entre-tots\/wp-content\/uploads\/2025\/04\/IMG_2195-edited-300x200.jpg 300w, https:\/\/fundaciohospitalariesmartorell.org\/entre-tots\/wp-content\/uploads\/2025\/04\/IMG_2195-edited-1024x683.jpg 1024w, https:\/\/fundaciohospitalariesmartorell.org\/entre-tots\/wp-content\/uploads\/2025\/04\/IMG_2195-edited-768x512.jpg 768w, https:\/\/fundaciohospitalariesmartorell.org\/entre-tots\/wp-content\/uploads\/2025\/04\/IMG_2195-edited-1536x1024.jpg 1536w, https:\/\/fundaciohospitalariesmartorell.org\/entre-tots\/wp-content\/uploads\/2025\/04\/IMG_2195-edited-2048x1365.jpg 2048w, https:\/\/fundaciohospitalariesmartorell.org\/entre-tots\/wp-content\/uploads\/2025\/04\/IMG_2195-edited-1320x880.jpg 1320w\" sizes=\"auto, (max-width: 2560px) 100vw, 2560px\" \/><\/figure>\n<\/figure>\n","protected":false},"excerpt":{"rendered":"<p>La Fundaci\u00f3 Hospital\u00e0ries Martorell ha aconseguit un gran \u00e8xit en la campanya de recollida de roba infantil organitzada aquest mes d&#8217;abril en benefici del rober solidari del Voluntariat Vicenci\u00e0 d&#8217;Olesa de Montserrat. Gr\u00e0cies a la solidaritat i implicaci\u00f3 del personal col\u00b7laborador de l&#8217;hospital i dels centres comunitaris, s\u2019ha aconseguit reunir una gran quantitat de peces [&hellip;]<\/p>\n","protected":false},"author":6,"featured_media":11250,"comment_status":"closed","ping_status":"closed","sticky":false,"template":"","format":"standard","meta":{"footnotes":""},"categories":[27,58],"tags":[],"class_list":["post-11246","post","type-post","status-publish","format-standard","has-post-thumbnail","hentry","category-actualitat","category-collaboradors-es"],"blocksy_meta":[],"featured_image_urls_v2":{"full":["https:\/\/fundaciohospitalariesmartorell.org\/entre-tots\/wp-content\/uploads\/2025\/04\/IMG_2191-edited-1-scaled.jpg",2560,1707,false],"thumbnail":["https:\/\/fundaciohospitalariesmartorell.org\/entre-tots\/wp-content\/uploads\/2025\/04\/IMG_2191-edited-1-150x150.jpg",150,150,true],"medium":["https:\/\/fundaciohospitalariesmartorell.org\/entre-tots\/wp-content\/uploads\/2025\/04\/IMG_2191-edited-1-300x200.jpg",300,200,true],"medium_large":["https:\/\/fundaciohospitalariesmartorell.org\/entre-tots\/wp-content\/uploads\/2025\/04\/IMG_2191-edited-1-768x512.jpg",768,512,true],"large":["https:\/\/fundaciohospitalariesmartorell.org\/entre-tots\/wp-content\/uploads\/2025\/04\/IMG_2191-edited-1-1024x683.jpg",1024,683,true],"1536x1536":["https:\/\/fundaciohospitalariesmartorell.org\/entre-tots\/wp-content\/uploads\/2025\/04\/IMG_2191-edited-1-1536x1024.jpg",1536,1024,true],"2048x2048":["https:\/\/fundaciohospitalariesmartorell.org\/entre-tots\/wp-content\/uploads\/2025\/04\/IMG_2191-edited-1-2048x1365.jpg",2048,1365,true],"mailpoet_newsletter_max":["https:\/\/fundaciohospitalariesmartorell.org\/entre-tots\/wp-content\/uploads\/2025\/04\/IMG_2191-edited-1-1320x880.jpg",1320,880,true]},"post_excerpt_stackable_v2":"<p>La Fundaci\u00f3 Hospital\u00e0ries Martorell ha aconseguit un gran \u00e8xit en la campanya de recollida de roba infantil organitzada aquest mes d&#8217;abril en benefici del rober solidari del Voluntariat Vicenci\u00e0 d&#8217;Olesa de Montserrat. Gr\u00e0cies a la solidaritat i implicaci\u00f3 del personal col\u00b7laborador de l&#8217;hospital i dels centres comunitaris, s\u2019ha aconseguit reunir una gran quantitat de peces de roba que seran de gran ajuda per a moltes fam\u00edlies en situaci\u00f3 de vulnerabilitat del territori. Des de la Comissi\u00f3 de Solidaritat de la FH Martorell volem expressar el nostre m\u00e9s sincer agra\u00efment a totes les persones que han fet possible aquesta acci\u00f3 solid\u00e0ria&hellip;<\/p>\n","category_list_v2":"<a href=\"https:\/\/fundaciohospitalariesmartorell.org\/entre-tots\/category\/actualitat\/\" rel=\"category tag\">ACTUALITAT<\/a>, <a href=\"https:\/\/fundaciohospitalariesmartorell.org\/entre-tots\/category\/actualitat\/col%c2%b7laboradors-es\/\" rel=\"category tag\">COL\u00b7LABORADORS\/ES<\/a>","author_info_v2":{"name":"Martorell_comunicacio","url":"https:\/\/fundaciohospitalariesmartorell.org\/entre-tots\/author\/martorell_comunicacio\/"},"comments_num_v2":"0 comments","_links":{"self":[{"href":"https:\/\/fundaciohospitalariesmartorell.org\/entre-tots\/wp-json\/wp\/v2\/posts\/11246","targetHints":{"allow":["GET"]}}],"collection":[{"href":"https:\/\/fundaciohospitalariesmartorell.org\/entre-tots\/wp-json\/wp\/v2\/posts"}],"about":[{"href":"https:\/\/fundaciohospitalariesmartorell.org\/entre-tots\/wp-json\/wp\/v2\/types\/post"}],"author":[{"embeddable":true,"href":"https:\/\/fundaciohospitalariesmartorell.org\/entre-tots\/wp-json\/wp\/v2\/users\/6"}],"replies":[{"embeddable":true,"href":"https:\/\/fundaciohospitalariesmartorell.org\/entre-tots\/wp-json\/wp\/v2\/comments?post=11246"}],"version-history":[{"count":1,"href":"https:\/\/fundaciohospitalariesmartorell.org\/entre-tots\/wp-json\/wp\/v2\/posts\/11246\/revisions"}],"predecessor-version":[{"id":11253,"href":"https:\/\/fundaciohospitalariesmartorell.org\/entre-tots\/wp-json\/wp\/v2\/posts\/11246\/revisions\/11253"}],"wp:featuredmedia":[{"embeddable":true,"href":"https:\/\/fundaciohospitalariesmartorell.org\/entre-tots\/wp-json\/wp\/v2\/media\/11250"}],"wp:attachment":[{"href":"https:\/\/fundaciohospitalariesmartorell.org\/entre-tots\/wp-json\/wp\/v2\/media?parent=11246"}],"wp:term":[{"taxonomy":"category","embeddable":true,"href":"https:\/\/fundaciohospitalariesmartorell.org\/entre-tots\/wp-json\/wp\/v2\/categories?post=11246"},{"taxonomy":"post_tag","embeddable":true,"href":"https:\/\/fundaciohospitalariesmartorell.org\/entre-tots\/wp-json\/wp\/v2\/tags?post=11246"}],"curies":[{"name":"wp","href":"https:\/\/api.w.org\/{rel}","templated":true}]}}