{"id":11261,"date":"2025-04-22T12:20:28","date_gmt":"2025-04-22T11:20:28","guid":{"rendered":"https:\/\/fundaciohospitalariesmartorell.org\/entre-tots\/?p=11261"},"modified":"2025-04-22T12:20:28","modified_gmt":"2025-04-22T11:20:28","slug":"la-fundacio-nou-cami-publica-el-conte-la-nube-una-historia-sobre-salud-mental","status":"publish","type":"post","link":"https:\/\/fundaciohospitalariesmartorell.org\/entre-tots\/2025\/04\/la-fundacio-nou-cami-publica-el-conte-la-nube-una-historia-sobre-salud-mental\/","title":{"rendered":"La Fundaci\u00f3 Nou Cam\u00ed publica el conte La Nube: una historia sobre salud mental"},"content":{"rendered":"\n<figure class=\"wp-block-image size-full\"><img loading=\"lazy\" decoding=\"async\" width=\"377\" height=\"376\" src=\"https:\/\/fundaciohospitalariesmartorell.org\/entre-tots\/wp-content\/uploads\/2025\/04\/La-nuve.png\" alt=\"\" class=\"wp-image-11262\" srcset=\"https:\/\/fundaciohospitalariesmartorell.org\/entre-tots\/wp-content\/uploads\/2025\/04\/La-nuve.png 377w, https:\/\/fundaciohospitalariesmartorell.org\/entre-tots\/wp-content\/uploads\/2025\/04\/La-nuve-300x300.png 300w, https:\/\/fundaciohospitalariesmartorell.org\/entre-tots\/wp-content\/uploads\/2025\/04\/La-nuve-150x150.png 150w\" sizes=\"auto, (max-width: 377px) 100vw, 377px\" \/><\/figure>\n\n\n\n<p>La Fundaci\u00f3 Nou Cam\u00ed acaba de publicar <em>La Nube: una historia sobre salud mental<\/em>, un conte que neix amb la voluntat de promoure una mirada oberta, respectuosa i positiva sobre la salut mental. El llibre, publicat amb l\u2019editorial Plataforma, forma part d\u2019un projecte educatiu que es dur\u00e0 a terme amb alumnes de segon cicle de prim\u00e0ria.<\/p>\n\n\n\n<p>La iniciativa va sorgir a partir d\u2019un taller realitzat al Club Social de la Fundaci\u00f3 Nou Cam\u00ed, en qu\u00e8 els i les usu\u00e0ries van compartir viv\u00e8ncies personals i reflexions al voltant dels factors de protecci\u00f3 i les seves pr\u00f2pies experi\u00e8ncies en salut mental. Aquestes aportacions van inspirar el relat que, despr\u00e9s d\u2019un proc\u00e9s col\u00b7lectiu de creaci\u00f3, il\u00b7lustraci\u00f3 i revisi\u00f3, s\u2019ha convertit en <em>La Nube<\/em>, una eina educativa per fomentar el di\u00e0leg i la consci\u00e8ncia emocional entre els infants.<\/p>\n\n\n\n<p>El conte narra la hist\u00f2ria de la Marisa, una nena que convida a reflexionar sobre la import\u00e0ncia de cuidar la pr\u00f2pia salut mental des de petits. Amb aquest projecte, la Fundaci\u00f3 Nou Cam\u00ed vol contribuir a trencar estigmes i oferir recursos pedag\u00f2gics que permetin parlar de salut mental sense tab\u00fas, posant \u00e8mfasi en el fet que tothom t\u00e9 salut mental i que \u00e9s responsabilitat col\u00b7lectiva cuidar-la.<\/p>\n\n\n\n<p>El llibre es pot adquirir en lloc com FNAC, Corte Ingl\u00e9s o Casa del Llibre, aix\u00ed com en petites llibreries i Amazon, a un preu de 17,95\u20ac.<\/p>\n","protected":false},"excerpt":{"rendered":"<p>La Fundaci\u00f3 Nou Cam\u00ed acaba de publicar La Nube: una historia sobre salud mental, un conte que neix amb la voluntat de promoure una mirada oberta, respectuosa i positiva sobre la salut mental. El llibre, publicat amb l\u2019editorial Plataforma, forma part d\u2019un projecte educatiu que es dur\u00e0 a terme amb alumnes de segon cicle de [&hellip;]<\/p>\n","protected":false},"author":6,"featured_media":11262,"comment_status":"closed","ping_status":"","sticky":false,"template":"","format":"standard","meta":{"footnotes":""},"categories":[27],"tags":[],"class_list":["post-11261","post","type-post","status-publish","format-standard","has-post-thumbnail","hentry","category-actualitat"],"blocksy_meta":[],"featured_image_urls_v2":{"full":["https:\/\/fundaciohospitalariesmartorell.org\/entre-tots\/wp-content\/uploads\/2025\/04\/La-nuve.png",377,376,false],"thumbnail":["https:\/\/fundaciohospitalariesmartorell.org\/entre-tots\/wp-content\/uploads\/2025\/04\/La-nuve-150x150.png",150,150,true],"medium":["https:\/\/fundaciohospitalariesmartorell.org\/entre-tots\/wp-content\/uploads\/2025\/04\/La-nuve-300x300.png",300,300,true],"medium_large":["https:\/\/fundaciohospitalariesmartorell.org\/entre-tots\/wp-content\/uploads\/2025\/04\/La-nuve.png",377,376,false],"large":["https:\/\/fundaciohospitalariesmartorell.org\/entre-tots\/wp-content\/uploads\/2025\/04\/La-nuve.png",377,376,false],"1536x1536":["https:\/\/fundaciohospitalariesmartorell.org\/entre-tots\/wp-content\/uploads\/2025\/04\/La-nuve.png",377,376,false],"2048x2048":["https:\/\/fundaciohospitalariesmartorell.org\/entre-tots\/wp-content\/uploads\/2025\/04\/La-nuve.png",377,376,false],"mailpoet_newsletter_max":["https:\/\/fundaciohospitalariesmartorell.org\/entre-tots\/wp-content\/uploads\/2025\/04\/La-nuve.png",377,376,false]},"post_excerpt_stackable_v2":"<p>La Fundaci\u00f3 Nou Cam\u00ed acaba de publicar La Nube: una historia sobre salud mental, un conte que neix amb la voluntat de promoure una mirada oberta, respectuosa i positiva sobre la salut mental. El llibre, publicat amb l\u2019editorial Plataforma, forma part d\u2019un projecte educatiu que es dur\u00e0 a terme amb alumnes de segon cicle de prim\u00e0ria. La iniciativa va sorgir a partir d\u2019un taller realitzat al Club Social de la Fundaci\u00f3 Nou Cam\u00ed, en qu\u00e8 els i les usu\u00e0ries van compartir viv\u00e8ncies personals i reflexions al voltant dels factors de protecci\u00f3 i les seves pr\u00f2pies experi\u00e8ncies en salut mental. Aquestes&hellip;<\/p>\n","category_list_v2":"<a href=\"https:\/\/fundaciohospitalariesmartorell.org\/entre-tots\/category\/actualitat\/\" rel=\"category tag\">ACTUALITAT<\/a>","author_info_v2":{"name":"Martorell_comunicacio","url":"https:\/\/fundaciohospitalariesmartorell.org\/entre-tots\/author\/martorell_comunicacio\/"},"comments_num_v2":"0 comments","_links":{"self":[{"href":"https:\/\/fundaciohospitalariesmartorell.org\/entre-tots\/wp-json\/wp\/v2\/posts\/11261","targetHints":{"allow":["GET"]}}],"collection":[{"href":"https:\/\/fundaciohospitalariesmartorell.org\/entre-tots\/wp-json\/wp\/v2\/posts"}],"about":[{"href":"https:\/\/fundaciohospitalariesmartorell.org\/entre-tots\/wp-json\/wp\/v2\/types\/post"}],"author":[{"embeddable":true,"href":"https:\/\/fundaciohospitalariesmartorell.org\/entre-tots\/wp-json\/wp\/v2\/users\/6"}],"replies":[{"embeddable":true,"href":"https:\/\/fundaciohospitalariesmartorell.org\/entre-tots\/wp-json\/wp\/v2\/comments?post=11261"}],"version-history":[{"count":1,"href":"https:\/\/fundaciohospitalariesmartorell.org\/entre-tots\/wp-json\/wp\/v2\/posts\/11261\/revisions"}],"predecessor-version":[{"id":11263,"href":"https:\/\/fundaciohospitalariesmartorell.org\/entre-tots\/wp-json\/wp\/v2\/posts\/11261\/revisions\/11263"}],"wp:featuredmedia":[{"embeddable":true,"href":"https:\/\/fundaciohospitalariesmartorell.org\/entre-tots\/wp-json\/wp\/v2\/media\/11262"}],"wp:attachment":[{"href":"https:\/\/fundaciohospitalariesmartorell.org\/entre-tots\/wp-json\/wp\/v2\/media?parent=11261"}],"wp:term":[{"taxonomy":"category","embeddable":true,"href":"https:\/\/fundaciohospitalariesmartorell.org\/entre-tots\/wp-json\/wp\/v2\/categories?post=11261"},{"taxonomy":"post_tag","embeddable":true,"href":"https:\/\/fundaciohospitalariesmartorell.org\/entre-tots\/wp-json\/wp\/v2\/tags?post=11261"}],"curies":[{"name":"wp","href":"https:\/\/api.w.org\/{rel}","templated":true}]}}