{"id":11264,"date":"2025-04-22T14:34:26","date_gmt":"2025-04-22T13:34:26","guid":{"rendered":"https:\/\/fundaciohospitalariesmartorell.org\/entre-tots\/?p=11264"},"modified":"2025-04-28T07:44:12","modified_gmt":"2025-04-28T06:44:12","slug":"exposicio-el-silencio-del-alma-a-la-cafeteria-de-lhospital","status":"publish","type":"post","link":"https:\/\/fundaciohospitalariesmartorell.org\/entre-tots\/2025\/04\/exposicio-el-silencio-del-alma-a-la-cafeteria-de-lhospital\/","title":{"rendered":"Aura Daud\u00e9n: &#8220;Hi ha part de la meva hist\u00f2ria en els poemes&#8221;"},"content":{"rendered":"\n<figure class=\"wp-block-image size-large\"><img loading=\"lazy\" decoding=\"async\" width=\"1024\" height=\"577\" src=\"https:\/\/fundaciohospitalariesmartorell.org\/entre-tots\/wp-content\/uploads\/2025\/04\/image-5-1024x577.png\" alt=\"\" class=\"wp-image-11265\" srcset=\"https:\/\/fundaciohospitalariesmartorell.org\/entre-tots\/wp-content\/uploads\/2025\/04\/image-5-1024x577.png 1024w, https:\/\/fundaciohospitalariesmartorell.org\/entre-tots\/wp-content\/uploads\/2025\/04\/image-5-300x169.png 300w, https:\/\/fundaciohospitalariesmartorell.org\/entre-tots\/wp-content\/uploads\/2025\/04\/image-5-768x432.png 768w, https:\/\/fundaciohospitalariesmartorell.org\/entre-tots\/wp-content\/uploads\/2025\/04\/image-5-1536x865.png 1536w, https:\/\/fundaciohospitalariesmartorell.org\/entre-tots\/wp-content\/uploads\/2025\/04\/image-5-1320x743.png 1320w, https:\/\/fundaciohospitalariesmartorell.org\/entre-tots\/wp-content\/uploads\/2025\/04\/image-5.png 2000w\" sizes=\"auto, (max-width: 1024px) 100vw, 1024px\" \/><\/figure>\n\n\n\n<p>La cafeteria de la Fundaci\u00f3 Hospital\u00e0ries Martorell acull aquests dies una exposici\u00f3 que convida a endinsar-se en l\u2019univers \u00edntim i po\u00e8tic d\u2019Aura Daud\u00e9n. L\u2019autora, nascuda a Barcelona l\u2019any 1976 i florista de professi\u00f3, presenta la seva darrera obra <em>El Silencio del Alma<\/em>, un recull de poemes que naveguen pels sentiments m\u00e9s humans: l\u2019amor, el desamor, la desesperan\u00e7a, l\u2019amistat i la vulnerabilitat emocional.<\/p>\n\n\n\n<p>&#8220;Tracto temes d\u2019amistat, d\u2019amor, de desamor, de sentiments \u00edntims, de desesperaci\u00f3&#8230; Una mica de tot. No m\u2019he volgut centrar en una sola tem\u00e0tica&#8221;, explica l\u2019autora. El poemari, que es pot adquirir a <a href=\"https:\/\/www.amazon.es\/EL-SILENCIO-DEL-ALMA-MICROPOEMAS-ebook\/dp\/B0DSQ13HMK\/ref=sr_1_2?dib=eyJ2IjoiMSJ9.ubjhFInMm43eliuL-PowlkUyks8XMu5r1vZlOQPLdN8.BxjNKuivaCFDxqFJaoRyMzA4TYzV0QXx-6L5E7QAip0&amp;dib_tag=se&amp;qid=1745327650&amp;refinements=p_27%3AAura+Daude&amp;s=books&amp;sr=1-2\">Amazon<\/a>, \u00e9s el resultat d\u2019un proc\u00e9s creatiu intens que ha durat prop d\u2019un any. &#8220;Escric m\u00e9s de nit, perqu\u00e8 \u00e9s quan el m\u00f3n s\u2019atura. La calma de la nit m\u2019inspira&#8221;, diu Daud\u00e9n.<\/p>\n\n\n\n<p>Aura Daud\u00e9n es va iniciar en la literatura l\u2019any 2019 amb la publicaci\u00f3 d&#8217;<em><a href=\"https:\/\/www.amazon.es\/Anna-y-rosa-los-vientos\/dp\/8417961445\/ref=sr_1_1?dib=eyJ2IjoiMSJ9.ubjhFInMm43eliuL-PowlkUyks8XMu5r1vZlOQPLdN8.BxjNKuivaCFDxqFJaoRyMzA4TYzV0QXx-6L5E7QAip0&amp;dib_tag=se&amp;qid=1745327650&amp;refinements=p_27%3AAura+Daude&amp;s=books&amp;sr=1-1\">Anna y la rosa de los vientos<\/a><\/em>, un relat narratiu basat en un viatge real a Egipte. &#8220;Va ser un viatge que em va impactar. El Nil parteix la vida i la mort&#8230; No hi ha cap lloc al m\u00f3n que ho faci aix\u00ed&#8221;, recorda. <\/p>\n\n\n\n<p>Filla de logopeda i doctor en inform\u00e0tica, Aura Daud\u00e9n combina la sensibilitat art\u00edstica amb una mirada anal\u00edtica sobre el m\u00f3n. Actualment, es troba en proc\u00e9s de recuperaci\u00f3 a la Unitat de Subaguts. Escriure poesia, explica, \u00e9s una manera de transformar el dolor i les experi\u00e8ncies viscudes en bellesa: &#8220;Hi ha part de la meva hist\u00f2ria en els poemes. Escric del que conec i del que he viscut. Si no, seria fals.&#8221;<\/p>\n\n\n\n<p>Entre els seus referents destaca W.B. Yeats, poeta irland\u00e8s del segle XIX, a qui va descobrir a trav\u00e9s de la m\u00fasica de Lisa Gerrard i les bandes sonores d\u2019El Senyor dels Anells. &#8220;Hi ha poemes meus que parteixen de l\u2019estructura o el significat d\u2019alguns seus. \u00c9s el poeta amb qui m\u00e9s connecto&#8221;, afirma.<\/p>\n\n\n\n<p>L\u2019exposici\u00f3 es pot visitar a la cafeteria de la Fundaci\u00f3 Hospital\u00e0ria de Martorell i representa un viatge a l\u2019interior d\u2019una veu po\u00e8tica tant honesta com singular. Aqu\u00ed, un dels seus poemes:<\/p>\n\n\n\n<div class=\"wp-block-group is-layout-constrained wp-block-group-is-layout-constrained\">\n<p><strong>P\u00c9TALOS<\/strong><\/p>\n\n\n\n<p>El viento sopla<br>y tu nombre nombra.<br>Di tu nombre.<br>Que en los p\u00e9talos de almendro,<br>se traza un dibujo en el cielo,<br>es para ti.<br>Esperar\u00e9 en la sombra,<br>que el d\u00eda me ciega,<br>que entre almendros<br>un secreto en ellos se encierra.<\/p>\n<\/div>\n\n\n\n<p><\/p>\n","protected":false},"excerpt":{"rendered":"<p>La cafeteria de la Fundaci\u00f3 Hospital\u00e0ries Martorell acull aquests dies una exposici\u00f3 que convida a endinsar-se en l\u2019univers \u00edntim i po\u00e8tic d\u2019Aura Daud\u00e9n. L\u2019autora, nascuda a Barcelona l\u2019any 1976 i florista de professi\u00f3, presenta la seva darrera obra El Silencio del Alma, un recull de poemes que naveguen pels sentiments m\u00e9s humans: l\u2019amor, el desamor, [&hellip;]<\/p>\n","protected":false},"author":6,"featured_media":11265,"comment_status":"closed","ping_status":"closed","sticky":false,"template":"","format":"standard","meta":{"footnotes":""},"categories":[27],"tags":[],"class_list":["post-11264","post","type-post","status-publish","format-standard","has-post-thumbnail","hentry","category-actualitat"],"blocksy_meta":[],"featured_image_urls_v2":{"full":["https:\/\/fundaciohospitalariesmartorell.org\/entre-tots\/wp-content\/uploads\/2025\/04\/image-5.png",2000,1126,false],"thumbnail":["https:\/\/fundaciohospitalariesmartorell.org\/entre-tots\/wp-content\/uploads\/2025\/04\/image-5-150x150.png",150,150,true],"medium":["https:\/\/fundaciohospitalariesmartorell.org\/entre-tots\/wp-content\/uploads\/2025\/04\/image-5-300x169.png",300,169,true],"medium_large":["https:\/\/fundaciohospitalariesmartorell.org\/entre-tots\/wp-content\/uploads\/2025\/04\/image-5-768x432.png",768,432,true],"large":["https:\/\/fundaciohospitalariesmartorell.org\/entre-tots\/wp-content\/uploads\/2025\/04\/image-5-1024x577.png",1024,577,true],"1536x1536":["https:\/\/fundaciohospitalariesmartorell.org\/entre-tots\/wp-content\/uploads\/2025\/04\/image-5-1536x865.png",1536,865,true],"2048x2048":["https:\/\/fundaciohospitalariesmartorell.org\/entre-tots\/wp-content\/uploads\/2025\/04\/image-5.png",2000,1126,false],"mailpoet_newsletter_max":["https:\/\/fundaciohospitalariesmartorell.org\/entre-tots\/wp-content\/uploads\/2025\/04\/image-5-1320x743.png",1320,743,true]},"post_excerpt_stackable_v2":"<p>La cafeteria de la Fundaci\u00f3 Hospital\u00e0ries Martorell acull aquests dies una exposici\u00f3 que convida a endinsar-se en l\u2019univers \u00edntim i po\u00e8tic d\u2019Aura Daud\u00e9n. L\u2019autora, nascuda a Barcelona l\u2019any 1976 i florista de professi\u00f3, presenta la seva darrera obra El Silencio del Alma, un recull de poemes que naveguen pels sentiments m\u00e9s humans: l\u2019amor, el desamor, la desesperan\u00e7a, l\u2019amistat i la vulnerabilitat emocional. &#8220;Tracto temes d\u2019amistat, d\u2019amor, de desamor, de sentiments \u00edntims, de desesperaci\u00f3&#8230; Una mica de tot. No m\u2019he volgut centrar en una sola tem\u00e0tica&#8221;, explica l\u2019autora. El poemari, que es pot adquirir a Amazon, \u00e9s el resultat d\u2019un proc\u00e9s&hellip;<\/p>\n","category_list_v2":"<a href=\"https:\/\/fundaciohospitalariesmartorell.org\/entre-tots\/category\/actualitat\/\" rel=\"category tag\">ACTUALITAT<\/a>","author_info_v2":{"name":"Martorell_comunicacio","url":"https:\/\/fundaciohospitalariesmartorell.org\/entre-tots\/author\/martorell_comunicacio\/"},"comments_num_v2":"0 comments","_links":{"self":[{"href":"https:\/\/fundaciohospitalariesmartorell.org\/entre-tots\/wp-json\/wp\/v2\/posts\/11264","targetHints":{"allow":["GET"]}}],"collection":[{"href":"https:\/\/fundaciohospitalariesmartorell.org\/entre-tots\/wp-json\/wp\/v2\/posts"}],"about":[{"href":"https:\/\/fundaciohospitalariesmartorell.org\/entre-tots\/wp-json\/wp\/v2\/types\/post"}],"author":[{"embeddable":true,"href":"https:\/\/fundaciohospitalariesmartorell.org\/entre-tots\/wp-json\/wp\/v2\/users\/6"}],"replies":[{"embeddable":true,"href":"https:\/\/fundaciohospitalariesmartorell.org\/entre-tots\/wp-json\/wp\/v2\/comments?post=11264"}],"version-history":[{"count":2,"href":"https:\/\/fundaciohospitalariesmartorell.org\/entre-tots\/wp-json\/wp\/v2\/posts\/11264\/revisions"}],"predecessor-version":[{"id":11299,"href":"https:\/\/fundaciohospitalariesmartorell.org\/entre-tots\/wp-json\/wp\/v2\/posts\/11264\/revisions\/11299"}],"wp:featuredmedia":[{"embeddable":true,"href":"https:\/\/fundaciohospitalariesmartorell.org\/entre-tots\/wp-json\/wp\/v2\/media\/11265"}],"wp:attachment":[{"href":"https:\/\/fundaciohospitalariesmartorell.org\/entre-tots\/wp-json\/wp\/v2\/media?parent=11264"}],"wp:term":[{"taxonomy":"category","embeddable":true,"href":"https:\/\/fundaciohospitalariesmartorell.org\/entre-tots\/wp-json\/wp\/v2\/categories?post=11264"},{"taxonomy":"post_tag","embeddable":true,"href":"https:\/\/fundaciohospitalariesmartorell.org\/entre-tots\/wp-json\/wp\/v2\/tags?post=11264"}],"curies":[{"name":"wp","href":"https:\/\/api.w.org\/{rel}","templated":true}]}}