{"id":11268,"date":"2025-04-25T09:11:59","date_gmt":"2025-04-25T08:11:59","guid":{"rendered":"https:\/\/fundaciohospitalariesmartorell.org\/entre-tots\/?p=11268"},"modified":"2025-04-28T09:01:09","modified_gmt":"2025-04-28T08:01:09","slug":"comprendre-el-tea-i-altes-capacitats-la-visio-de-la-clara-roca","status":"publish","type":"post","link":"https:\/\/fundaciohospitalariesmartorell.org\/entre-tots\/2025\/04\/comprendre-el-tea-i-altes-capacitats-la-visio-de-la-clara-roca\/","title":{"rendered":"Comprendre el TEA i les altes capacitats: la visi\u00f3 de la Clara Roca"},"content":{"rendered":"\n<p>Entrevistem a la Clara Roca, usu\u00e0ria del CSMA de Sant Feliu, que conviu amb TEA i altes capacitats. Ha creat el perfil d\u2019Instagram <a class=\"\" href=\"https:\/\/instagram.com\/eresrarasiyque\">@eresrarasiyque<\/a>, un espai on comparteix la seva experi\u00e8ncia a trav\u00e9s de la il\u00b7lustraci\u00f3.<\/p>\n\n\n\n<p>Aquest projecte neix de la necessitat de donar veu a realitats sovint invisibilitzades, i ho fa amb un estil propi i molt personal. A trav\u00e9s dels seus dibuixos, la Clara parla de com viu el m\u00f3n, els estigmes, la neurodiverg\u00e8ncia i l\u2019autoacceptaci\u00f3. I ho fa amb una pregunta tan potent com desafiant: <strong>Eres rara, s\u00ed, \u00bfy qu\u00e9?<\/strong>.<\/p>\n\n\n\n<figure class=\"wp-block-embed is-type-video is-provider-youtube wp-block-embed-youtube wp-embed-aspect-16-9 wp-has-aspect-ratio\"><div class=\"wp-block-embed__wrapper\">\n<iframe loading=\"lazy\" title=\"Comprendre el TEA i altes capacitats: La visi\u00f3 de la Clara Roca\" width=\"1290\" height=\"726\" src=\"https:\/\/www.youtube.com\/embed\/7B7yPWvSiFU?feature=oembed\" frameborder=\"0\" allow=\"accelerometer; autoplay; clipboard-write; encrypted-media; gyroscope; picture-in-picture; web-share\" referrerpolicy=\"strict-origin-when-cross-origin\" allowfullscreen><\/iframe>\n<\/div><\/figure>\n\n\n\n<p><\/p>\n","protected":false},"excerpt":{"rendered":"<p>Entrevistem a la Clara Roca, usu\u00e0ria del CSMA de Sant Feliu, que conviu amb TEA i altes capacitats. Ha creat el perfil d\u2019Instagram @eresrarasiyque, un espai on comparteix la seva experi\u00e8ncia a trav\u00e9s de la il\u00b7lustraci\u00f3. Aquest projecte neix de la necessitat de donar veu a realitats sovint invisibilitzades, i ho fa amb un estil [&hellip;]<\/p>\n","protected":false},"author":6,"featured_media":11269,"comment_status":"closed","ping_status":"closed","sticky":false,"template":"","format":"standard","meta":{"footnotes":""},"categories":[27,57],"tags":[],"class_list":["post-11268","post","type-post","status-publish","format-standard","has-post-thumbnail","hentry","category-actualitat","category-usuaris-es"],"blocksy_meta":[],"featured_image_urls_v2":{"full":["https:\/\/fundaciohospitalariesmartorell.org\/entre-tots\/wp-content\/uploads\/2025\/04\/WhatsApp-Image-2025-04-16-at-22.44.30-scaled.jpeg",2560,1679,false],"thumbnail":["https:\/\/fundaciohospitalariesmartorell.org\/entre-tots\/wp-content\/uploads\/2025\/04\/WhatsApp-Image-2025-04-16-at-22.44.30-150x150.jpeg",150,150,true],"medium":["https:\/\/fundaciohospitalariesmartorell.org\/entre-tots\/wp-content\/uploads\/2025\/04\/WhatsApp-Image-2025-04-16-at-22.44.30-300x197.jpeg",300,197,true],"medium_large":["https:\/\/fundaciohospitalariesmartorell.org\/entre-tots\/wp-content\/uploads\/2025\/04\/WhatsApp-Image-2025-04-16-at-22.44.30-768x504.jpeg",768,504,true],"large":["https:\/\/fundaciohospitalariesmartorell.org\/entre-tots\/wp-content\/uploads\/2025\/04\/WhatsApp-Image-2025-04-16-at-22.44.30-1024x672.jpeg",1024,672,true],"1536x1536":["https:\/\/fundaciohospitalariesmartorell.org\/entre-tots\/wp-content\/uploads\/2025\/04\/WhatsApp-Image-2025-04-16-at-22.44.30-1536x1007.jpeg",1536,1007,true],"2048x2048":["https:\/\/fundaciohospitalariesmartorell.org\/entre-tots\/wp-content\/uploads\/2025\/04\/WhatsApp-Image-2025-04-16-at-22.44.30-2048x1343.jpeg",2048,1343,true],"mailpoet_newsletter_max":["https:\/\/fundaciohospitalariesmartorell.org\/entre-tots\/wp-content\/uploads\/2025\/04\/WhatsApp-Image-2025-04-16-at-22.44.30-1320x866.jpeg",1320,866,true]},"post_excerpt_stackable_v2":"<p>Entrevistem a la Clara Roca, usu\u00e0ria del CSMA de Sant Feliu, que conviu amb TEA i altes capacitats. Ha creat el perfil d\u2019Instagram @eresrarasiyque, un espai on comparteix la seva experi\u00e8ncia a trav\u00e9s de la il\u00b7lustraci\u00f3. Aquest projecte neix de la necessitat de donar veu a realitats sovint invisibilitzades, i ho fa amb un estil propi i molt personal. A trav\u00e9s dels seus dibuixos, la Clara parla de com viu el m\u00f3n, els estigmes, la neurodiverg\u00e8ncia i l\u2019autoacceptaci\u00f3. I ho fa amb una pregunta tan potent com desafiant: Eres rara, s\u00ed, \u00bfy qu\u00e9?.<\/p>\n","category_list_v2":"<a href=\"https:\/\/fundaciohospitalariesmartorell.org\/entre-tots\/category\/actualitat\/\" rel=\"category tag\">ACTUALITAT<\/a>, <a href=\"https:\/\/fundaciohospitalariesmartorell.org\/entre-tots\/category\/actualitat\/usuaris-es\/\" rel=\"category tag\">USUARIS\/ES<\/a>","author_info_v2":{"name":"Martorell_comunicacio","url":"https:\/\/fundaciohospitalariesmartorell.org\/entre-tots\/author\/martorell_comunicacio\/"},"comments_num_v2":"0 comments","_links":{"self":[{"href":"https:\/\/fundaciohospitalariesmartorell.org\/entre-tots\/wp-json\/wp\/v2\/posts\/11268","targetHints":{"allow":["GET"]}}],"collection":[{"href":"https:\/\/fundaciohospitalariesmartorell.org\/entre-tots\/wp-json\/wp\/v2\/posts"}],"about":[{"href":"https:\/\/fundaciohospitalariesmartorell.org\/entre-tots\/wp-json\/wp\/v2\/types\/post"}],"author":[{"embeddable":true,"href":"https:\/\/fundaciohospitalariesmartorell.org\/entre-tots\/wp-json\/wp\/v2\/users\/6"}],"replies":[{"embeddable":true,"href":"https:\/\/fundaciohospitalariesmartorell.org\/entre-tots\/wp-json\/wp\/v2\/comments?post=11268"}],"version-history":[{"count":6,"href":"https:\/\/fundaciohospitalariesmartorell.org\/entre-tots\/wp-json\/wp\/v2\/posts\/11268\/revisions"}],"predecessor-version":[{"id":11301,"href":"https:\/\/fundaciohospitalariesmartorell.org\/entre-tots\/wp-json\/wp\/v2\/posts\/11268\/revisions\/11301"}],"wp:featuredmedia":[{"embeddable":true,"href":"https:\/\/fundaciohospitalariesmartorell.org\/entre-tots\/wp-json\/wp\/v2\/media\/11269"}],"wp:attachment":[{"href":"https:\/\/fundaciohospitalariesmartorell.org\/entre-tots\/wp-json\/wp\/v2\/media?parent=11268"}],"wp:term":[{"taxonomy":"category","embeddable":true,"href":"https:\/\/fundaciohospitalariesmartorell.org\/entre-tots\/wp-json\/wp\/v2\/categories?post=11268"},{"taxonomy":"post_tag","embeddable":true,"href":"https:\/\/fundaciohospitalariesmartorell.org\/entre-tots\/wp-json\/wp\/v2\/tags?post=11268"}],"curies":[{"name":"wp","href":"https:\/\/api.w.org\/{rel}","templated":true}]}}