{"id":11282,"date":"2025-04-25T08:57:09","date_gmt":"2025-04-25T07:57:09","guid":{"rendered":"https:\/\/fundaciohospitalariesmartorell.org\/entre-tots\/?p=11282"},"modified":"2025-04-28T07:42:14","modified_gmt":"2025-04-28T06:42:14","slug":"difusio-de-la-unitat-de-recuperacio-integral-dels-tca-a-lhospital-del-mar","status":"publish","type":"post","link":"https:\/\/fundaciohospitalariesmartorell.org\/entre-tots\/2025\/04\/difusio-de-la-unitat-de-recuperacio-integral-dels-tca-a-lhospital-del-mar\/","title":{"rendered":"Sessi\u00f3 divulgativa de la Unitat de Recuperaci\u00f3 Integral dels TCA a l\u2019Hospital del Mar"},"content":{"rendered":"\n<figure class=\"wp-block-image size-large\"><img loading=\"lazy\" decoding=\"async\" width=\"1024\" height=\"723\" src=\"https:\/\/fundaciohospitalariesmartorell.org\/entre-tots\/wp-content\/uploads\/2025\/04\/image-9-1024x723.png\" alt=\"\" class=\"wp-image-11283\" srcset=\"https:\/\/fundaciohospitalariesmartorell.org\/entre-tots\/wp-content\/uploads\/2025\/04\/image-9-1024x723.png 1024w, https:\/\/fundaciohospitalariesmartorell.org\/entre-tots\/wp-content\/uploads\/2025\/04\/image-9-300x212.png 300w, https:\/\/fundaciohospitalariesmartorell.org\/entre-tots\/wp-content\/uploads\/2025\/04\/image-9-768x542.png 768w, https:\/\/fundaciohospitalariesmartorell.org\/entre-tots\/wp-content\/uploads\/2025\/04\/image-9.png 1208w\" sizes=\"auto, (max-width: 1024px) 100vw, 1024px\" \/><\/figure>\n\n\n\n<p>En Carlos Ruiz, infermer de la Unitat de Recuperaci\u00f3 Integral dels Trastorns de la Conducta Aliment\u00e0ria (TCA), ha dut a terme recentment una pon\u00e8ncia a l\u2019Hospital del Mar adre\u00e7ada als residents de totes les promocions de psiquiatria, psicologia i infermeria de salut mental, aix\u00ed com a diversos professionals adjunts del centre.<\/p>\n\n\n\n<p>Amb una assist\u00e8ncia d&#8217;entre 40 i 50 persones, la sessi\u00f3 va tenir una acollida molt positiva i va generar un espai de reflexi\u00f3 i intercanvi al voltant de l\u2019abordatge dels TCA i la tasca que es duu a terme des de la nostra unitat. Durant la presentaci\u00f3 es van compartir experi\u00e8ncies, es van tractar reptes assistencials i es va donar a con\u00e8ixer la visi\u00f3 i metodologia de treball de l\u2019equip.<\/p>\n\n\n\n<p>Tant la participaci\u00f3 com els comentaris rebuts posteriorment van posar de manifest la necessitat de continuar obrint espais com aquest. A m\u00e9s, diversos professionals van destacar l\u2019excel\u00b7lent valoraci\u00f3 per part d\u2019una pacient recentment derivada a la unitat, que va fer una menci\u00f3 especial al tracte rebut i a la qualitat de l\u2019atenci\u00f3.<\/p>\n","protected":false},"excerpt":{"rendered":"<p>En Carlos Ruiz, infermer de la Unitat de Recuperaci\u00f3 Integral dels Trastorns de la Conducta Aliment\u00e0ria (TCA), ha dut a terme recentment una pon\u00e8ncia a l\u2019Hospital del Mar adre\u00e7ada als residents de totes les promocions de psiquiatria, psicologia i infermeria de salut mental, aix\u00ed com a diversos professionals adjunts del centre. Amb una assist\u00e8ncia d&#8217;entre [&hellip;]<\/p>\n","protected":false},"author":7,"featured_media":11283,"comment_status":"closed","ping_status":"closed","sticky":false,"template":"","format":"standard","meta":{"footnotes":""},"categories":[27],"tags":[],"class_list":["post-11282","post","type-post","status-publish","format-standard","has-post-thumbnail","hentry","category-actualitat"],"blocksy_meta":[],"featured_image_urls_v2":{"full":["https:\/\/fundaciohospitalariesmartorell.org\/entre-tots\/wp-content\/uploads\/2025\/04\/image-9.png",1208,853,false],"thumbnail":["https:\/\/fundaciohospitalariesmartorell.org\/entre-tots\/wp-content\/uploads\/2025\/04\/image-9-150x150.png",150,150,true],"medium":["https:\/\/fundaciohospitalariesmartorell.org\/entre-tots\/wp-content\/uploads\/2025\/04\/image-9-300x212.png",300,212,true],"medium_large":["https:\/\/fundaciohospitalariesmartorell.org\/entre-tots\/wp-content\/uploads\/2025\/04\/image-9-768x542.png",768,542,true],"large":["https:\/\/fundaciohospitalariesmartorell.org\/entre-tots\/wp-content\/uploads\/2025\/04\/image-9-1024x723.png",1024,723,true],"1536x1536":["https:\/\/fundaciohospitalariesmartorell.org\/entre-tots\/wp-content\/uploads\/2025\/04\/image-9.png",1208,853,false],"2048x2048":["https:\/\/fundaciohospitalariesmartorell.org\/entre-tots\/wp-content\/uploads\/2025\/04\/image-9.png",1208,853,false],"mailpoet_newsletter_max":["https:\/\/fundaciohospitalariesmartorell.org\/entre-tots\/wp-content\/uploads\/2025\/04\/image-9.png",1208,853,false]},"post_excerpt_stackable_v2":"<p>En Carlos Ruiz, infermer de la Unitat de Recuperaci\u00f3 Integral dels Trastorns de la Conducta Aliment\u00e0ria (TCA), ha dut a terme recentment una pon\u00e8ncia a l\u2019Hospital del Mar adre\u00e7ada als residents de totes les promocions de psiquiatria, psicologia i infermeria de salut mental, aix\u00ed com a diversos professionals adjunts del centre. Amb una assist\u00e8ncia d&#8217;entre 40 i 50 persones, la sessi\u00f3 va tenir una acollida molt positiva i va generar un espai de reflexi\u00f3 i intercanvi al voltant de l\u2019abordatge dels TCA i la tasca que es duu a terme des de la nostra unitat. Durant la presentaci\u00f3 es van&hellip;<\/p>\n","category_list_v2":"<a href=\"https:\/\/fundaciohospitalariesmartorell.org\/entre-tots\/category\/actualitat\/\" rel=\"category tag\">ACTUALITAT<\/a>","author_info_v2":{"name":"ALBA_FELIP","url":"https:\/\/fundaciohospitalariesmartorell.org\/entre-tots\/author\/alba_felip\/"},"comments_num_v2":"0 comments","_links":{"self":[{"href":"https:\/\/fundaciohospitalariesmartorell.org\/entre-tots\/wp-json\/wp\/v2\/posts\/11282","targetHints":{"allow":["GET"]}}],"collection":[{"href":"https:\/\/fundaciohospitalariesmartorell.org\/entre-tots\/wp-json\/wp\/v2\/posts"}],"about":[{"href":"https:\/\/fundaciohospitalariesmartorell.org\/entre-tots\/wp-json\/wp\/v2\/types\/post"}],"author":[{"embeddable":true,"href":"https:\/\/fundaciohospitalariesmartorell.org\/entre-tots\/wp-json\/wp\/v2\/users\/7"}],"replies":[{"embeddable":true,"href":"https:\/\/fundaciohospitalariesmartorell.org\/entre-tots\/wp-json\/wp\/v2\/comments?post=11282"}],"version-history":[{"count":2,"href":"https:\/\/fundaciohospitalariesmartorell.org\/entre-tots\/wp-json\/wp\/v2\/posts\/11282\/revisions"}],"predecessor-version":[{"id":11298,"href":"https:\/\/fundaciohospitalariesmartorell.org\/entre-tots\/wp-json\/wp\/v2\/posts\/11282\/revisions\/11298"}],"wp:featuredmedia":[{"embeddable":true,"href":"https:\/\/fundaciohospitalariesmartorell.org\/entre-tots\/wp-json\/wp\/v2\/media\/11283"}],"wp:attachment":[{"href":"https:\/\/fundaciohospitalariesmartorell.org\/entre-tots\/wp-json\/wp\/v2\/media?parent=11282"}],"wp:term":[{"taxonomy":"category","embeddable":true,"href":"https:\/\/fundaciohospitalariesmartorell.org\/entre-tots\/wp-json\/wp\/v2\/categories?post=11282"},{"taxonomy":"post_tag","embeddable":true,"href":"https:\/\/fundaciohospitalariesmartorell.org\/entre-tots\/wp-json\/wp\/v2\/tags?post=11282"}],"curies":[{"name":"wp","href":"https:\/\/api.w.org\/{rel}","templated":true}]}}