{"id":11287,"date":"2025-04-23T11:38:50","date_gmt":"2025-04-23T10:38:50","guid":{"rendered":"https:\/\/fundaciohospitalariesmartorell.org\/entre-tots\/?p=11287"},"modified":"2025-04-29T10:07:39","modified_gmt":"2025-04-29T09:07:39","slug":"celebrem-la-festivitat-de-sant-benito-menni-amb-el-lema-hospitalitat-cami-desperanca","status":"publish","type":"post","link":"https:\/\/fundaciohospitalariesmartorell.org\/entre-tots\/2025\/04\/celebrem-la-festivitat-de-sant-benito-menni-amb-el-lema-hospitalitat-cami-desperanca\/","title":{"rendered":"Celebrem la festivitat de Sant Benito Menni amb el lema &#8220;Hospitalitat, cam\u00ed d&#8217;esperan\u00e7a&#8221;"},"content":{"rendered":"\n<p>El 24 d&#8217;abril \u00e9s, per a tota la comunitat hospital\u00e0ria, un moment de reflexi\u00f3 que ens convida a recordar i reconnectar amb els valors hospitalaris que han guiat la nostra ra\u00f3 de ser des dels inicis. Enguany, amb motiu del Dia de Sant Benito Menni, ens hem unit en comunitat hospital\u00e0ria sota el lema \u201cHospitalitat, cam\u00ed d&#8217;esperan\u00e7a\u201d. <\/p>\n\n\n\n<p>La jornada va comen\u00e7ar amb un acte institucional on line a c\u00e0rrec de Sor Fuencisla Mart\u00edn, Superiora Provincial, Sor Luz Divina S\u00e1nchez, Presidenta del Patronat i Alejandro Florit, Director d&#8217;Identitat de la Fundaci\u00f3 Hospital\u00e0ries. <\/p>\n\n\n\n<figure class=\"wp-block-embed is-type-video is-provider-youtube wp-block-embed-youtube wp-embed-aspect-16-9 wp-has-aspect-ratio\"><div class=\"wp-block-embed__wrapper\">\n<iframe loading=\"lazy\" title=\"Hospitalidad, camino de Esperanza - San Benito Menni 2025\" width=\"1290\" height=\"726\" src=\"https:\/\/www.youtube.com\/embed\/TwI80zSVNkE?feature=oembed\" frameborder=\"0\" allow=\"accelerometer; autoplay; clipboard-write; encrypted-media; gyroscope; picture-in-picture; web-share\" referrerpolicy=\"strict-origin-when-cross-origin\" allowfullscreen><\/iframe>\n<\/div><\/figure>\n\n\n\n<p>Seguidament va tenir lloc una eucaristia a l&#8217;esgl\u00e9sia de l&#8217;Hospital presidida pel Bisbe Fr. Xabier G\u00f3mez, amb animaci\u00f3 musical a c\u00e0rrec de la Coral de Masquefa. Durant l&#8217;homilia, el Bisbe Xabier va posar en valor el carisma de l&#8217;Hospitalitat, &#8220;que Benito Menni&#8221; va viure radicalment i que vosaltres feu present a trav\u00e9s dels gestos. La veritable fe es demostra en la proximitat&#8221;, va dir.<\/p>\n\n\n\n<figure class=\"wp-block-image size-large\"><img loading=\"lazy\" decoding=\"async\" width=\"1024\" height=\"577\" src=\"https:\/\/fundaciohospitalariesmartorell.org\/entre-tots\/wp-content\/uploads\/2025\/04\/image-10-1024x577.png\" alt=\"\" class=\"wp-image-11288\" srcset=\"https:\/\/fundaciohospitalariesmartorell.org\/entre-tots\/wp-content\/uploads\/2025\/04\/image-10-1024x577.png 1024w, https:\/\/fundaciohospitalariesmartorell.org\/entre-tots\/wp-content\/uploads\/2025\/04\/image-10-300x169.png 300w, https:\/\/fundaciohospitalariesmartorell.org\/entre-tots\/wp-content\/uploads\/2025\/04\/image-10-768x432.png 768w, https:\/\/fundaciohospitalariesmartorell.org\/entre-tots\/wp-content\/uploads\/2025\/04\/image-10-1536x865.png 1536w, https:\/\/fundaciohospitalariesmartorell.org\/entre-tots\/wp-content\/uploads\/2025\/04\/image-10-1320x743.png 1320w, https:\/\/fundaciohospitalariesmartorell.org\/entre-tots\/wp-content\/uploads\/2025\/04\/image-10.png 2000w\" sizes=\"auto, (max-width: 1024px) 100vw, 1024px\" \/><\/figure>\n\n\n\n<p>A continuaci\u00f3 va tenir lloc la confer\u00e8ncia\u00a0\u201c<a href=\"https:\/\/fundaciohospitalariesmartorell.org\/entre-tots\/2025\/03\/ciencia-i-fe-no-es-contradiuen-contribueixen-juntes-a-la-comprensio-de-lexistencia\/\" target=\"_blank\" rel=\"noreferrer noopener\">Paral\u00b7lelismes entre la concepci\u00f3 antropol\u00f2gica de l\u2019Antic Testament i l\u2019evoluci\u00f3 neural del sistema nervi\u00f3s<\/a>\u201d, a c\u00e0rrec del Dr. Jaume Durant. Unes 70 persones van assistir a la sessi\u00f3 i es van poder endur un volum del seu darrer llibre La dimensi\u00f3 humana. Neurones i salms. <\/p>\n\n\n\n<figure class=\"wp-block-image size-large\"><img loading=\"lazy\" decoding=\"async\" width=\"1024\" height=\"577\" src=\"https:\/\/fundaciohospitalariesmartorell.org\/entre-tots\/wp-content\/uploads\/2025\/04\/image-11-1024x577.png\" alt=\"\" class=\"wp-image-11289\" srcset=\"https:\/\/fundaciohospitalariesmartorell.org\/entre-tots\/wp-content\/uploads\/2025\/04\/image-11-1024x577.png 1024w, https:\/\/fundaciohospitalariesmartorell.org\/entre-tots\/wp-content\/uploads\/2025\/04\/image-11-300x169.png 300w, https:\/\/fundaciohospitalariesmartorell.org\/entre-tots\/wp-content\/uploads\/2025\/04\/image-11-768x432.png 768w, https:\/\/fundaciohospitalariesmartorell.org\/entre-tots\/wp-content\/uploads\/2025\/04\/image-11-1536x865.png 1536w, https:\/\/fundaciohospitalariesmartorell.org\/entre-tots\/wp-content\/uploads\/2025\/04\/image-11-1320x743.png 1320w, https:\/\/fundaciohospitalariesmartorell.org\/entre-tots\/wp-content\/uploads\/2025\/04\/image-11.png 2000w\" sizes=\"auto, (max-width: 1024px) 100vw, 1024px\" \/><\/figure>\n\n\n\n<p>Finalment es va celebrar un aperitiu\u00a0a la cafeteria de l&#8217;hospital.<\/p>\n\n\n\n<p>Tamb\u00e9 us fem a mans el missatge de la Superiora General, <a href=\"https:\/\/fundacionhospitalarias.org\/wp-content\/uploads\/2025\/04\/Mensaje_CH-2025.pdf\">aqu\u00ed<\/a>.<\/p>\n\n\n\n<p><\/p>\n","protected":false},"excerpt":{"rendered":"<p>El 24 d&#8217;abril \u00e9s, per a tota la comunitat hospital\u00e0ria, un moment de reflexi\u00f3 que ens convida a recordar i reconnectar amb els valors hospitalaris que han guiat la nostra ra\u00f3 de ser des dels inicis. Enguany, amb motiu del Dia de Sant Benito Menni, ens hem unit en comunitat hospital\u00e0ria sota el lema \u201cHospitalitat, [&hellip;]<\/p>\n","protected":false},"author":7,"featured_media":11288,"comment_status":"closed","ping_status":"closed","sticky":false,"template":"","format":"standard","meta":{"footnotes":""},"categories":[27],"tags":[],"class_list":["post-11287","post","type-post","status-publish","format-standard","has-post-thumbnail","hentry","category-actualitat"],"blocksy_meta":[],"featured_image_urls_v2":{"full":["https:\/\/fundaciohospitalariesmartorell.org\/entre-tots\/wp-content\/uploads\/2025\/04\/image-10.png",2000,1126,false],"thumbnail":["https:\/\/fundaciohospitalariesmartorell.org\/entre-tots\/wp-content\/uploads\/2025\/04\/image-10-150x150.png",150,150,true],"medium":["https:\/\/fundaciohospitalariesmartorell.org\/entre-tots\/wp-content\/uploads\/2025\/04\/image-10-300x169.png",300,169,true],"medium_large":["https:\/\/fundaciohospitalariesmartorell.org\/entre-tots\/wp-content\/uploads\/2025\/04\/image-10-768x432.png",768,432,true],"large":["https:\/\/fundaciohospitalariesmartorell.org\/entre-tots\/wp-content\/uploads\/2025\/04\/image-10-1024x577.png",1024,577,true],"1536x1536":["https:\/\/fundaciohospitalariesmartorell.org\/entre-tots\/wp-content\/uploads\/2025\/04\/image-10-1536x865.png",1536,865,true],"2048x2048":["https:\/\/fundaciohospitalariesmartorell.org\/entre-tots\/wp-content\/uploads\/2025\/04\/image-10.png",2000,1126,false],"mailpoet_newsletter_max":["https:\/\/fundaciohospitalariesmartorell.org\/entre-tots\/wp-content\/uploads\/2025\/04\/image-10-1320x743.png",1320,743,true]},"post_excerpt_stackable_v2":"<p>El 24 d&#8217;abril \u00e9s, per a tota la comunitat hospital\u00e0ria, un moment de reflexi\u00f3 que ens convida a recordar i reconnectar amb els valors hospitalaris que han guiat la nostra ra\u00f3 de ser des dels inicis. Enguany, amb motiu del Dia de Sant Benito Menni, ens hem unit en comunitat hospital\u00e0ria sota el lema \u201cHospitalitat, cam\u00ed d&#8217;esperan\u00e7a\u201d. La jornada va comen\u00e7ar amb un acte institucional on line a c\u00e0rrec de Sor Fuencisla Mart\u00edn, Superiora Provincial, Sor Luz Divina S\u00e1nchez, Presidenta del Patronat i Alejandro Florit, Director d&#8217;Identitat de la Fundaci\u00f3 Hospital\u00e0ries. Seguidament va tenir lloc una eucaristia a l&#8217;esgl\u00e9sia de&hellip;<\/p>\n","category_list_v2":"<a href=\"https:\/\/fundaciohospitalariesmartorell.org\/entre-tots\/category\/actualitat\/\" rel=\"category tag\">ACTUALITAT<\/a>","author_info_v2":{"name":"ALBA_FELIP","url":"https:\/\/fundaciohospitalariesmartorell.org\/entre-tots\/author\/alba_felip\/"},"comments_num_v2":"0 comments","_links":{"self":[{"href":"https:\/\/fundaciohospitalariesmartorell.org\/entre-tots\/wp-json\/wp\/v2\/posts\/11287","targetHints":{"allow":["GET"]}}],"collection":[{"href":"https:\/\/fundaciohospitalariesmartorell.org\/entre-tots\/wp-json\/wp\/v2\/posts"}],"about":[{"href":"https:\/\/fundaciohospitalariesmartorell.org\/entre-tots\/wp-json\/wp\/v2\/types\/post"}],"author":[{"embeddable":true,"href":"https:\/\/fundaciohospitalariesmartorell.org\/entre-tots\/wp-json\/wp\/v2\/users\/7"}],"replies":[{"embeddable":true,"href":"https:\/\/fundaciohospitalariesmartorell.org\/entre-tots\/wp-json\/wp\/v2\/comments?post=11287"}],"version-history":[{"count":1,"href":"https:\/\/fundaciohospitalariesmartorell.org\/entre-tots\/wp-json\/wp\/v2\/posts\/11287\/revisions"}],"predecessor-version":[{"id":11290,"href":"https:\/\/fundaciohospitalariesmartorell.org\/entre-tots\/wp-json\/wp\/v2\/posts\/11287\/revisions\/11290"}],"wp:featuredmedia":[{"embeddable":true,"href":"https:\/\/fundaciohospitalariesmartorell.org\/entre-tots\/wp-json\/wp\/v2\/media\/11288"}],"wp:attachment":[{"href":"https:\/\/fundaciohospitalariesmartorell.org\/entre-tots\/wp-json\/wp\/v2\/media?parent=11287"}],"wp:term":[{"taxonomy":"category","embeddable":true,"href":"https:\/\/fundaciohospitalariesmartorell.org\/entre-tots\/wp-json\/wp\/v2\/categories?post=11287"},{"taxonomy":"post_tag","embeddable":true,"href":"https:\/\/fundaciohospitalariesmartorell.org\/entre-tots\/wp-json\/wp\/v2\/tags?post=11287"}],"curies":[{"name":"wp","href":"https:\/\/api.w.org\/{rel}","templated":true}]}}