{"id":11291,"date":"2025-04-25T14:39:49","date_gmt":"2025-04-25T13:39:49","guid":{"rendered":"https:\/\/fundaciohospitalariesmartorell.org\/entre-tots\/?p=11291"},"modified":"2025-05-26T07:34:24","modified_gmt":"2025-05-26T06:34:24","slug":"el-lideratge-infermer-en-la-transformacio-de-la-llarga-estada-psiquiatrica","status":"publish","type":"post","link":"https:\/\/fundaciohospitalariesmartorell.org\/entre-tots\/2025\/04\/el-lideratge-infermer-en-la-transformacio-de-la-llarga-estada-psiquiatrica\/","title":{"rendered":"El lideratge infermer en la transformaci\u00f3 de la llarga estada psiqui\u00e0trica"},"content":{"rendered":"\n<figure class=\"wp-block-embed is-type-video is-provider-youtube wp-block-embed-youtube wp-embed-aspect-16-9 wp-has-aspect-ratio\"><div class=\"wp-block-embed__wrapper\">\n<iframe loading=\"lazy\" title=\"El lideratge infermer en la transformaci\u00f3 de la llarga estada psiqui\u00e0trica\" width=\"1290\" height=\"726\" src=\"https:\/\/www.youtube.com\/embed\/B84qgTG8opU?feature=oembed\" frameborder=\"0\" allow=\"accelerometer; autoplay; clipboard-write; encrypted-media; gyroscope; picture-in-picture; web-share\" referrerpolicy=\"strict-origin-when-cross-origin\" allowfullscreen><\/iframe>\n<\/div><\/figure>\n\n\n\n<p>La llarga estada psiqui\u00e0trica, entesa com aquells programes d\u2019intervenci\u00f3 destinats a persones amb trastorns mentals complexos que necessiten estades prolongades en un centre hospitalari, ha estat hist\u00f2ricament un model predominant per a la cura d\u2019aquests pacients. Tanmateix, aquest enfocament ha estat q\u00fcestionat en els darrers anys, ja que es reconeix la necessitat de buscar alternatives que fomentin una major reintegraci\u00f3 i autonomia de les persones amb problemes de salut mental, evitant la institucionalitzaci\u00f3 i millorant la seva qualitat de vida. En aquest sentit, la Fundaci\u00f3 Hospital\u00e0ries Martorell ha estat un referent a Catalunya pel seu comprom\u00eds amb la transformaci\u00f3 d\u2019aquest model, <a href=\"https:\/\/fundaciohospitalariesmartorell.org\/entre-tots\/2025\/02\/la-fundacio-hospitalaries-martorell-aconsegueix-reduir-el-50-els-llits-de-llarga-estada-psiquiatrica\/\" data-type=\"post\" data-id=\"10906\">aconseguint reduir un 50% els llits d&#8217;estada<\/a> i evitar noves institucionalitzacions en els \u00faltims cinc anys gr\u00e0cies al desplegament de la Unitat Funcional de Recuperaci\u00f3 i el Projecte de Vida.<\/p>\n\n\n\n<figure class=\"wp-block-image size-large\"><img loading=\"lazy\" decoding=\"async\" width=\"1024\" height=\"625\" src=\"https:\/\/fundaciohospitalariesmartorell.org\/entre-tots\/wp-content\/uploads\/2025\/04\/image-15-1024x625.png\" alt=\"\" class=\"wp-image-11295\" srcset=\"https:\/\/fundaciohospitalariesmartorell.org\/entre-tots\/wp-content\/uploads\/2025\/04\/image-15-1024x625.png 1024w, https:\/\/fundaciohospitalariesmartorell.org\/entre-tots\/wp-content\/uploads\/2025\/04\/image-15-300x183.png 300w, https:\/\/fundaciohospitalariesmartorell.org\/entre-tots\/wp-content\/uploads\/2025\/04\/image-15-768x469.png 768w, https:\/\/fundaciohospitalariesmartorell.org\/entre-tots\/wp-content\/uploads\/2025\/04\/image-15-1536x938.png 1536w, https:\/\/fundaciohospitalariesmartorell.org\/entre-tots\/wp-content\/uploads\/2025\/04\/image-15-1320x806.png 1320w, https:\/\/fundaciohospitalariesmartorell.org\/entre-tots\/wp-content\/uploads\/2025\/04\/image-15.png 1634w\" sizes=\"auto, (max-width: 1024px) 100vw, 1024px\" \/><\/figure>\n\n\n\n<p>Els professionals d\u2019infermeria, com a figures clau en el proc\u00e9s de recuperaci\u00f3, exerceixen un lideratge fonamental per a l\u2019\u00e8xit d\u2019aquesta transformaci\u00f3. En un context on les persones amb trastorns mentals greus sovint es veuen limitades per dificultats en les activitats de la vida di\u00e0ria, els equips d\u2019infermeria tenen un paper essencial a l\u2019hora d\u2019impulsar l&#8217;autonomia i la independ\u00e8ncia dels pacients, aix\u00ed com de millorar la seva qualitat de vida. &#8220;Per exemple, podem ajudar a fomentar h\u00e0bits de son, higiene, alimentaci\u00f3, exercici i activitat f\u00edsica, aix\u00ed com a promoure la relaci\u00f3 social amb l&#8217;exterior. Tamb\u00e9 treballem perqu\u00e8 els pacients coneguin i assumeixin la responsabilitat del seu tractament farmacol\u00f2gic i acudeixin regularment a les visites de seguiment&#8221;, explica Meritxell Argem\u00ed, coordinadora d&#8217;infermeria en salut mental.<\/p>\n\n\n\n<p>A la Fundaci\u00f3 Hospital\u00e0ries Martorell, l\u2019<a href=\"https:\/\/fundaciohospitalariesmartorell.org\/entre-tots\/2025\/02\/el-lideratge-infermer-en-la-transformacio-de-la-salut-mental-un-compromis-ferm-innovador-i-centrat-en-la-persona\/\" data-type=\"post\" data-id=\"10921\">enfocament individualitzat i centrat en la persona<\/a> ha estat una estrat\u00e8gia clau. Els equips multidisciplinaris, en qu\u00e8 els infermers i les infermeres juguen un paper destacat, treballen conjuntament per oferir un tractament adaptat a les necessitats concretes de cada pacient. Aquest model de treball implica la creaci\u00f3 d\u2019espais de comunicaci\u00f3 oberta i la presa de decisions compartides, que s\u00f3n b\u00e0sics per a l\u2019\u00e8xit del proc\u00e9s terap\u00e8utic. Tot i que aquest enfocament pot resultar complex, els beneficis que aporta en termes de benestar dels pacients s\u00f3n evidents.<\/p>\n\n\n\n<p><em>&#8220;Els equips d&#8217;infermeria s\u00f3n els professionals que passaran m\u00e9s temps i es relacionaran m\u00e9s estretament amb les persones usu\u00e0ries (24 hores al dia, 365 dies a l&#8217;any), creant un vincle intens i terap\u00e8utic que constitueix la base per a la resta d&#8217;intervencions dels altres membres de l&#8217;equip&#8221;, assegura Argem\u00ed.<\/em><\/p>\n\n\n\n<div class=\"wp-block-columns is-layout-flex wp-container-core-columns-is-layout-28f84493 wp-block-columns-is-layout-flex\">\n<div class=\"wp-block-column is-layout-flow wp-block-column-is-layout-flow\" style=\"flex-basis:100%\">\n<p>Una de les iniciatives destacades liderades pels equips d&#8217;infermeria ha estat la implementaci\u00f3 d\u2019una intervenci\u00f3 terap\u00e8utica assistida amb animals, concretament amb gossos. Aquesta pr\u00e0ctica t\u00e9 com a objectiu millorar l\u2019expressi\u00f3 emocional dels pacients, fomentar l\u2019empatia, i refor\u00e7ar els vincles terap\u00e8utics. Els resultats obtinguts han estat altament positius, amb una alta acceptaci\u00f3 per part dels usuaris, que han vist com aquest tipus d\u2019intervenci\u00f3 contribueix al seu benestar emocional i social.<\/p>\n\n\n\n<figure class=\"wp-block-image size-large\"><img loading=\"lazy\" decoding=\"async\" width=\"1024\" height=\"685\" src=\"https:\/\/fundaciohospitalariesmartorell.org\/entre-tots\/wp-content\/uploads\/2025\/04\/image-14-1024x685.png\" alt=\"\" class=\"wp-image-11294\" srcset=\"https:\/\/fundaciohospitalariesmartorell.org\/entre-tots\/wp-content\/uploads\/2025\/04\/image-14-1024x685.png 1024w, https:\/\/fundaciohospitalariesmartorell.org\/entre-tots\/wp-content\/uploads\/2025\/04\/image-14-300x201.png 300w, https:\/\/fundaciohospitalariesmartorell.org\/entre-tots\/wp-content\/uploads\/2025\/04\/image-14-768x514.png 768w, https:\/\/fundaciohospitalariesmartorell.org\/entre-tots\/wp-content\/uploads\/2025\/04\/image-14-1536x1027.png 1536w, https:\/\/fundaciohospitalariesmartorell.org\/entre-tots\/wp-content\/uploads\/2025\/04\/image-14-1320x883.png 1320w, https:\/\/fundaciohospitalariesmartorell.org\/entre-tots\/wp-content\/uploads\/2025\/04\/image-14.png 1558w\" sizes=\"auto, (max-width: 1024px) 100vw, 1024px\" \/><\/figure>\n<\/div>\n<\/div>\n\n\n\n<p>Mirant cap al futur, la Fundaci\u00f3 Hospital\u00e0ries Martorell preveu un augment de les intervencions enfocades al retorn a la comunitat de les persones que han passat per una estada prolongada. Aquest proc\u00e9s de reintegraci\u00f3 \u00e9s essencial per garantir la sostenibilitat dels aven\u00e7os aconseguits durant el tractament. En aquest context, els equips d\u2019infermeria tindran un paper decisiu en el moment de transici\u00f3, ajudant els pacients a reintegrar-se a la societat d\u2019una manera efica\u00e7 i amb el suport necessari per mantenir la seva salut mental a llarg termini.<\/p>\n\n\n\n<p><\/p>\n","protected":false},"excerpt":{"rendered":"<p>La llarga estada psiqui\u00e0trica, entesa com aquells programes d\u2019intervenci\u00f3 destinats a persones amb trastorns mentals complexos que necessiten estades prolongades en un centre hospitalari, ha estat hist\u00f2ricament un model predominant per a la cura d\u2019aquests pacients. Tanmateix, aquest enfocament ha estat q\u00fcestionat en els darrers anys, ja que es reconeix la necessitat de buscar alternatives [&hellip;]<\/p>\n","protected":false},"author":7,"featured_media":11294,"comment_status":"closed","ping_status":"closed","sticky":false,"template":"","format":"standard","meta":{"footnotes":""},"categories":[28],"tags":[],"class_list":["post-11291","post","type-post","status-publish","format-standard","has-post-thumbnail","hentry","category-tot-aixo-es-nostre"],"blocksy_meta":[],"featured_image_urls_v2":{"full":["https:\/\/fundaciohospitalariesmartorell.org\/entre-tots\/wp-content\/uploads\/2025\/04\/image-14.png",1558,1042,false],"thumbnail":["https:\/\/fundaciohospitalariesmartorell.org\/entre-tots\/wp-content\/uploads\/2025\/04\/image-14-150x150.png",150,150,true],"medium":["https:\/\/fundaciohospitalariesmartorell.org\/entre-tots\/wp-content\/uploads\/2025\/04\/image-14-300x201.png",300,201,true],"medium_large":["https:\/\/fundaciohospitalariesmartorell.org\/entre-tots\/wp-content\/uploads\/2025\/04\/image-14-768x514.png",768,514,true],"large":["https:\/\/fundaciohospitalariesmartorell.org\/entre-tots\/wp-content\/uploads\/2025\/04\/image-14-1024x685.png",1024,685,true],"1536x1536":["https:\/\/fundaciohospitalariesmartorell.org\/entre-tots\/wp-content\/uploads\/2025\/04\/image-14-1536x1027.png",1536,1027,true],"2048x2048":["https:\/\/fundaciohospitalariesmartorell.org\/entre-tots\/wp-content\/uploads\/2025\/04\/image-14.png",1558,1042,false],"mailpoet_newsletter_max":["https:\/\/fundaciohospitalariesmartorell.org\/entre-tots\/wp-content\/uploads\/2025\/04\/image-14-1320x883.png",1320,883,true]},"post_excerpt_stackable_v2":"<p>La llarga estada psiqui\u00e0trica, entesa com aquells programes d\u2019intervenci\u00f3 destinats a persones amb trastorns mentals complexos que necessiten estades prolongades en un centre hospitalari, ha estat hist\u00f2ricament un model predominant per a la cura d\u2019aquests pacients. Tanmateix, aquest enfocament ha estat q\u00fcestionat en els darrers anys, ja que es reconeix la necessitat de buscar alternatives que fomentin una major reintegraci\u00f3 i autonomia de les persones amb problemes de salut mental, evitant la institucionalitzaci\u00f3 i millorant la seva qualitat de vida. En aquest sentit, la Fundaci\u00f3 Hospital\u00e0ries Martorell ha estat un referent a Catalunya pel seu comprom\u00eds amb la transformaci\u00f3 d\u2019aquest&hellip;<\/p>\n","category_list_v2":"<a href=\"https:\/\/fundaciohospitalariesmartorell.org\/entre-tots\/category\/tot-aixo-es-nostre\/\" rel=\"category tag\">TOT AIX\u00d2 \u00c9S NOSTRE<\/a>","author_info_v2":{"name":"ALBA_FELIP","url":"https:\/\/fundaciohospitalariesmartorell.org\/entre-tots\/author\/alba_felip\/"},"comments_num_v2":"0 comments","_links":{"self":[{"href":"https:\/\/fundaciohospitalariesmartorell.org\/entre-tots\/wp-json\/wp\/v2\/posts\/11291","targetHints":{"allow":["GET"]}}],"collection":[{"href":"https:\/\/fundaciohospitalariesmartorell.org\/entre-tots\/wp-json\/wp\/v2\/posts"}],"about":[{"href":"https:\/\/fundaciohospitalariesmartorell.org\/entre-tots\/wp-json\/wp\/v2\/types\/post"}],"author":[{"embeddable":true,"href":"https:\/\/fundaciohospitalariesmartorell.org\/entre-tots\/wp-json\/wp\/v2\/users\/7"}],"replies":[{"embeddable":true,"href":"https:\/\/fundaciohospitalariesmartorell.org\/entre-tots\/wp-json\/wp\/v2\/comments?post=11291"}],"version-history":[{"count":3,"href":"https:\/\/fundaciohospitalariesmartorell.org\/entre-tots\/wp-json\/wp\/v2\/posts\/11291\/revisions"}],"predecessor-version":[{"id":11481,"href":"https:\/\/fundaciohospitalariesmartorell.org\/entre-tots\/wp-json\/wp\/v2\/posts\/11291\/revisions\/11481"}],"wp:featuredmedia":[{"embeddable":true,"href":"https:\/\/fundaciohospitalariesmartorell.org\/entre-tots\/wp-json\/wp\/v2\/media\/11294"}],"wp:attachment":[{"href":"https:\/\/fundaciohospitalariesmartorell.org\/entre-tots\/wp-json\/wp\/v2\/media?parent=11291"}],"wp:term":[{"taxonomy":"category","embeddable":true,"href":"https:\/\/fundaciohospitalariesmartorell.org\/entre-tots\/wp-json\/wp\/v2\/categories?post=11291"},{"taxonomy":"post_tag","embeddable":true,"href":"https:\/\/fundaciohospitalariesmartorell.org\/entre-tots\/wp-json\/wp\/v2\/tags?post=11291"}],"curies":[{"name":"wp","href":"https:\/\/api.w.org\/{rel}","templated":true}]}}