{"id":11387,"date":"2025-05-08T13:23:14","date_gmt":"2025-05-08T12:23:14","guid":{"rendered":"https:\/\/fundaciohospitalariesmartorell.org\/entre-tots\/?p=11387"},"modified":"2025-05-15T07:02:16","modified_gmt":"2025-05-15T06:02:16","slug":"trobada-de-terapeutes-ocupacionals-i-educadors-socials-de-la-fundacio-hospitalaries-en-el-marc-de-la-rehabilitacio-en-salut-mental","status":"publish","type":"post","link":"https:\/\/fundaciohospitalariesmartorell.org\/entre-tots\/2025\/05\/trobada-de-terapeutes-ocupacionals-i-educadors-socials-de-la-fundacio-hospitalaries-en-el-marc-de-la-rehabilitacio-en-salut-mental\/","title":{"rendered":"Trobada de terapeutes ocupacionals i educadors socials de la Fundaci\u00f3 Hospital\u00e0ries en el marc de la rehabilitaci\u00f3 en salut mental"},"content":{"rendered":"\n<figure class=\"wp-block-image size-large\"><img loading=\"lazy\" decoding=\"async\" width=\"1024\" height=\"574\" src=\"https:\/\/fundaciohospitalariesmartorell.org\/entre-tots\/wp-content\/uploads\/2025\/05\/IMG_0524-scaled-e1746706475768-1024x574.jpg\" alt=\"\" class=\"wp-image-11388\" srcset=\"https:\/\/fundaciohospitalariesmartorell.org\/entre-tots\/wp-content\/uploads\/2025\/05\/IMG_0524-scaled-e1746706475768-1024x574.jpg 1024w, https:\/\/fundaciohospitalariesmartorell.org\/entre-tots\/wp-content\/uploads\/2025\/05\/IMG_0524-scaled-e1746706475768-300x168.jpg 300w, https:\/\/fundaciohospitalariesmartorell.org\/entre-tots\/wp-content\/uploads\/2025\/05\/IMG_0524-scaled-e1746706475768-768x430.jpg 768w, https:\/\/fundaciohospitalariesmartorell.org\/entre-tots\/wp-content\/uploads\/2025\/05\/IMG_0524-scaled-e1746706475768-1536x860.jpg 1536w, https:\/\/fundaciohospitalariesmartorell.org\/entre-tots\/wp-content\/uploads\/2025\/05\/IMG_0524-scaled-e1746706475768-2048x1147.jpg 2048w, https:\/\/fundaciohospitalariesmartorell.org\/entre-tots\/wp-content\/uploads\/2025\/05\/IMG_0524-scaled-e1746706475768-1320x739.jpg 1320w\" sizes=\"auto, (max-width: 1024px) 100vw, 1024px\" \/><\/figure>\n\n\n\n<p>Les unitats de mitja i llarga estada psiqui\u00e0trica a Catalunya es troben en proc\u00e9s de transformaci\u00f3 cap a Unitats de Rehabilitaci\u00f3 Intensiva. Aquest canvi tan important implica una nova mirada sobre les intervencions en salut mental, especialment quan es tracta d\u2019ingressos hospitalaris perllongats. Aquest nou enfocament es fonamenta en el model de recuperaci\u00f3 i en una atenci\u00f3 basada en els drets.<\/p>\n\n\n\n<p>En aquest context, els i les terapeutes ocupacionals i els i les educadors\/es socials s\u00f3n\u00a0professionals clau en tot aquest proc\u00e9s, gr\u00e0cies a la seva orientaci\u00f3 centrada en la funcionalitat, els interessos personals i les compet\u00e8ncies, que es reflecteixen en el projecte de vida de cada persona.<\/p>\n\n\n\n<p>Als centres de Fundaci\u00f3 Hospital\u00e0ries de Sant Boi, Barcelona Nord i Martorell comptem amb professionals de ter\u00e0pia ocupacional i educaci\u00f3 social que acumulen una \u00e0mplia experi\u00e8ncia i coneixement en aquest \u00e0mbit. El passat dimarts 6 de maig de 2025, ens vam reunir per con\u00e8ixer-nos personalment, compartir les nostres millors pr\u00e0ctiques i sembrar la llavor de futures sinergies de col\u00b7laboraci\u00f3.<\/p>\n\n\n\n<p><strong>Entre altres temes, es van abordar q\u00fcestions com:<\/strong><\/p>\n\n\n\n<ul class=\"wp-block-list\">\n<li>L\u2019impacte de les <strong>noves tecnologies<\/strong> en les nostres intervencions.<\/li>\n\n\n\n<li>Estrat\u00e8gies per traslladar el <strong>nivell de compet\u00e8ncia<\/strong> assolit a l\u2019hospital a l\u2019entorn comunitari.<\/li>\n\n\n\n<li>Formes d\u2019incentivar la participaci\u00f3 en <strong>activitats rehabilitadores<\/strong>.<\/li>\n\n\n\n<li>Les dificultats dels processos de <strong>retorn al domicili<\/strong> i les <strong>necessitats d\u2019acompanyament<\/strong>.<\/li>\n\n\n\n<li>Possibilitats de treballar l\u2019<strong>autonomia<\/strong> i la <strong>individualitat<\/strong> dins dels mateixos entorns hospitalaris.<\/li>\n<\/ul>\n\n\n\n<figure class=\"wp-block-image size-large\"><img loading=\"lazy\" decoding=\"async\" width=\"2560\" height=\"1440\" src=\"https:\/\/fundaciohospitalariesmartorell.org\/entre-tots\/wp-content\/uploads\/2025\/05\/IMG_0526-edited-scaled.jpg\" alt=\"\" class=\"wp-image-11392\" srcset=\"https:\/\/fundaciohospitalariesmartorell.org\/entre-tots\/wp-content\/uploads\/2025\/05\/IMG_0526-edited-scaled.jpg 2560w, https:\/\/fundaciohospitalariesmartorell.org\/entre-tots\/wp-content\/uploads\/2025\/05\/IMG_0526-edited-300x169.jpg 300w, https:\/\/fundaciohospitalariesmartorell.org\/entre-tots\/wp-content\/uploads\/2025\/05\/IMG_0526-edited-1024x576.jpg 1024w, https:\/\/fundaciohospitalariesmartorell.org\/entre-tots\/wp-content\/uploads\/2025\/05\/IMG_0526-edited-768x432.jpg 768w, https:\/\/fundaciohospitalariesmartorell.org\/entre-tots\/wp-content\/uploads\/2025\/05\/IMG_0526-edited-1536x864.jpg 1536w, https:\/\/fundaciohospitalariesmartorell.org\/entre-tots\/wp-content\/uploads\/2025\/05\/IMG_0526-edited-2048x1152.jpg 2048w, https:\/\/fundaciohospitalariesmartorell.org\/entre-tots\/wp-content\/uploads\/2025\/05\/IMG_0526-edited-1320x743.jpg 1320w\" sizes=\"auto, (max-width: 2560px) 100vw, 2560px\" \/><\/figure>\n","protected":false},"excerpt":{"rendered":"<p>Les unitats de mitja i llarga estada psiqui\u00e0trica a Catalunya es troben en proc\u00e9s de transformaci\u00f3 cap a Unitats de Rehabilitaci\u00f3 Intensiva. Aquest canvi tan important implica una nova mirada sobre les intervencions en salut mental, especialment quan es tracta d\u2019ingressos hospitalaris perllongats. Aquest nou enfocament es fonamenta en el model de recuperaci\u00f3 i en [&hellip;]<\/p>\n","protected":false},"author":6,"featured_media":11388,"comment_status":"closed","ping_status":"closed","sticky":false,"template":"","format":"standard","meta":{"footnotes":""},"categories":[27,58],"tags":[],"class_list":["post-11387","post","type-post","status-publish","format-standard","has-post-thumbnail","hentry","category-actualitat","category-collaboradors-es"],"blocksy_meta":[],"featured_image_urls_v2":{"full":["https:\/\/fundaciohospitalariesmartorell.org\/entre-tots\/wp-content\/uploads\/2025\/05\/IMG_0524-scaled-e1746706475768.jpg",2560,1434,false],"thumbnail":["https:\/\/fundaciohospitalariesmartorell.org\/entre-tots\/wp-content\/uploads\/2025\/05\/IMG_0524-scaled-e1746706475768-150x150.jpg",150,150,true],"medium":["https:\/\/fundaciohospitalariesmartorell.org\/entre-tots\/wp-content\/uploads\/2025\/05\/IMG_0524-scaled-e1746706475768-300x168.jpg",300,168,true],"medium_large":["https:\/\/fundaciohospitalariesmartorell.org\/entre-tots\/wp-content\/uploads\/2025\/05\/IMG_0524-scaled-e1746706475768-768x430.jpg",768,430,true],"large":["https:\/\/fundaciohospitalariesmartorell.org\/entre-tots\/wp-content\/uploads\/2025\/05\/IMG_0524-scaled-e1746706475768-1024x574.jpg",1024,574,true],"1536x1536":["https:\/\/fundaciohospitalariesmartorell.org\/entre-tots\/wp-content\/uploads\/2025\/05\/IMG_0524-scaled-e1746706475768-1536x860.jpg",1536,860,true],"2048x2048":["https:\/\/fundaciohospitalariesmartorell.org\/entre-tots\/wp-content\/uploads\/2025\/05\/IMG_0524-scaled-e1746706475768-2048x1147.jpg",2048,1147,true],"mailpoet_newsletter_max":["https:\/\/fundaciohospitalariesmartorell.org\/entre-tots\/wp-content\/uploads\/2025\/05\/IMG_0524-scaled-e1746706475768-1320x739.jpg",1320,739,true]},"post_excerpt_stackable_v2":"<p>Les unitats de mitja i llarga estada psiqui\u00e0trica a Catalunya es troben en proc\u00e9s de transformaci\u00f3 cap a Unitats de Rehabilitaci\u00f3 Intensiva. Aquest canvi tan important implica una nova mirada sobre les intervencions en salut mental, especialment quan es tracta d\u2019ingressos hospitalaris perllongats. Aquest nou enfocament es fonamenta en el model de recuperaci\u00f3 i en una atenci\u00f3 basada en els drets. En aquest context, els i les terapeutes ocupacionals i els i les educadors\/es socials s\u00f3n\u00a0professionals clau en tot aquest proc\u00e9s, gr\u00e0cies a la seva orientaci\u00f3 centrada en la funcionalitat, els interessos personals i les compet\u00e8ncies, que es reflecteixen en&hellip;<\/p>\n","category_list_v2":"<a href=\"https:\/\/fundaciohospitalariesmartorell.org\/entre-tots\/category\/actualitat\/\" rel=\"category tag\">ACTUALITAT<\/a>, <a href=\"https:\/\/fundaciohospitalariesmartorell.org\/entre-tots\/category\/actualitat\/col%c2%b7laboradors-es\/\" rel=\"category tag\">COL\u00b7LABORADORS\/ES<\/a>","author_info_v2":{"name":"Martorell_comunicacio","url":"https:\/\/fundaciohospitalariesmartorell.org\/entre-tots\/author\/martorell_comunicacio\/"},"comments_num_v2":"0 comments","_links":{"self":[{"href":"https:\/\/fundaciohospitalariesmartorell.org\/entre-tots\/wp-json\/wp\/v2\/posts\/11387","targetHints":{"allow":["GET"]}}],"collection":[{"href":"https:\/\/fundaciohospitalariesmartorell.org\/entre-tots\/wp-json\/wp\/v2\/posts"}],"about":[{"href":"https:\/\/fundaciohospitalariesmartorell.org\/entre-tots\/wp-json\/wp\/v2\/types\/post"}],"author":[{"embeddable":true,"href":"https:\/\/fundaciohospitalariesmartorell.org\/entre-tots\/wp-json\/wp\/v2\/users\/6"}],"replies":[{"embeddable":true,"href":"https:\/\/fundaciohospitalariesmartorell.org\/entre-tots\/wp-json\/wp\/v2\/comments?post=11387"}],"version-history":[{"count":5,"href":"https:\/\/fundaciohospitalariesmartorell.org\/entre-tots\/wp-json\/wp\/v2\/posts\/11387\/revisions"}],"predecessor-version":[{"id":11413,"href":"https:\/\/fundaciohospitalariesmartorell.org\/entre-tots\/wp-json\/wp\/v2\/posts\/11387\/revisions\/11413"}],"wp:featuredmedia":[{"embeddable":true,"href":"https:\/\/fundaciohospitalariesmartorell.org\/entre-tots\/wp-json\/wp\/v2\/media\/11388"}],"wp:attachment":[{"href":"https:\/\/fundaciohospitalariesmartorell.org\/entre-tots\/wp-json\/wp\/v2\/media?parent=11387"}],"wp:term":[{"taxonomy":"category","embeddable":true,"href":"https:\/\/fundaciohospitalariesmartorell.org\/entre-tots\/wp-json\/wp\/v2\/categories?post=11387"},{"taxonomy":"post_tag","embeddable":true,"href":"https:\/\/fundaciohospitalariesmartorell.org\/entre-tots\/wp-json\/wp\/v2\/tags?post=11387"}],"curies":[{"name":"wp","href":"https:\/\/api.w.org\/{rel}","templated":true}]}}