{"id":11395,"date":"2025-05-13T13:28:41","date_gmt":"2025-05-13T12:28:41","guid":{"rendered":"https:\/\/fundaciohospitalariesmartorell.org\/entre-tots\/?p=11395"},"modified":"2025-05-15T06:56:49","modified_gmt":"2025-05-15T05:56:49","slug":"les-necessitats-espirituals-en-letapa-final-de-la-vida","status":"publish","type":"post","link":"https:\/\/fundaciohospitalariesmartorell.org\/entre-tots\/2025\/05\/les-necessitats-espirituals-en-letapa-final-de-la-vida\/","title":{"rendered":"Sessi\u00f3 del psicoonc\u00f2leg Dar\u00edo G\u00f3mez sobre les necessitats espirituals en l\u2019etapa final de la vida"},"content":{"rendered":"\n<figure class=\"wp-block-image size-large\"><img loading=\"lazy\" decoding=\"async\" width=\"1920\" height=\"1080\" src=\"https:\/\/fundaciohospitalariesmartorell.org\/entre-tots\/wp-content\/uploads\/2025\/05\/thumbnail_IMG_2321-edited.jpg\" alt=\"\" class=\"wp-image-11399\" srcset=\"https:\/\/fundaciohospitalariesmartorell.org\/entre-tots\/wp-content\/uploads\/2025\/05\/thumbnail_IMG_2321-edited.jpg 1920w, https:\/\/fundaciohospitalariesmartorell.org\/entre-tots\/wp-content\/uploads\/2025\/05\/thumbnail_IMG_2321-edited-300x169.jpg 300w, https:\/\/fundaciohospitalariesmartorell.org\/entre-tots\/wp-content\/uploads\/2025\/05\/thumbnail_IMG_2321-edited-1024x576.jpg 1024w, https:\/\/fundaciohospitalariesmartorell.org\/entre-tots\/wp-content\/uploads\/2025\/05\/thumbnail_IMG_2321-edited-768x432.jpg 768w, https:\/\/fundaciohospitalariesmartorell.org\/entre-tots\/wp-content\/uploads\/2025\/05\/thumbnail_IMG_2321-edited-1536x864.jpg 1536w, https:\/\/fundaciohospitalariesmartorell.org\/entre-tots\/wp-content\/uploads\/2025\/05\/thumbnail_IMG_2321-edited-1320x743.jpg 1320w\" sizes=\"auto, (max-width: 1920px) 100vw, 1920px\" \/><\/figure>\n\n\n\n<div class=\"wp-block-stackable-text stk-block-text stk-block stk-9896bc1\" data-block-id=\"9896bc1\"><p class=\"stk-block-text__text\">El psicoonc\u00f2leg Dar\u00edo G\u00f3mez, de l&#8217;Equip de Suport PADES, va impartir una interessant formaci\u00f3 el passat dimecres 30 d&#8217;abril a l&#8217;aula de formaci\u00f3 del nostre hospital. Durant la seva intervenci\u00f3 va profunditzar sobre les necessitats espirituals dels pacients al final de la vida. Durant la sessi\u00f3 es van tractar temes com la comunicaci\u00f3 amb els pacients, les caracter\u00edstiques del proc\u00e9s de morir, l&#8217;espiritualitat i les relacions que els pacients mantenen amb ells mateixos i amb els altres. Es va posar l&#8217;accent en la import\u00e0ncia d&#8217;acompanyar al pacient segons el moment espiritual i emocional en qu\u00e8 es troba.<\/p><\/div>\n\n\n\n<div class=\"wp-block-stackable-text stk-block-text stk-block stk-b49a0b9\" data-block-id=\"b49a0b9\"><p class=\"stk-block-text__text\">La formaci\u00f3 va concloure presentant l\u2019eina de treball GES (Grup d&#8217;Espiritualitat SECPAL) amb l\u2019objectiu de tenir un instrument cl\u00ednic per avaluar i intervenir amb les necessitats i recursos espirituals dels pacients en aquesta etapa. Finalment, es va donar espai a la import\u00e0ncia de l&#8217;autoconeixement i l&#8217;autoconsci\u00e8ncia del propi professional per realitzar un adequat abordatge de la dimensi\u00f3 espiritual.<\/p><\/div>\n\n\n\n<div class=\"wp-block-stackable-text stk-block-text stk-block stk-a16cb3c\" data-block-id=\"a16cb3c\"><p class=\"stk-block-text__text\">Aquesta acci\u00f3 formativa va estar impulsada pel PADES de la Fundaci\u00f3 Hospital\u00e0ries Martorell.<\/p><\/div>\n\n\n\n<div class=\"wp-block-stackable-text stk-block-text stk-block stk-17f4026\" data-block-id=\"17f4026\"><p class=\"stk-block-text__text\">Compartim de nou amb vosaltres,&nbsp;<a href=\"https:\/\/fundaciohospitalariesmartorell.org\/entre-tots\/2025\/02\/el-diagnostic-de-cancer-sol-provocar-un-bloqueig-inicial-per-assimilar-la-nova-realitat-i-restablir-lequilibri-emocional\/\" target=\"_blank\" rel=\"noreferrer noopener\">l&#8217;entrevista<\/a>&nbsp;que li vam fer al Dar\u00edo sobre l\u2019impacte emocional del c\u00e0ncer, la import\u00e0ncia del suport psicol\u00f2gic i les estrat\u00e8gies m\u00e9s efectives per afrontar aquesta malaltia.<\/p><\/div>\n","protected":false},"excerpt":{"rendered":"<p>El psicoonc\u00f2leg Dar\u00edo G\u00f3mez, de l&#8217;Equip de Suport PADES, va impartir una interessant formaci\u00f3 el passat dimecres 30 d&#8217;abril a l&#8217;aula de formaci\u00f3 del nostre hospital. Durant la seva intervenci\u00f3 va profunditzar sobre les necessitats espirituals dels pacients al final de la vida. Durant la sessi\u00f3 es van tractar temes com la comunicaci\u00f3 amb els [&hellip;]<\/p>\n","protected":false},"author":6,"featured_media":11399,"comment_status":"closed","ping_status":"closed","sticky":false,"template":"","format":"standard","meta":{"footnotes":""},"categories":[27],"tags":[],"class_list":["post-11395","post","type-post","status-publish","format-standard","has-post-thumbnail","hentry","category-actualitat"],"blocksy_meta":[],"featured_image_urls_v2":{"full":["https:\/\/fundaciohospitalariesmartorell.org\/entre-tots\/wp-content\/uploads\/2025\/05\/thumbnail_IMG_2321-edited.jpg",1920,1080,false],"thumbnail":["https:\/\/fundaciohospitalariesmartorell.org\/entre-tots\/wp-content\/uploads\/2025\/05\/thumbnail_IMG_2321-edited-150x150.jpg",150,150,true],"medium":["https:\/\/fundaciohospitalariesmartorell.org\/entre-tots\/wp-content\/uploads\/2025\/05\/thumbnail_IMG_2321-edited-300x169.jpg",300,169,true],"medium_large":["https:\/\/fundaciohospitalariesmartorell.org\/entre-tots\/wp-content\/uploads\/2025\/05\/thumbnail_IMG_2321-edited-768x432.jpg",768,432,true],"large":["https:\/\/fundaciohospitalariesmartorell.org\/entre-tots\/wp-content\/uploads\/2025\/05\/thumbnail_IMG_2321-edited-1024x576.jpg",1024,576,true],"1536x1536":["https:\/\/fundaciohospitalariesmartorell.org\/entre-tots\/wp-content\/uploads\/2025\/05\/thumbnail_IMG_2321-edited-1536x864.jpg",1536,864,true],"2048x2048":["https:\/\/fundaciohospitalariesmartorell.org\/entre-tots\/wp-content\/uploads\/2025\/05\/thumbnail_IMG_2321-edited.jpg",1920,1080,false],"mailpoet_newsletter_max":["https:\/\/fundaciohospitalariesmartorell.org\/entre-tots\/wp-content\/uploads\/2025\/05\/thumbnail_IMG_2321-edited-1320x743.jpg",1320,743,true]},"post_excerpt_stackable_v2":"<p>El psicoonc\u00f2leg Dar\u00edo G\u00f3mez, de l&#8217;Equip de Suport PADES, va impartir una interessant formaci\u00f3 el passat dimecres 30 d&#8217;abril a l&#8217;aula de formaci\u00f3 del nostre hospital. Durant la seva intervenci\u00f3 va profunditzar sobre les necessitats espirituals dels pacients al final de la vida. Durant la sessi\u00f3 es van tractar temes com la comunicaci\u00f3 amb els pacients, les caracter\u00edstiques del proc\u00e9s de morir, l&#8217;espiritualitat i les relacions que els pacients mantenen amb ells mateixos i amb els altres. Es va posar l&#8217;accent en la import\u00e0ncia d&#8217;acompanyar al pacient segons el moment espiritual i emocional en qu\u00e8 es troba. La formaci\u00f3 va&hellip;<\/p>\n","category_list_v2":"<a href=\"https:\/\/fundaciohospitalariesmartorell.org\/entre-tots\/category\/actualitat\/\" rel=\"category tag\">ACTUALITAT<\/a>","author_info_v2":{"name":"Martorell_comunicacio","url":"https:\/\/fundaciohospitalariesmartorell.org\/entre-tots\/author\/martorell_comunicacio\/"},"comments_num_v2":"0 comments","_links":{"self":[{"href":"https:\/\/fundaciohospitalariesmartorell.org\/entre-tots\/wp-json\/wp\/v2\/posts\/11395","targetHints":{"allow":["GET"]}}],"collection":[{"href":"https:\/\/fundaciohospitalariesmartorell.org\/entre-tots\/wp-json\/wp\/v2\/posts"}],"about":[{"href":"https:\/\/fundaciohospitalariesmartorell.org\/entre-tots\/wp-json\/wp\/v2\/types\/post"}],"author":[{"embeddable":true,"href":"https:\/\/fundaciohospitalariesmartorell.org\/entre-tots\/wp-json\/wp\/v2\/users\/6"}],"replies":[{"embeddable":true,"href":"https:\/\/fundaciohospitalariesmartorell.org\/entre-tots\/wp-json\/wp\/v2\/comments?post=11395"}],"version-history":[{"count":2,"href":"https:\/\/fundaciohospitalariesmartorell.org\/entre-tots\/wp-json\/wp\/v2\/posts\/11395\/revisions"}],"predecessor-version":[{"id":11411,"href":"https:\/\/fundaciohospitalariesmartorell.org\/entre-tots\/wp-json\/wp\/v2\/posts\/11395\/revisions\/11411"}],"wp:featuredmedia":[{"embeddable":true,"href":"https:\/\/fundaciohospitalariesmartorell.org\/entre-tots\/wp-json\/wp\/v2\/media\/11399"}],"wp:attachment":[{"href":"https:\/\/fundaciohospitalariesmartorell.org\/entre-tots\/wp-json\/wp\/v2\/media?parent=11395"}],"wp:term":[{"taxonomy":"category","embeddable":true,"href":"https:\/\/fundaciohospitalariesmartorell.org\/entre-tots\/wp-json\/wp\/v2\/categories?post=11395"},{"taxonomy":"post_tag","embeddable":true,"href":"https:\/\/fundaciohospitalariesmartorell.org\/entre-tots\/wp-json\/wp\/v2\/tags?post=11395"}],"curies":[{"name":"wp","href":"https:\/\/api.w.org\/{rel}","templated":true}]}}