{"id":11401,"date":"2025-05-14T13:24:03","date_gmt":"2025-05-14T12:24:03","guid":{"rendered":"https:\/\/fundaciohospitalariesmartorell.org\/entre-tots\/?p=11401"},"modified":"2025-05-19T09:59:45","modified_gmt":"2025-05-19T08:59:45","slug":"emotiva-cerimonia-de-graduacio-de-residents-en-psicologia-clinica-i-psiquiatria","status":"publish","type":"post","link":"https:\/\/fundaciohospitalariesmartorell.org\/entre-tots\/2025\/05\/emotiva-cerimonia-de-graduacio-de-residents-en-psicologia-clinica-i-psiquiatria\/","title":{"rendered":"Emotiva cerim\u00f2nia de graduaci\u00f3 de residents en psicologia cl\u00ednica i psiquiatria"},"content":{"rendered":"\n<figure class=\"wp-block-image size-large\"><img loading=\"lazy\" decoding=\"async\" width=\"1024\" height=\"576\" src=\"https:\/\/fundaciohospitalariesmartorell.org\/entre-tots\/wp-content\/uploads\/2025\/05\/WhatsApp-Image-2025-05-14-at-14.19.30-1024x576.jpeg\" alt=\"\" class=\"wp-image-11402\" srcset=\"https:\/\/fundaciohospitalariesmartorell.org\/entre-tots\/wp-content\/uploads\/2025\/05\/WhatsApp-Image-2025-05-14-at-14.19.30-1024x576.jpeg 1024w, https:\/\/fundaciohospitalariesmartorell.org\/entre-tots\/wp-content\/uploads\/2025\/05\/WhatsApp-Image-2025-05-14-at-14.19.30-300x169.jpeg 300w, https:\/\/fundaciohospitalariesmartorell.org\/entre-tots\/wp-content\/uploads\/2025\/05\/WhatsApp-Image-2025-05-14-at-14.19.30-768x432.jpeg 768w, https:\/\/fundaciohospitalariesmartorell.org\/entre-tots\/wp-content\/uploads\/2025\/05\/WhatsApp-Image-2025-05-14-at-14.19.30-1536x864.jpeg 1536w, https:\/\/fundaciohospitalariesmartorell.org\/entre-tots\/wp-content\/uploads\/2025\/05\/WhatsApp-Image-2025-05-14-at-14.19.30-1320x743.jpeg 1320w, https:\/\/fundaciohospitalariesmartorell.org\/entre-tots\/wp-content\/uploads\/2025\/05\/WhatsApp-Image-2025-05-14-at-14.19.30.jpeg 1600w\" sizes=\"auto, (max-width: 1024px) 100vw, 1024px\" \/><\/figure>\n\n\n\n<p>El passat 14 de maig es va celebrar la cerim\u00f2nia de graduaci\u00f3 de les residents a la sala d\u2019actes de l\u2019hospital, en un acte emotiu que va recon\u00e8ixer la culminaci\u00f3 d\u2019una etapa clau en la seva formaci\u00f3 professional.<\/p>\n\n\n\n<p>Les protagonistes de la jornada van ser les tres residents que finalitzen la seva formaci\u00f3 amb nosaltres: Garia Alias, en psicologia cl\u00ednica, i Karla Fern\u00e1ndez de Beto\u00f1o i Camila Dolores Vel\u00e1zquez, en psiquiatria. Les van acompanyar les seves fam\u00edlies, les tutores \u00c1gueda Solivellas i Francesca Amores, diversos professionals implicats en el seu pla docent i representants del Consell de Direcci\u00f3. <\/p>\n\n\n\n<p>El Dr. Santi Bernades, subdirector m\u00e8dic, va donar la benvinguda institucional, seguit del Dr. Manel S\u00e1nchez, director de l&#8217;\u00c0rea de Gesti\u00f3 del Coneixement, qui va pronunciar una confer\u00e8ncia sobre la Unitat Docent Multiprofessional i l&#8217;\u00c0rea de Gesti\u00f3 del Coneixement. <\/p>\n\n\n\n<p>Durant l\u2019acte, el Dr. Boatas, cap d\u2019Estudis, va dirigir unes paraules als presents i especialment a les residents. En el seu discurs, va destacar la import\u00e0ncia de mantenir la humilitat conceptual en una especialitat com la psicologia i la psiquiatria, encara en evoluci\u00f3 constant:<\/p>\n\n\n\n<blockquote class=\"wp-block-quote is-layout-flow wp-block-quote-is-layout-flow\">\n<p>\u201cTenim coneixements parcials, provisionals. Es van descobrint coses noves. Tenir marcs intel\u00b7lectuals r\u00edgids no ajuda. Cal un model, per\u00f2 cal ser humils. El pluralisme \u00e9s una virtut.\u201d<\/p>\n<\/blockquote>\n\n\n\n<p>Tamb\u00e9 va subratllar el car\u00e0cter dual de l\u2019especialitat:<\/p>\n\n\n\n<blockquote class=\"wp-block-quote is-layout-flow wp-block-quote-is-layout-flow\">\n<p>\u201cSom una disciplina cient\u00edfica, per\u00f2 tamb\u00e9 profundament humana. Cal caminar plegats, fent malabars entre ambdues dimensions.\u201d<\/p>\n<\/blockquote>\n\n\n\n<p>La cerim\u00f2nia va ser un reconeixement al comprom\u00eds, l\u2019esfor\u00e7 i la vocaci\u00f3 de servei de les residents, que inicien ara una nova etapa amb el bagatge de l\u2019experi\u00e8ncia viscuda a l\u2019hospital. Les tres continuaran vinculades a la nostra instituci\u00f3.<\/p>\n\n\n\n<div class=\"wp-block-getwid-images-slider has-arrows-inside has-dots-inside has-images-center has-cropped-images\"><div class=\"wp-block-getwid-images-slider__wrapper\" data-effect=\"fade\" data-slides-show=\"1\" data-slides-show-laptop=\"1\" data-slides-show-tablet=\"1\" data-slides-show-mobile=\"1\" data-slides-scroll=\"1\" data-autoplay=\"false\" data-pause-hover=\"false\" data-autoplay-speed=\"6000\" data-infinite=\"true\" data-animation-speed=\"800\" data-center-mode=\"false\" data-variable-width=\"false\" data-arrows=\"inside\" data-dots=\"inside\" data-spacing=\"none\"><div class=\"wp-block-getwid-images-slider__item\"><figure><img loading=\"lazy\" decoding=\"async\" width=\"1600\" height=\"900\" src=\"https:\/\/fundaciohospitalariesmartorell.org\/entre-tots\/wp-content\/uploads\/2025\/05\/WhatsApp-Image-2025-05-14-at-14.19.07.jpeg\" data-id=\"11406\" data-link=\"https:\/\/fundaciohospitalariesmartorell.org\/entre-tots\/2025\/05\/emotiva-cerimonia-de-graduacio-de-residents-en-psicologia-clinica-i-psiquiatria\/whatsapp-image-2025-05-14-at-14-19-07\/\" data-original-link=\"https:\/\/fundaciohospitalariesmartorell.org\/entre-tots\/wp-content\/uploads\/2025\/05\/WhatsApp-Image-2025-05-14-at-14.19.07.jpeg\" class=\"wp-block-getwid-images-slider__image wp-image-11406\" srcset=\"https:\/\/fundaciohospitalariesmartorell.org\/entre-tots\/wp-content\/uploads\/2025\/05\/WhatsApp-Image-2025-05-14-at-14.19.07.jpeg 1600w, https:\/\/fundaciohospitalariesmartorell.org\/entre-tots\/wp-content\/uploads\/2025\/05\/WhatsApp-Image-2025-05-14-at-14.19.07-300x169.jpeg 300w, https:\/\/fundaciohospitalariesmartorell.org\/entre-tots\/wp-content\/uploads\/2025\/05\/WhatsApp-Image-2025-05-14-at-14.19.07-1024x576.jpeg 1024w, https:\/\/fundaciohospitalariesmartorell.org\/entre-tots\/wp-content\/uploads\/2025\/05\/WhatsApp-Image-2025-05-14-at-14.19.07-768x432.jpeg 768w, https:\/\/fundaciohospitalariesmartorell.org\/entre-tots\/wp-content\/uploads\/2025\/05\/WhatsApp-Image-2025-05-14-at-14.19.07-1536x864.jpeg 1536w, https:\/\/fundaciohospitalariesmartorell.org\/entre-tots\/wp-content\/uploads\/2025\/05\/WhatsApp-Image-2025-05-14-at-14.19.07-1320x743.jpeg 1320w\" sizes=\"auto, (max-width: 1600px) 100vw, 1600px\" \/><\/figure><\/div><div class=\"wp-block-getwid-images-slider__item\"><figure><img loading=\"lazy\" decoding=\"async\" width=\"1600\" height=\"1200\" src=\"https:\/\/fundaciohospitalariesmartorell.org\/entre-tots\/wp-content\/uploads\/2025\/05\/WhatsApp-Image-2025-05-14-at-14.19.40.jpeg\" data-id=\"11405\" data-link=\"https:\/\/fundaciohospitalariesmartorell.org\/entre-tots\/2025\/05\/emotiva-cerimonia-de-graduacio-de-residents-en-psicologia-clinica-i-psiquiatria\/whatsapp-image-2025-05-14-at-14-19-40\/\" data-original-link=\"https:\/\/fundaciohospitalariesmartorell.org\/entre-tots\/wp-content\/uploads\/2025\/05\/WhatsApp-Image-2025-05-14-at-14.19.40.jpeg\" class=\"wp-block-getwid-images-slider__image wp-image-11405\" srcset=\"https:\/\/fundaciohospitalariesmartorell.org\/entre-tots\/wp-content\/uploads\/2025\/05\/WhatsApp-Image-2025-05-14-at-14.19.40.jpeg 1600w, https:\/\/fundaciohospitalariesmartorell.org\/entre-tots\/wp-content\/uploads\/2025\/05\/WhatsApp-Image-2025-05-14-at-14.19.40-300x225.jpeg 300w, https:\/\/fundaciohospitalariesmartorell.org\/entre-tots\/wp-content\/uploads\/2025\/05\/WhatsApp-Image-2025-05-14-at-14.19.40-1024x768.jpeg 1024w, https:\/\/fundaciohospitalariesmartorell.org\/entre-tots\/wp-content\/uploads\/2025\/05\/WhatsApp-Image-2025-05-14-at-14.19.40-768x576.jpeg 768w, https:\/\/fundaciohospitalariesmartorell.org\/entre-tots\/wp-content\/uploads\/2025\/05\/WhatsApp-Image-2025-05-14-at-14.19.40-1536x1152.jpeg 1536w, https:\/\/fundaciohospitalariesmartorell.org\/entre-tots\/wp-content\/uploads\/2025\/05\/WhatsApp-Image-2025-05-14-at-14.19.40-1320x990.jpeg 1320w\" sizes=\"auto, (max-width: 1600px) 100vw, 1600px\" \/><\/figure><\/div><div class=\"wp-block-getwid-images-slider__item\"><figure><img loading=\"lazy\" decoding=\"async\" width=\"1600\" height=\"900\" src=\"https:\/\/fundaciohospitalariesmartorell.org\/entre-tots\/wp-content\/uploads\/2025\/05\/WhatsApp-Image-2025-05-14-at-14.18.46-1.jpeg\" data-id=\"11404\" data-link=\"https:\/\/fundaciohospitalariesmartorell.org\/entre-tots\/2025\/05\/emotiva-cerimonia-de-graduacio-de-residents-en-psicologia-clinica-i-psiquiatria\/whatsapp-image-2025-05-14-at-14-18-46-2\/\" data-original-link=\"https:\/\/fundaciohospitalariesmartorell.org\/entre-tots\/wp-content\/uploads\/2025\/05\/WhatsApp-Image-2025-05-14-at-14.18.46-1.jpeg\" class=\"wp-block-getwid-images-slider__image wp-image-11404\" srcset=\"https:\/\/fundaciohospitalariesmartorell.org\/entre-tots\/wp-content\/uploads\/2025\/05\/WhatsApp-Image-2025-05-14-at-14.18.46-1.jpeg 1600w, https:\/\/fundaciohospitalariesmartorell.org\/entre-tots\/wp-content\/uploads\/2025\/05\/WhatsApp-Image-2025-05-14-at-14.18.46-1-300x169.jpeg 300w, https:\/\/fundaciohospitalariesmartorell.org\/entre-tots\/wp-content\/uploads\/2025\/05\/WhatsApp-Image-2025-05-14-at-14.18.46-1-1024x576.jpeg 1024w, https:\/\/fundaciohospitalariesmartorell.org\/entre-tots\/wp-content\/uploads\/2025\/05\/WhatsApp-Image-2025-05-14-at-14.18.46-1-768x432.jpeg 768w, https:\/\/fundaciohospitalariesmartorell.org\/entre-tots\/wp-content\/uploads\/2025\/05\/WhatsApp-Image-2025-05-14-at-14.18.46-1-1536x864.jpeg 1536w, https:\/\/fundaciohospitalariesmartorell.org\/entre-tots\/wp-content\/uploads\/2025\/05\/WhatsApp-Image-2025-05-14-at-14.18.46-1-1320x743.jpeg 1320w\" sizes=\"auto, (max-width: 1600px) 100vw, 1600px\" \/><\/figure><\/div><div class=\"wp-block-getwid-images-slider__item\"><figure><img loading=\"lazy\" decoding=\"async\" width=\"1600\" height=\"900\" src=\"https:\/\/fundaciohospitalariesmartorell.org\/entre-tots\/wp-content\/uploads\/2025\/05\/WhatsApp-Image-2025-05-14-at-14.18.46.jpeg\" data-id=\"11403\" data-link=\"https:\/\/fundaciohospitalariesmartorell.org\/entre-tots\/2025\/05\/emotiva-cerimonia-de-graduacio-de-residents-en-psicologia-clinica-i-psiquiatria\/whatsapp-image-2025-05-14-at-14-18-46\/\" data-original-link=\"https:\/\/fundaciohospitalariesmartorell.org\/entre-tots\/wp-content\/uploads\/2025\/05\/WhatsApp-Image-2025-05-14-at-14.18.46.jpeg\" class=\"wp-block-getwid-images-slider__image wp-image-11403\" srcset=\"https:\/\/fundaciohospitalariesmartorell.org\/entre-tots\/wp-content\/uploads\/2025\/05\/WhatsApp-Image-2025-05-14-at-14.18.46.jpeg 1600w, https:\/\/fundaciohospitalariesmartorell.org\/entre-tots\/wp-content\/uploads\/2025\/05\/WhatsApp-Image-2025-05-14-at-14.18.46-300x169.jpeg 300w, https:\/\/fundaciohospitalariesmartorell.org\/entre-tots\/wp-content\/uploads\/2025\/05\/WhatsApp-Image-2025-05-14-at-14.18.46-1024x576.jpeg 1024w, https:\/\/fundaciohospitalariesmartorell.org\/entre-tots\/wp-content\/uploads\/2025\/05\/WhatsApp-Image-2025-05-14-at-14.18.46-768x432.jpeg 768w, https:\/\/fundaciohospitalariesmartorell.org\/entre-tots\/wp-content\/uploads\/2025\/05\/WhatsApp-Image-2025-05-14-at-14.18.46-1536x864.jpeg 1536w, https:\/\/fundaciohospitalariesmartorell.org\/entre-tots\/wp-content\/uploads\/2025\/05\/WhatsApp-Image-2025-05-14-at-14.18.46-1320x743.jpeg 1320w\" sizes=\"auto, (max-width: 1600px) 100vw, 1600px\" \/><\/figure><\/div><div class=\"wp-block-getwid-images-slider__item\"><figure><img loading=\"lazy\" decoding=\"async\" width=\"1600\" height=\"900\" src=\"https:\/\/fundaciohospitalariesmartorell.org\/entre-tots\/wp-content\/uploads\/2025\/05\/WhatsApp-Image-2025-05-14-at-14.19.30.jpeg\" data-id=\"11402\" data-link=\"https:\/\/fundaciohospitalariesmartorell.org\/entre-tots\/2025\/05\/emotiva-cerimonia-de-graduacio-de-residents-en-psicologia-clinica-i-psiquiatria\/whatsapp-image-2025-05-14-at-14-19-30\/\" data-original-link=\"https:\/\/fundaciohospitalariesmartorell.org\/entre-tots\/wp-content\/uploads\/2025\/05\/WhatsApp-Image-2025-05-14-at-14.19.30.jpeg\" class=\"wp-block-getwid-images-slider__image wp-image-11402\" srcset=\"https:\/\/fundaciohospitalariesmartorell.org\/entre-tots\/wp-content\/uploads\/2025\/05\/WhatsApp-Image-2025-05-14-at-14.19.30.jpeg 1600w, https:\/\/fundaciohospitalariesmartorell.org\/entre-tots\/wp-content\/uploads\/2025\/05\/WhatsApp-Image-2025-05-14-at-14.19.30-300x169.jpeg 300w, https:\/\/fundaciohospitalariesmartorell.org\/entre-tots\/wp-content\/uploads\/2025\/05\/WhatsApp-Image-2025-05-14-at-14.19.30-1024x576.jpeg 1024w, https:\/\/fundaciohospitalariesmartorell.org\/entre-tots\/wp-content\/uploads\/2025\/05\/WhatsApp-Image-2025-05-14-at-14.19.30-768x432.jpeg 768w, https:\/\/fundaciohospitalariesmartorell.org\/entre-tots\/wp-content\/uploads\/2025\/05\/WhatsApp-Image-2025-05-14-at-14.19.30-1536x864.jpeg 1536w, https:\/\/fundaciohospitalariesmartorell.org\/entre-tots\/wp-content\/uploads\/2025\/05\/WhatsApp-Image-2025-05-14-at-14.19.30-1320x743.jpeg 1320w\" sizes=\"auto, (max-width: 1600px) 100vw, 1600px\" \/><\/figure><\/div><\/div><\/div>\n\n\n\n<p>Si us voleu descarregar aquestes i altres fotos de la cerim\u00f2nia, feu clic en aquest enlla\u00e7: <a href=\"https:\/\/flic.kr\/s\/aHBqjCeEvo\">aqu\u00ed<\/a>.<\/p>\n\n\n\n<p><\/p>\n","protected":false},"excerpt":{"rendered":"<p>El passat 14 de maig es va celebrar la cerim\u00f2nia de graduaci\u00f3 de les residents a la sala d\u2019actes de l\u2019hospital, en un acte emotiu que va recon\u00e8ixer la culminaci\u00f3 d\u2019una etapa clau en la seva formaci\u00f3 professional. Les protagonistes de la jornada van ser les tres residents que finalitzen la seva formaci\u00f3 amb nosaltres: [&hellip;]<\/p>\n","protected":false},"author":6,"featured_media":11406,"comment_status":"closed","ping_status":"closed","sticky":false,"template":"","format":"standard","meta":{"footnotes":""},"categories":[27,58],"tags":[],"class_list":["post-11401","post","type-post","status-publish","format-standard","has-post-thumbnail","hentry","category-actualitat","category-collaboradors-es"],"blocksy_meta":[],"featured_image_urls_v2":{"full":["https:\/\/fundaciohospitalariesmartorell.org\/entre-tots\/wp-content\/uploads\/2025\/05\/WhatsApp-Image-2025-05-14-at-14.19.07.jpeg",1600,900,false],"thumbnail":["https:\/\/fundaciohospitalariesmartorell.org\/entre-tots\/wp-content\/uploads\/2025\/05\/WhatsApp-Image-2025-05-14-at-14.19.07-150x150.jpeg",150,150,true],"medium":["https:\/\/fundaciohospitalariesmartorell.org\/entre-tots\/wp-content\/uploads\/2025\/05\/WhatsApp-Image-2025-05-14-at-14.19.07-300x169.jpeg",300,169,true],"medium_large":["https:\/\/fundaciohospitalariesmartorell.org\/entre-tots\/wp-content\/uploads\/2025\/05\/WhatsApp-Image-2025-05-14-at-14.19.07-768x432.jpeg",768,432,true],"large":["https:\/\/fundaciohospitalariesmartorell.org\/entre-tots\/wp-content\/uploads\/2025\/05\/WhatsApp-Image-2025-05-14-at-14.19.07-1024x576.jpeg",1024,576,true],"1536x1536":["https:\/\/fundaciohospitalariesmartorell.org\/entre-tots\/wp-content\/uploads\/2025\/05\/WhatsApp-Image-2025-05-14-at-14.19.07-1536x864.jpeg",1536,864,true],"2048x2048":["https:\/\/fundaciohospitalariesmartorell.org\/entre-tots\/wp-content\/uploads\/2025\/05\/WhatsApp-Image-2025-05-14-at-14.19.07.jpeg",1600,900,false],"mailpoet_newsletter_max":["https:\/\/fundaciohospitalariesmartorell.org\/entre-tots\/wp-content\/uploads\/2025\/05\/WhatsApp-Image-2025-05-14-at-14.19.07-1320x743.jpeg",1320,743,true]},"post_excerpt_stackable_v2":"<p>El passat 14 de maig es va celebrar la cerim\u00f2nia de graduaci\u00f3 de les residents a la sala d\u2019actes de l\u2019hospital, en un acte emotiu que va recon\u00e8ixer la culminaci\u00f3 d\u2019una etapa clau en la seva formaci\u00f3 professional. Les protagonistes de la jornada van ser les tres residents que finalitzen la seva formaci\u00f3 amb nosaltres: Garia Alias, en psicologia cl\u00ednica, i Karla Fern\u00e1ndez de Beto\u00f1o i Camila Dolores Vel\u00e1zquez, en psiquiatria. Les van acompanyar les seves fam\u00edlies, les tutores \u00c1gueda Solivellas i Francesca Amores, diversos professionals implicats en el seu pla docent i representants del Consell de Direcci\u00f3. El Dr.&hellip;<\/p>\n","category_list_v2":"<a href=\"https:\/\/fundaciohospitalariesmartorell.org\/entre-tots\/category\/actualitat\/\" rel=\"category tag\">ACTUALITAT<\/a>, <a href=\"https:\/\/fundaciohospitalariesmartorell.org\/entre-tots\/category\/actualitat\/col%c2%b7laboradors-es\/\" rel=\"category tag\">COL\u00b7LABORADORS\/ES<\/a>","author_info_v2":{"name":"Martorell_comunicacio","url":"https:\/\/fundaciohospitalariesmartorell.org\/entre-tots\/author\/martorell_comunicacio\/"},"comments_num_v2":"0 comments","_links":{"self":[{"href":"https:\/\/fundaciohospitalariesmartorell.org\/entre-tots\/wp-json\/wp\/v2\/posts\/11401","targetHints":{"allow":["GET"]}}],"collection":[{"href":"https:\/\/fundaciohospitalariesmartorell.org\/entre-tots\/wp-json\/wp\/v2\/posts"}],"about":[{"href":"https:\/\/fundaciohospitalariesmartorell.org\/entre-tots\/wp-json\/wp\/v2\/types\/post"}],"author":[{"embeddable":true,"href":"https:\/\/fundaciohospitalariesmartorell.org\/entre-tots\/wp-json\/wp\/v2\/users\/6"}],"replies":[{"embeddable":true,"href":"https:\/\/fundaciohospitalariesmartorell.org\/entre-tots\/wp-json\/wp\/v2\/comments?post=11401"}],"version-history":[{"count":3,"href":"https:\/\/fundaciohospitalariesmartorell.org\/entre-tots\/wp-json\/wp\/v2\/posts\/11401\/revisions"}],"predecessor-version":[{"id":11431,"href":"https:\/\/fundaciohospitalariesmartorell.org\/entre-tots\/wp-json\/wp\/v2\/posts\/11401\/revisions\/11431"}],"wp:featuredmedia":[{"embeddable":true,"href":"https:\/\/fundaciohospitalariesmartorell.org\/entre-tots\/wp-json\/wp\/v2\/media\/11406"}],"wp:attachment":[{"href":"https:\/\/fundaciohospitalariesmartorell.org\/entre-tots\/wp-json\/wp\/v2\/media?parent=11401"}],"wp:term":[{"taxonomy":"category","embeddable":true,"href":"https:\/\/fundaciohospitalariesmartorell.org\/entre-tots\/wp-json\/wp\/v2\/categories?post=11401"},{"taxonomy":"post_tag","embeddable":true,"href":"https:\/\/fundaciohospitalariesmartorell.org\/entre-tots\/wp-json\/wp\/v2\/tags?post=11401"}],"curies":[{"name":"wp","href":"https:\/\/api.w.org\/{rel}","templated":true}]}}