{"id":11415,"date":"2025-05-15T07:13:24","date_gmt":"2025-05-15T06:13:24","guid":{"rendered":"https:\/\/fundaciohospitalariesmartorell.org\/entre-tots\/?p=11415"},"modified":"2025-05-20T07:16:26","modified_gmt":"2025-05-20T06:16:26","slug":"el-casd-de-vilanova-safegeix-a-la-campanya-deixem-el-marcador-a-zero-violencies","status":"publish","type":"post","link":"https:\/\/fundaciohospitalariesmartorell.org\/entre-tots\/2025\/05\/el-casd-de-vilanova-safegeix-a-la-campanya-deixem-el-marcador-a-zero-violencies\/","title":{"rendered":"El CASD de Vilanova s&#8217;afegeix a la campanya \u201cDeixem el marcador a zero viol\u00e8ncies!\u201d"},"content":{"rendered":"\n<figure class=\"wp-block-image size-large\"><img loading=\"lazy\" decoding=\"async\" width=\"724\" height=\"1024\" src=\"https:\/\/fundaciohospitalariesmartorell.org\/entre-tots\/wp-content\/uploads\/2025\/05\/FHM_A3_Cmp_Violencies_Masclistes_Esport_5-724x1024.jpg\" alt=\"\" class=\"wp-image-11416\" srcset=\"https:\/\/fundaciohospitalariesmartorell.org\/entre-tots\/wp-content\/uploads\/2025\/05\/FHM_A3_Cmp_Violencies_Masclistes_Esport_5-724x1024.jpg 724w, https:\/\/fundaciohospitalariesmartorell.org\/entre-tots\/wp-content\/uploads\/2025\/05\/FHM_A3_Cmp_Violencies_Masclistes_Esport_5-212x300.jpg 212w, https:\/\/fundaciohospitalariesmartorell.org\/entre-tots\/wp-content\/uploads\/2025\/05\/FHM_A3_Cmp_Violencies_Masclistes_Esport_5-768x1086.jpg 768w, https:\/\/fundaciohospitalariesmartorell.org\/entre-tots\/wp-content\/uploads\/2025\/05\/FHM_A3_Cmp_Violencies_Masclistes_Esport_5-1086x1536.jpg 1086w, https:\/\/fundaciohospitalariesmartorell.org\/entre-tots\/wp-content\/uploads\/2025\/05\/FHM_A3_Cmp_Violencies_Masclistes_Esport_5-1448x2048.jpg 1448w, https:\/\/fundaciohospitalariesmartorell.org\/entre-tots\/wp-content\/uploads\/2025\/05\/FHM_A3_Cmp_Violencies_Masclistes_Esport_5-1320x1867.jpg 1320w, https:\/\/fundaciohospitalariesmartorell.org\/entre-tots\/wp-content\/uploads\/2025\/05\/FHM_A3_Cmp_Violencies_Masclistes_Esport_5-scaled.jpg 1810w\" sizes=\"auto, (max-width: 724px) 100vw, 724px\" \/><\/figure>\n\n\n\n<p><strong>\u201cDeixem el marcador a zero viol\u00e8ncies!\u201d \u00e9s el nom de la nova campanya impuslada pel Consell Comarcal del Garraf, creada per impulsar una transformaci\u00f3 real cap a una pr\u00e0ctica esportiva m\u00e9s justa, equitativa i lliure de discriminacions<\/strong>. <\/p>\n\n\n\n<p>La <a href=\"https:\/\/www.ccgarraf.cat\/actualitat\/noticies\/el-garraf-suneix-contra-les-violencies-masclistes-a-lesport-.html\">campanya<\/a>, en la que participa la Fundaci\u00f3 Hospital\u00e0ries Martorell a trav\u00e9s del CASD de Vilanova, busca donar a con\u00e8ixer els conceptes b\u00e0sics sobre les viol\u00e8ncies masclistes en l\u2019\u00e0mbit esportiu, aprofundir sobre les diferents formes que adquireixen aquests tipus de viol\u00e8ncies, con\u00e8ixer les principals eines de protecci\u00f3, detecci\u00f3 i actuaci\u00f3 en aquests casos i contribuir a la formaci\u00f3 en perspectiva de g\u00e8nere de professionals de l\u2019\u00e0mbit esportiu.<\/p>\n\n\n\n<p>S\u2019han creat diversos\u00a0materials gr\u00e0fics\u00a0com cartells, animacions, pancartes i roll-ups que s\u2019utilitzaran en diferents espais i mitjans de la comarca i es crear\u00e0 una\u00a0exposici\u00f3\u00a0itinerant que es podr\u00e0 visitar als sis municipis del Garraf.<\/p>\n\n\n\n<p>Aix\u00ed mateix, s&#8217;impulsar\u00e0 la creaci\u00f3 d&#8217;una&nbsp;<strong>comissi\u00f3 de treball<\/strong>&nbsp;que s\u2019encarregar\u00e0 de fer una diagnosi de la situaci\u00f3 de les viol\u00e8ncies a l\u2019esport, crear un circuit d&#8217;actuaci\u00f3 per atendre aquests casos, establir protocols de den\u00fancia clars i accessibles, i dissenyar diferents eines de prevenci\u00f3.<\/p>\n\n\n\n<p><strong>Protocol comarcal del Garraf d&#8217;abordatge integral de les viol\u00e8ncies masclistes<\/strong><\/p>\n\n\n\n<p>Al novembre del 2023 es va signar el Protocol comarcal per a l\u2019abordatge integral de les viol\u00e8ncies masclistes, que definia el comprom\u00eds d\u2019administracions p\u00fabliques i institucions del Garraf d\u2019establir un model coordinat d&#8217;intervenci\u00f3 i un circuit d&#8217;actuaci\u00f3 per abordar de manera integral aquests tipus de viol\u00e8ncies. Durant els darrers anys, m\u00e9s de 50 professionals de la comarca han treballat conjuntament i han centrat els esfor\u00e7os en l\u2019atenci\u00f3 a dones amb problem\u00e0tica de salut mental i en la formaci\u00f3 a professionals en diferents \u00e0mbits.<\/p>\n","protected":false},"excerpt":{"rendered":"<p>\u201cDeixem el marcador a zero viol\u00e8ncies!\u201d \u00e9s el nom de la nova campanya impuslada pel Consell Comarcal del Garraf, creada per impulsar una transformaci\u00f3 real cap a una pr\u00e0ctica esportiva m\u00e9s justa, equitativa i lliure de discriminacions. La campanya, en la que participa la Fundaci\u00f3 Hospital\u00e0ries Martorell a trav\u00e9s del CASD de Vilanova, busca donar [&hellip;]<\/p>\n","protected":false},"author":7,"featured_media":11417,"comment_status":"closed","ping_status":"closed","sticky":false,"template":"","format":"standard","meta":{"footnotes":""},"categories":[27],"tags":[],"class_list":["post-11415","post","type-post","status-publish","format-standard","has-post-thumbnail","hentry","category-actualitat"],"blocksy_meta":[],"featured_image_urls_v2":{"full":["https:\/\/fundaciohospitalariesmartorell.org\/entre-tots\/wp-content\/uploads\/2025\/05\/Captura-de-pantalla-2025-05-15-a-les-8.10.11.png",1446,726,false],"thumbnail":["https:\/\/fundaciohospitalariesmartorell.org\/entre-tots\/wp-content\/uploads\/2025\/05\/Captura-de-pantalla-2025-05-15-a-les-8.10.11-150x150.png",150,150,true],"medium":["https:\/\/fundaciohospitalariesmartorell.org\/entre-tots\/wp-content\/uploads\/2025\/05\/Captura-de-pantalla-2025-05-15-a-les-8.10.11-300x151.png",300,151,true],"medium_large":["https:\/\/fundaciohospitalariesmartorell.org\/entre-tots\/wp-content\/uploads\/2025\/05\/Captura-de-pantalla-2025-05-15-a-les-8.10.11-768x386.png",768,386,true],"large":["https:\/\/fundaciohospitalariesmartorell.org\/entre-tots\/wp-content\/uploads\/2025\/05\/Captura-de-pantalla-2025-05-15-a-les-8.10.11-1024x514.png",1024,514,true],"1536x1536":["https:\/\/fundaciohospitalariesmartorell.org\/entre-tots\/wp-content\/uploads\/2025\/05\/Captura-de-pantalla-2025-05-15-a-les-8.10.11.png",1446,726,false],"2048x2048":["https:\/\/fundaciohospitalariesmartorell.org\/entre-tots\/wp-content\/uploads\/2025\/05\/Captura-de-pantalla-2025-05-15-a-les-8.10.11.png",1446,726,false],"mailpoet_newsletter_max":["https:\/\/fundaciohospitalariesmartorell.org\/entre-tots\/wp-content\/uploads\/2025\/05\/Captura-de-pantalla-2025-05-15-a-les-8.10.11-1320x663.png",1320,663,true]},"post_excerpt_stackable_v2":"<p>\u201cDeixem el marcador a zero viol\u00e8ncies!\u201d \u00e9s el nom de la nova campanya impuslada pel Consell Comarcal del Garraf, creada per impulsar una transformaci\u00f3 real cap a una pr\u00e0ctica esportiva m\u00e9s justa, equitativa i lliure de discriminacions. La campanya, en la que participa la Fundaci\u00f3 Hospital\u00e0ries Martorell a trav\u00e9s del CASD de Vilanova, busca donar a con\u00e8ixer els conceptes b\u00e0sics sobre les viol\u00e8ncies masclistes en l\u2019\u00e0mbit esportiu, aprofundir sobre les diferents formes que adquireixen aquests tipus de viol\u00e8ncies, con\u00e8ixer les principals eines de protecci\u00f3, detecci\u00f3 i actuaci\u00f3 en aquests casos i contribuir a la formaci\u00f3 en perspectiva de g\u00e8nere de&hellip;<\/p>\n","category_list_v2":"<a href=\"https:\/\/fundaciohospitalariesmartorell.org\/entre-tots\/category\/actualitat\/\" rel=\"category tag\">ACTUALITAT<\/a>","author_info_v2":{"name":"ALBA_FELIP","url":"https:\/\/fundaciohospitalariesmartorell.org\/entre-tots\/author\/alba_felip\/"},"comments_num_v2":"0 comments","_links":{"self":[{"href":"https:\/\/fundaciohospitalariesmartorell.org\/entre-tots\/wp-json\/wp\/v2\/posts\/11415","targetHints":{"allow":["GET"]}}],"collection":[{"href":"https:\/\/fundaciohospitalariesmartorell.org\/entre-tots\/wp-json\/wp\/v2\/posts"}],"about":[{"href":"https:\/\/fundaciohospitalariesmartorell.org\/entre-tots\/wp-json\/wp\/v2\/types\/post"}],"author":[{"embeddable":true,"href":"https:\/\/fundaciohospitalariesmartorell.org\/entre-tots\/wp-json\/wp\/v2\/users\/7"}],"replies":[{"embeddable":true,"href":"https:\/\/fundaciohospitalariesmartorell.org\/entre-tots\/wp-json\/wp\/v2\/comments?post=11415"}],"version-history":[{"count":1,"href":"https:\/\/fundaciohospitalariesmartorell.org\/entre-tots\/wp-json\/wp\/v2\/posts\/11415\/revisions"}],"predecessor-version":[{"id":11418,"href":"https:\/\/fundaciohospitalariesmartorell.org\/entre-tots\/wp-json\/wp\/v2\/posts\/11415\/revisions\/11418"}],"wp:featuredmedia":[{"embeddable":true,"href":"https:\/\/fundaciohospitalariesmartorell.org\/entre-tots\/wp-json\/wp\/v2\/media\/11417"}],"wp:attachment":[{"href":"https:\/\/fundaciohospitalariesmartorell.org\/entre-tots\/wp-json\/wp\/v2\/media?parent=11415"}],"wp:term":[{"taxonomy":"category","embeddable":true,"href":"https:\/\/fundaciohospitalariesmartorell.org\/entre-tots\/wp-json\/wp\/v2\/categories?post=11415"},{"taxonomy":"post_tag","embeddable":true,"href":"https:\/\/fundaciohospitalariesmartorell.org\/entre-tots\/wp-json\/wp\/v2\/tags?post=11415"}],"curies":[{"name":"wp","href":"https:\/\/api.w.org\/{rel}","templated":true}]}}