{"id":11419,"date":"2025-05-15T07:27:58","date_gmt":"2025-05-15T06:27:58","guid":{"rendered":"https:\/\/fundaciohospitalariesmartorell.org\/entre-tots\/?p=11419"},"modified":"2025-05-15T07:27:58","modified_gmt":"2025-05-15T06:27:58","slug":"participacio-del-csmij-de-molins-de-rei-en-el-nou-protocol-de-salut-pediatrica-del-departament-de-salut","status":"publish","type":"post","link":"https:\/\/fundaciohospitalariesmartorell.org\/entre-tots\/2025\/05\/participacio-del-csmij-de-molins-de-rei-en-el-nou-protocol-de-salut-pediatrica-del-departament-de-salut\/","title":{"rendered":"Participaci\u00f3 del CSMIJ de Molins de Rei en el nou protocol de salut pedi\u00e0trica del Departament de Salut"},"content":{"rendered":"\n<p>L\u2019\u00c0rea Infantojuvenil de la Fundaci\u00f3 Hospital\u00e0ries Martorell ha participat en l\u2019elaboraci\u00f3 del <em>Protocol d\u2019activitats preventives i de promoci\u00f3 de la salut a l\u2019edat pedi\u00e0trica<\/em>, impulsat per la Subdirecci\u00f3 General de Promoci\u00f3 de la Salut de l\u2019Ag\u00e8ncia de Salut P\u00fablica de Catalunya. Aquest document forma part del programa <strong>Cr\u00e9ixer amb Salut<\/strong> i es va presentar oficialment el 21 de gener.<\/p>\n\n\n\n<p>En representaci\u00f3 de la nostra instituci\u00f3, el psic\u00f2leg Pedro Ramos, del CSMIJ de Molins de Rei, ha col\u00b7laborat en l\u2019apartat dedicat a la salut mental, un dels eixos fonamentals del protocol.<\/p>\n\n\n\n<figure class=\"wp-block-image size-full\"><a href=\"https:\/\/salutpublica.gencat.cat\/ca\/ambits\/promocio\/infancia-adolescencia\/infancia\/infancia-salut\/\"><img loading=\"lazy\" decoding=\"async\" width=\"572\" height=\"804\" src=\"https:\/\/fundaciohospitalariesmartorell.org\/entre-tots\/wp-content\/uploads\/2025\/05\/protocol-infancia-creixer-amb-salut-I.jpg_646708741.jpg\" alt=\"\" class=\"wp-image-11420\" srcset=\"https:\/\/fundaciohospitalariesmartorell.org\/entre-tots\/wp-content\/uploads\/2025\/05\/protocol-infancia-creixer-amb-salut-I.jpg_646708741.jpg 572w, https:\/\/fundaciohospitalariesmartorell.org\/entre-tots\/wp-content\/uploads\/2025\/05\/protocol-infancia-creixer-amb-salut-I.jpg_646708741-213x300.jpg 213w\" sizes=\"auto, (max-width: 572px) 100vw, 572px\" \/><\/a><\/figure>\n\n\n\n<p>El document recull les actuacions preventives que s\u2019adrecen a infants i adolescents d\u2019entre 0 i 14 anys dins de les visites programades a l\u2019atenci\u00f3 prim\u00e0ria. Inclou cribratges per edats, vacunacions, educaci\u00f3 per a la salut, detecci\u00f3 de situacions de risc i una s\u00e8rie de recursos per als professionals sanitaris i les fam\u00edlies.<\/p>\n\n\n\n<p>El protocol, que s\u2019implementa a tota la xarxa sanit\u00e0ria p\u00fablica de Catalunya, t\u00e9 com a objectiu fomentar h\u00e0bits saludables, detectar preco\u00e7ment problemes de salut i garantir-ne el seguiment i derivaci\u00f3 quan calgui. Tamb\u00e9 ofereix orientacions i eines \u00fatils per als equips de pediatria, aix\u00ed com missatges clau dirigits a infants, adolescents i les seves fam\u00edlies.<\/p>\n\n\n\n<p>Des d\u2019aqu\u00ed volem felicitar en Pedro Ramos per la seva implicaci\u00f3 i recon\u00e8ixer la tasca de l\u2019\u00c0rea Infantojuvenil en aquesta aportaci\u00f3 tant important per a la salut de la poblaci\u00f3 infantil del nostre pa\u00eds.<\/p>\n\n\n\n<p>Trobareu tota la informaci\u00f3 relacionada amb aquest protocol <a href=\"https:\/\/salutpublica.gencat.cat\/ca\/ambits\/promocio\/infancia-adolescencia\/infancia\/infancia-salut\/\">aqu\u00ed<\/a>.<\/p>\n\n\n\n<p><\/p>\n","protected":false},"excerpt":{"rendered":"<p>L\u2019\u00c0rea Infantojuvenil de la Fundaci\u00f3 Hospital\u00e0ries Martorell ha participat en l\u2019elaboraci\u00f3 del Protocol d\u2019activitats preventives i de promoci\u00f3 de la salut a l\u2019edat pedi\u00e0trica, impulsat per la Subdirecci\u00f3 General de Promoci\u00f3 de la Salut de l\u2019Ag\u00e8ncia de Salut P\u00fablica de Catalunya. Aquest document forma part del programa Cr\u00e9ixer amb Salut i es va presentar oficialment [&hellip;]<\/p>\n","protected":false},"author":7,"featured_media":11421,"comment_status":"closed","ping_status":"","sticky":false,"template":"","format":"standard","meta":{"footnotes":""},"categories":[27,58,61],"tags":[],"class_list":["post-11419","post","type-post","status-publish","format-standard","has-post-thumbnail","hentry","category-actualitat","category-collaboradors-es","category-societat"],"blocksy_meta":[],"featured_image_urls_v2":{"full":["https:\/\/fundaciohospitalariesmartorell.org\/entre-tots\/wp-content\/uploads\/2025\/05\/Captura-de-pantalla-2025-05-15-a-les-8.27.31.png",948,644,false],"thumbnail":["https:\/\/fundaciohospitalariesmartorell.org\/entre-tots\/wp-content\/uploads\/2025\/05\/Captura-de-pantalla-2025-05-15-a-les-8.27.31-150x150.png",150,150,true],"medium":["https:\/\/fundaciohospitalariesmartorell.org\/entre-tots\/wp-content\/uploads\/2025\/05\/Captura-de-pantalla-2025-05-15-a-les-8.27.31-300x204.png",300,204,true],"medium_large":["https:\/\/fundaciohospitalariesmartorell.org\/entre-tots\/wp-content\/uploads\/2025\/05\/Captura-de-pantalla-2025-05-15-a-les-8.27.31-768x522.png",768,522,true],"large":["https:\/\/fundaciohospitalariesmartorell.org\/entre-tots\/wp-content\/uploads\/2025\/05\/Captura-de-pantalla-2025-05-15-a-les-8.27.31.png",948,644,false],"1536x1536":["https:\/\/fundaciohospitalariesmartorell.org\/entre-tots\/wp-content\/uploads\/2025\/05\/Captura-de-pantalla-2025-05-15-a-les-8.27.31.png",948,644,false],"2048x2048":["https:\/\/fundaciohospitalariesmartorell.org\/entre-tots\/wp-content\/uploads\/2025\/05\/Captura-de-pantalla-2025-05-15-a-les-8.27.31.png",948,644,false],"mailpoet_newsletter_max":["https:\/\/fundaciohospitalariesmartorell.org\/entre-tots\/wp-content\/uploads\/2025\/05\/Captura-de-pantalla-2025-05-15-a-les-8.27.31.png",948,644,false]},"post_excerpt_stackable_v2":"<p>L\u2019\u00c0rea Infantojuvenil de la Fundaci\u00f3 Hospital\u00e0ries Martorell ha participat en l\u2019elaboraci\u00f3 del Protocol d\u2019activitats preventives i de promoci\u00f3 de la salut a l\u2019edat pedi\u00e0trica, impulsat per la Subdirecci\u00f3 General de Promoci\u00f3 de la Salut de l\u2019Ag\u00e8ncia de Salut P\u00fablica de Catalunya. Aquest document forma part del programa Cr\u00e9ixer amb Salut i es va presentar oficialment el 21 de gener. En representaci\u00f3 de la nostra instituci\u00f3, el psic\u00f2leg Pedro Ramos, del CSMIJ de Molins de Rei, ha col\u00b7laborat en l\u2019apartat dedicat a la salut mental, un dels eixos fonamentals del protocol. El document recull les actuacions preventives que s\u2019adrecen a infants&hellip;<\/p>\n","category_list_v2":"<a href=\"https:\/\/fundaciohospitalariesmartorell.org\/entre-tots\/category\/actualitat\/\" rel=\"category tag\">ACTUALITAT<\/a>, <a href=\"https:\/\/fundaciohospitalariesmartorell.org\/entre-tots\/category\/actualitat\/col%c2%b7laboradors-es\/\" rel=\"category tag\">COL\u00b7LABORADORS\/ES<\/a>, <a href=\"https:\/\/fundaciohospitalariesmartorell.org\/entre-tots\/category\/actualitat\/societat\/\" rel=\"category tag\">SOCIETAT<\/a>","author_info_v2":{"name":"ALBA_FELIP","url":"https:\/\/fundaciohospitalariesmartorell.org\/entre-tots\/author\/alba_felip\/"},"comments_num_v2":"0 comments","_links":{"self":[{"href":"https:\/\/fundaciohospitalariesmartorell.org\/entre-tots\/wp-json\/wp\/v2\/posts\/11419","targetHints":{"allow":["GET"]}}],"collection":[{"href":"https:\/\/fundaciohospitalariesmartorell.org\/entre-tots\/wp-json\/wp\/v2\/posts"}],"about":[{"href":"https:\/\/fundaciohospitalariesmartorell.org\/entre-tots\/wp-json\/wp\/v2\/types\/post"}],"author":[{"embeddable":true,"href":"https:\/\/fundaciohospitalariesmartorell.org\/entre-tots\/wp-json\/wp\/v2\/users\/7"}],"replies":[{"embeddable":true,"href":"https:\/\/fundaciohospitalariesmartorell.org\/entre-tots\/wp-json\/wp\/v2\/comments?post=11419"}],"version-history":[{"count":1,"href":"https:\/\/fundaciohospitalariesmartorell.org\/entre-tots\/wp-json\/wp\/v2\/posts\/11419\/revisions"}],"predecessor-version":[{"id":11422,"href":"https:\/\/fundaciohospitalariesmartorell.org\/entre-tots\/wp-json\/wp\/v2\/posts\/11419\/revisions\/11422"}],"wp:featuredmedia":[{"embeddable":true,"href":"https:\/\/fundaciohospitalariesmartorell.org\/entre-tots\/wp-json\/wp\/v2\/media\/11421"}],"wp:attachment":[{"href":"https:\/\/fundaciohospitalariesmartorell.org\/entre-tots\/wp-json\/wp\/v2\/media?parent=11419"}],"wp:term":[{"taxonomy":"category","embeddable":true,"href":"https:\/\/fundaciohospitalariesmartorell.org\/entre-tots\/wp-json\/wp\/v2\/categories?post=11419"},{"taxonomy":"post_tag","embeddable":true,"href":"https:\/\/fundaciohospitalariesmartorell.org\/entre-tots\/wp-json\/wp\/v2\/tags?post=11419"}],"curies":[{"name":"wp","href":"https:\/\/api.w.org\/{rel}","templated":true}]}}