{"id":11423,"date":"2025-05-15T07:39:55","date_gmt":"2025-05-15T06:39:55","guid":{"rendered":"https:\/\/fundaciohospitalariesmartorell.org\/entre-tots\/?p=11423"},"modified":"2025-05-15T08:17:04","modified_gmt":"2025-05-15T07:17:04","slug":"lsrc-de-berga-assisteix-a-lobra-teatral-crsh-per-parlar-de-salut-mental-i-adolescencia","status":"publish","type":"post","link":"https:\/\/fundaciohospitalariesmartorell.org\/entre-tots\/2025\/05\/lsrc-de-berga-assisteix-a-lobra-teatral-crsh-per-parlar-de-salut-mental-i-adolescencia\/","title":{"rendered":"Persones usu\u00e0ries dels serveis de salut mental de Berga assisteixen a l\u2019obra teatral CR#SH"},"content":{"rendered":"\n<p><\/p>\n\n\n\n<figure class=\"wp-block-image size-large\"><img loading=\"lazy\" decoding=\"async\" width=\"1024\" height=\"461\" src=\"https:\/\/fundaciohospitalariesmartorell.org\/entre-tots\/wp-content\/uploads\/2025\/05\/image-1024x461.png\" alt=\"\" class=\"wp-image-11424\" srcset=\"https:\/\/fundaciohospitalariesmartorell.org\/entre-tots\/wp-content\/uploads\/2025\/05\/image-1024x461.png 1024w, https:\/\/fundaciohospitalariesmartorell.org\/entre-tots\/wp-content\/uploads\/2025\/05\/image-300x135.png 300w, https:\/\/fundaciohospitalariesmartorell.org\/entre-tots\/wp-content\/uploads\/2025\/05\/image-768x346.png 768w, https:\/\/fundaciohospitalariesmartorell.org\/entre-tots\/wp-content\/uploads\/2025\/05\/image-1536x691.png 1536w, https:\/\/fundaciohospitalariesmartorell.org\/entre-tots\/wp-content\/uploads\/2025\/05\/image-1320x594.png 1320w, https:\/\/fundaciohospitalariesmartorell.org\/entre-tots\/wp-content\/uploads\/2025\/05\/image.png 1600w\" sizes=\"auto, (max-width: 1024px) 100vw, 1024px\" \/><\/figure>\n\n\n\n<p>El passat dimecres 7 de maig, un grup de persones usu\u00e0ries dels serveis de salut mental de Berga va assistir a la representaci\u00f3 de l\u2019obra CRU#SH al Teatre Patronat de Berga, dins del marc d\u2019una activitat organitzada pel Consell Comarcal del Bergued\u00e0.<\/p>\n\n\n\n<p>L\u2019espectacle, adre\u00e7at especialment al p\u00fablic adolescent, explora temes com l\u2019autoestima, l\u2019ansietat i la salut mental a trav\u00e9s d\u2019una posada en escena fresca, vitalista i plena d\u2019humor. A partir d\u2019una cursa simb\u00f2lica, els tres protagonistes \u2014l\u2019Alba, la Carla i el Gerard\u2014 van reconstruint moments dif\u00edcils de la seva joventut, quan parlar de salut mental era gaireb\u00e9 un tab\u00fa.<\/p>\n\n\n\n<p>La proposta teatral, titulada <a href=\"https:\/\/www.ciameaculpa.cat\/ca\/espectacle\/c\/47-crsh-tothom-pot-caure.html\">CR#SH (tothom pot caure)<\/a>, combina testimoniatge i ficci\u00f3 per trencar silencis i obrir espais de reflexi\u00f3 col\u00b7lectiva. Despr\u00e9s de la funci\u00f3, els assistents van poder participar en una xerrada-col\u00b7loqui, on es van abordar temes com la bipolaritat, l\u2019exig\u00e8ncia social, la identitat LGTBI o les noves formes de relaci\u00f3 a trav\u00e9s de xarxes i aplicacions com Tinder.<\/p>\n\n\n\n<p>Un dels usuaris participants, l\u2019Oriol, va destacar com de realista li va semblar l\u2019obra: <em>\u201cEm vaig sentir molt identificat amb l\u2019actor. A la tert\u00falia es va parlar de coses que m\u2019interessen molt: com interactuar socialment, qu\u00e8 \u00e9s la bipolaritat&#8230; En la meva \u00e8poca no es parlava d\u2019aix\u00f2 i tampoc hi havia tantes oportunitats com ara.\u201d<\/em><\/p>\n\n\n\n<p>Aquesta activitat forma part del comprom\u00eds dels serveis de salut mental de Berga per promoure l\u2019expressi\u00f3 emocional, el debat i la visibilitzaci\u00f3 de la salut mental en entorns comunitaris.<\/p>\n\n\n\n<p><\/p>\n","protected":false},"excerpt":{"rendered":"<p>El passat dimecres 7 de maig, un grup de persones usu\u00e0ries dels serveis de salut mental de Berga va assistir a la representaci\u00f3 de l\u2019obra CRU#SH al Teatre Patronat de Berga, dins del marc d\u2019una activitat organitzada pel Consell Comarcal del Bergued\u00e0. L\u2019espectacle, adre\u00e7at especialment al p\u00fablic adolescent, explora temes com l\u2019autoestima, l\u2019ansietat i la [&hellip;]<\/p>\n","protected":false},"author":7,"featured_media":11424,"comment_status":"closed","ping_status":"","sticky":false,"template":"","format":"standard","meta":{"footnotes":""},"categories":[27,57],"tags":[],"class_list":["post-11423","post","type-post","status-publish","format-standard","has-post-thumbnail","hentry","category-actualitat","category-usuaris-es"],"blocksy_meta":[],"featured_image_urls_v2":{"full":["https:\/\/fundaciohospitalariesmartorell.org\/entre-tots\/wp-content\/uploads\/2025\/05\/image.png",1600,720,false],"thumbnail":["https:\/\/fundaciohospitalariesmartorell.org\/entre-tots\/wp-content\/uploads\/2025\/05\/image-150x150.png",150,150,true],"medium":["https:\/\/fundaciohospitalariesmartorell.org\/entre-tots\/wp-content\/uploads\/2025\/05\/image-300x135.png",300,135,true],"medium_large":["https:\/\/fundaciohospitalariesmartorell.org\/entre-tots\/wp-content\/uploads\/2025\/05\/image-768x346.png",768,346,true],"large":["https:\/\/fundaciohospitalariesmartorell.org\/entre-tots\/wp-content\/uploads\/2025\/05\/image-1024x461.png",1024,461,true],"1536x1536":["https:\/\/fundaciohospitalariesmartorell.org\/entre-tots\/wp-content\/uploads\/2025\/05\/image-1536x691.png",1536,691,true],"2048x2048":["https:\/\/fundaciohospitalariesmartorell.org\/entre-tots\/wp-content\/uploads\/2025\/05\/image.png",1600,720,false],"mailpoet_newsletter_max":["https:\/\/fundaciohospitalariesmartorell.org\/entre-tots\/wp-content\/uploads\/2025\/05\/image-1320x594.png",1320,594,true]},"post_excerpt_stackable_v2":"<p>El passat dimecres 7 de maig, un grup de persones usu\u00e0ries dels serveis de salut mental de Berga va assistir a la representaci\u00f3 de l\u2019obra CRU#SH al Teatre Patronat de Berga, dins del marc d\u2019una activitat organitzada pel Consell Comarcal del Bergued\u00e0. L\u2019espectacle, adre\u00e7at especialment al p\u00fablic adolescent, explora temes com l\u2019autoestima, l\u2019ansietat i la salut mental a trav\u00e9s d\u2019una posada en escena fresca, vitalista i plena d\u2019humor. A partir d\u2019una cursa simb\u00f2lica, els tres protagonistes \u2014l\u2019Alba, la Carla i el Gerard\u2014 van reconstruint moments dif\u00edcils de la seva joventut, quan parlar de salut mental era gaireb\u00e9 un tab\u00fa. La&hellip;<\/p>\n","category_list_v2":"<a href=\"https:\/\/fundaciohospitalariesmartorell.org\/entre-tots\/category\/actualitat\/\" rel=\"category tag\">ACTUALITAT<\/a>, <a href=\"https:\/\/fundaciohospitalariesmartorell.org\/entre-tots\/category\/actualitat\/usuaris-es\/\" rel=\"category tag\">USUARIS\/ES<\/a>","author_info_v2":{"name":"ALBA_FELIP","url":"https:\/\/fundaciohospitalariesmartorell.org\/entre-tots\/author\/alba_felip\/"},"comments_num_v2":"0 comments","_links":{"self":[{"href":"https:\/\/fundaciohospitalariesmartorell.org\/entre-tots\/wp-json\/wp\/v2\/posts\/11423","targetHints":{"allow":["GET"]}}],"collection":[{"href":"https:\/\/fundaciohospitalariesmartorell.org\/entre-tots\/wp-json\/wp\/v2\/posts"}],"about":[{"href":"https:\/\/fundaciohospitalariesmartorell.org\/entre-tots\/wp-json\/wp\/v2\/types\/post"}],"author":[{"embeddable":true,"href":"https:\/\/fundaciohospitalariesmartorell.org\/entre-tots\/wp-json\/wp\/v2\/users\/7"}],"replies":[{"embeddable":true,"href":"https:\/\/fundaciohospitalariesmartorell.org\/entre-tots\/wp-json\/wp\/v2\/comments?post=11423"}],"version-history":[{"count":4,"href":"https:\/\/fundaciohospitalariesmartorell.org\/entre-tots\/wp-json\/wp\/v2\/posts\/11423\/revisions"}],"predecessor-version":[{"id":11428,"href":"https:\/\/fundaciohospitalariesmartorell.org\/entre-tots\/wp-json\/wp\/v2\/posts\/11423\/revisions\/11428"}],"wp:featuredmedia":[{"embeddable":true,"href":"https:\/\/fundaciohospitalariesmartorell.org\/entre-tots\/wp-json\/wp\/v2\/media\/11424"}],"wp:attachment":[{"href":"https:\/\/fundaciohospitalariesmartorell.org\/entre-tots\/wp-json\/wp\/v2\/media?parent=11423"}],"wp:term":[{"taxonomy":"category","embeddable":true,"href":"https:\/\/fundaciohospitalariesmartorell.org\/entre-tots\/wp-json\/wp\/v2\/categories?post=11423"},{"taxonomy":"post_tag","embeddable":true,"href":"https:\/\/fundaciohospitalariesmartorell.org\/entre-tots\/wp-json\/wp\/v2\/tags?post=11423"}],"curies":[{"name":"wp","href":"https:\/\/api.w.org\/{rel}","templated":true}]}}