{"id":11432,"date":"2025-05-19T10:52:35","date_gmt":"2025-05-19T09:52:35","guid":{"rendered":"https:\/\/fundaciohospitalariesmartorell.org\/entre-tots\/?p=11432"},"modified":"2025-05-21T11:37:51","modified_gmt":"2025-05-21T10:37:51","slug":"la-i-jornada-dinfermeria-i-fisioterapia-en-atencio-intermedia-destaca-el-paper-clau-de-la-infermeria-i-la-rehabilitacio-com-a-motors-del-canvi-en-aquest-ambit","status":"publish","type":"post","link":"https:\/\/fundaciohospitalariesmartorell.org\/entre-tots\/2025\/05\/la-i-jornada-dinfermeria-i-fisioterapia-en-atencio-intermedia-destaca-el-paper-clau-de-la-infermeria-i-la-rehabilitacio-com-a-motors-del-canvi-en-aquest-ambit\/","title":{"rendered":"La I Jornada d&#8217;Infermeria i Fisioter\u00e0pia en Atenci\u00f3 Interm\u00e8dia destaca el paper clau de la infermeria i la rehabilitaci\u00f3 com a motors del canvi en aquest \u00e0mbit"},"content":{"rendered":"\n<figure class=\"wp-block-image size-large\"><img loading=\"lazy\" decoding=\"async\" width=\"1024\" height=\"576\" src=\"https:\/\/fundaciohospitalariesmartorell.org\/entre-tots\/wp-content\/uploads\/2025\/05\/IMG_1778-1024x576.jpg\" alt=\"\" class=\"wp-image-11433\" srcset=\"https:\/\/fundaciohospitalariesmartorell.org\/entre-tots\/wp-content\/uploads\/2025\/05\/IMG_1778-1024x576.jpg 1024w, https:\/\/fundaciohospitalariesmartorell.org\/entre-tots\/wp-content\/uploads\/2025\/05\/IMG_1778-300x169.jpg 300w, https:\/\/fundaciohospitalariesmartorell.org\/entre-tots\/wp-content\/uploads\/2025\/05\/IMG_1778-768x432.jpg 768w, https:\/\/fundaciohospitalariesmartorell.org\/entre-tots\/wp-content\/uploads\/2025\/05\/IMG_1778-1536x864.jpg 1536w, https:\/\/fundaciohospitalariesmartorell.org\/entre-tots\/wp-content\/uploads\/2025\/05\/IMG_1778-2048x1152.jpg 2048w, https:\/\/fundaciohospitalariesmartorell.org\/entre-tots\/wp-content\/uploads\/2025\/05\/IMG_1778-1320x743.jpg 1320w\" sizes=\"auto, (max-width: 1024px) 100vw, 1024px\" \/><\/figure>\n\n\n\n<p>La Fundaci\u00f3 Hospital\u00e0ries Martorell va acollir, el passat 9 de maig, la I Jornada d\u2019Infermeria i Fisioter\u00e0pia en Atenci\u00f3 Interm\u00e8dia, emmarcada dins dels actes de commemoraci\u00f3 del Dia Internacional de la Infermeria. Aquesta trobada neix amb la voluntat de recuperar l\u2019esperit de les anteriors Jornades Sociosanit\u00e0ries d\u2019Infermeria i Fisioter\u00e0pia que se celebraven abans de la pand\u00e8mia al nostre centre.<\/p>\n\n\n\n<p>La jornada va reunir m\u00e9s de 130 professionals&nbsp;de diversos \u00e0mbits assistencials \u2014atenci\u00f3 prim\u00e0ria, especialitzada i interm\u00e8dia\u2014 i va posar en valor el paper essencial de les infermeres&nbsp;i dels professionals de la rehabilitaci\u00f3 (fisioterapeutes, logopedes i terapeutes ocupacionals) en el nou model de salut, centrat en la cura integral i la rehabilitaci\u00f3 de les persones grans.<\/p>\n\n\n\n<p>Durant la jornada es van compartir experi\u00e8ncies i bones pr\u00e0ctiques en l\u2019\u00e0mbit de les cures i la rehabilitaci\u00f3, aix\u00ed com reflexions sobre els nous reptes de futur&nbsp;per al sistema sanitari i per als professionals.<\/p>\n\n\n\n<figure class=\"wp-block-image size-large\"><img loading=\"lazy\" decoding=\"async\" width=\"1024\" height=\"576\" src=\"https:\/\/fundaciohospitalariesmartorell.org\/entre-tots\/wp-content\/uploads\/2025\/05\/IMG_1818-1024x576.jpg\" alt=\"\" class=\"wp-image-11434\" srcset=\"https:\/\/fundaciohospitalariesmartorell.org\/entre-tots\/wp-content\/uploads\/2025\/05\/IMG_1818-1024x576.jpg 1024w, https:\/\/fundaciohospitalariesmartorell.org\/entre-tots\/wp-content\/uploads\/2025\/05\/IMG_1818-300x169.jpg 300w, https:\/\/fundaciohospitalariesmartorell.org\/entre-tots\/wp-content\/uploads\/2025\/05\/IMG_1818-768x432.jpg 768w, https:\/\/fundaciohospitalariesmartorell.org\/entre-tots\/wp-content\/uploads\/2025\/05\/IMG_1818-1536x864.jpg 1536w, https:\/\/fundaciohospitalariesmartorell.org\/entre-tots\/wp-content\/uploads\/2025\/05\/IMG_1818-2048x1152.jpg 2048w, https:\/\/fundaciohospitalariesmartorell.org\/entre-tots\/wp-content\/uploads\/2025\/05\/IMG_1818-1320x743.jpg 1320w\" sizes=\"auto, (max-width: 1024px) 100vw, 1024px\" \/><\/figure>\n\n\n\n<p>&#8220;Vivim un moment de grans reptes i transformacions. Un dels reptes m\u00e9s grans que tenim al davant \u00e9s adaptar-nos a unes necessitats cada vegada m\u00e9s complexes i cr\u00f2niques, amb uns recursos que, sovint, no creixen al mateix ritme. A Catalunya i, concretament, al nostre centre, aix\u00f2 ens empeny a refor\u00e7ar la coordinaci\u00f3 entre nivells assistencials, optimitzar els recursos disponibles i, sobretot, posar el focus en la persona atesa. Aix\u00f2 vol dir promoure la seva autonomia i garantir una atenci\u00f3 centrada en les persones&#8221;, va assegurar el Dr. Jes\u00fas Ezquerra, gerent del centre, en la benvinguda institucional. Ezquerra va insistir que l\u2019atenci\u00f3 interm\u00e8dia \u00e9s clau en aquest context, ja que ofereix una resposta integral i flexible entre l\u2019atenci\u00f3 hospital\u00e0ria aguda i l\u2019atenci\u00f3 prim\u00e0ria, amb un model que aposta per la recuperaci\u00f3 funcional, la reintegraci\u00f3 social i l\u2019enfocament interdisciplinari.<\/p>\n\n\n\n<p>Les conclusions de la jornada van ser clares: cal una transformaci\u00f3 del model d\u2019atenci\u00f3, amb les infermeres com a eix vertebrador&nbsp;d\u2019aquest canvi, donada la seva capacitat per abordar processos cada cop m\u00e9s complexos i per liderar una gesti\u00f3 transversal dels casos.<\/p>\n\n\n\n<p>L\u2019atenci\u00f3 interm\u00e8dia es presenta, aix\u00ed, com una resposta efica\u00e7, sostenible i de qualitat&nbsp;als grans reptes del nostre sistema de salut: la cronicitat, l\u2019envelliment, la depend\u00e8ncia creixent i la necessitat de recuperar l\u2019autonomia funcional&nbsp;de les persones.<\/p>\n\n\n\n<div class=\"wp-block-getwid-images-slider has-arrows-inside has-dots-inside has-images-center has-cropped-images\"><div class=\"wp-block-getwid-images-slider__wrapper\" data-effect=\"fade\" data-slides-show=\"1\" data-slides-show-laptop=\"1\" data-slides-show-tablet=\"1\" data-slides-show-mobile=\"1\" data-slides-scroll=\"1\" data-autoplay=\"false\" data-pause-hover=\"false\" data-autoplay-speed=\"6000\" data-infinite=\"true\" data-animation-speed=\"800\" data-center-mode=\"false\" data-variable-width=\"false\" data-arrows=\"inside\" data-dots=\"inside\" data-spacing=\"none\"><div class=\"wp-block-getwid-images-slider__item\"><figure><img loading=\"lazy\" decoding=\"async\" width=\"2560\" height=\"1920\" src=\"https:\/\/fundaciohospitalariesmartorell.org\/entre-tots\/wp-content\/uploads\/2025\/05\/IMG_1821-scaled.jpg\" data-id=\"11439\" data-link=\"https:\/\/fundaciohospitalariesmartorell.org\/entre-tots\/2025\/05\/la-i-jornada-dinfermeria-i-fisioterapia-en-atencio-intermedia-destaca-el-paper-clau-de-la-infermeria-i-la-rehabilitacio-com-a-motors-del-canvi-en-aquest-ambit\/img_1821\/\" data-original-link=\"https:\/\/fundaciohospitalariesmartorell.org\/entre-tots\/wp-content\/uploads\/2025\/05\/IMG_1821-scaled.jpg\" class=\"wp-block-getwid-images-slider__image wp-image-11439\" srcset=\"https:\/\/fundaciohospitalariesmartorell.org\/entre-tots\/wp-content\/uploads\/2025\/05\/IMG_1821-scaled.jpg 2560w, https:\/\/fundaciohospitalariesmartorell.org\/entre-tots\/wp-content\/uploads\/2025\/05\/IMG_1821-300x225.jpg 300w, https:\/\/fundaciohospitalariesmartorell.org\/entre-tots\/wp-content\/uploads\/2025\/05\/IMG_1821-1024x768.jpg 1024w, https:\/\/fundaciohospitalariesmartorell.org\/entre-tots\/wp-content\/uploads\/2025\/05\/IMG_1821-768x576.jpg 768w, https:\/\/fundaciohospitalariesmartorell.org\/entre-tots\/wp-content\/uploads\/2025\/05\/IMG_1821-1536x1152.jpg 1536w, https:\/\/fundaciohospitalariesmartorell.org\/entre-tots\/wp-content\/uploads\/2025\/05\/IMG_1821-2048x1536.jpg 2048w, https:\/\/fundaciohospitalariesmartorell.org\/entre-tots\/wp-content\/uploads\/2025\/05\/IMG_1821-1320x990.jpg 1320w\" sizes=\"auto, (max-width: 2560px) 100vw, 2560px\" \/><\/figure><\/div><div class=\"wp-block-getwid-images-slider__item\"><figure><img loading=\"lazy\" decoding=\"async\" width=\"2560\" height=\"1920\" src=\"https:\/\/fundaciohospitalariesmartorell.org\/entre-tots\/wp-content\/uploads\/2025\/05\/IMG_1799-scaled.jpg\" data-id=\"11441\" data-link=\"https:\/\/fundaciohospitalariesmartorell.org\/entre-tots\/2025\/05\/la-i-jornada-dinfermeria-i-fisioterapia-en-atencio-intermedia-destaca-el-paper-clau-de-la-infermeria-i-la-rehabilitacio-com-a-motors-del-canvi-en-aquest-ambit\/img_1799\/\" data-original-link=\"https:\/\/fundaciohospitalariesmartorell.org\/entre-tots\/wp-content\/uploads\/2025\/05\/IMG_1799-scaled.jpg\" class=\"wp-block-getwid-images-slider__image wp-image-11441\" srcset=\"https:\/\/fundaciohospitalariesmartorell.org\/entre-tots\/wp-content\/uploads\/2025\/05\/IMG_1799-scaled.jpg 2560w, https:\/\/fundaciohospitalariesmartorell.org\/entre-tots\/wp-content\/uploads\/2025\/05\/IMG_1799-300x225.jpg 300w, https:\/\/fundaciohospitalariesmartorell.org\/entre-tots\/wp-content\/uploads\/2025\/05\/IMG_1799-1024x768.jpg 1024w, https:\/\/fundaciohospitalariesmartorell.org\/entre-tots\/wp-content\/uploads\/2025\/05\/IMG_1799-768x576.jpg 768w, https:\/\/fundaciohospitalariesmartorell.org\/entre-tots\/wp-content\/uploads\/2025\/05\/IMG_1799-1536x1152.jpg 1536w, https:\/\/fundaciohospitalariesmartorell.org\/entre-tots\/wp-content\/uploads\/2025\/05\/IMG_1799-2048x1536.jpg 2048w, https:\/\/fundaciohospitalariesmartorell.org\/entre-tots\/wp-content\/uploads\/2025\/05\/IMG_1799-1320x990.jpg 1320w\" sizes=\"auto, (max-width: 2560px) 100vw, 2560px\" \/><\/figure><\/div><div class=\"wp-block-getwid-images-slider__item\"><figure><img loading=\"lazy\" decoding=\"async\" width=\"2560\" height=\"1920\" src=\"https:\/\/fundaciohospitalariesmartorell.org\/entre-tots\/wp-content\/uploads\/2025\/05\/IMG_1769-scaled.jpg\" data-id=\"11442\" data-link=\"https:\/\/fundaciohospitalariesmartorell.org\/entre-tots\/2025\/05\/la-i-jornada-dinfermeria-i-fisioterapia-en-atencio-intermedia-destaca-el-paper-clau-de-la-infermeria-i-la-rehabilitacio-com-a-motors-del-canvi-en-aquest-ambit\/img_1769\/\" data-original-link=\"https:\/\/fundaciohospitalariesmartorell.org\/entre-tots\/wp-content\/uploads\/2025\/05\/IMG_1769-scaled.jpg\" class=\"wp-block-getwid-images-slider__image wp-image-11442\" srcset=\"https:\/\/fundaciohospitalariesmartorell.org\/entre-tots\/wp-content\/uploads\/2025\/05\/IMG_1769-scaled.jpg 2560w, https:\/\/fundaciohospitalariesmartorell.org\/entre-tots\/wp-content\/uploads\/2025\/05\/IMG_1769-300x225.jpg 300w, https:\/\/fundaciohospitalariesmartorell.org\/entre-tots\/wp-content\/uploads\/2025\/05\/IMG_1769-1024x768.jpg 1024w, https:\/\/fundaciohospitalariesmartorell.org\/entre-tots\/wp-content\/uploads\/2025\/05\/IMG_1769-768x576.jpg 768w, https:\/\/fundaciohospitalariesmartorell.org\/entre-tots\/wp-content\/uploads\/2025\/05\/IMG_1769-1536x1152.jpg 1536w, https:\/\/fundaciohospitalariesmartorell.org\/entre-tots\/wp-content\/uploads\/2025\/05\/IMG_1769-2048x1536.jpg 2048w, https:\/\/fundaciohospitalariesmartorell.org\/entre-tots\/wp-content\/uploads\/2025\/05\/IMG_1769-1320x990.jpg 1320w\" sizes=\"auto, (max-width: 2560px) 100vw, 2560px\" \/><\/figure><\/div><div class=\"wp-block-getwid-images-slider__item\"><figure><img loading=\"lazy\" decoding=\"async\" width=\"2560\" height=\"1440\" src=\"https:\/\/fundaciohospitalariesmartorell.org\/entre-tots\/wp-content\/uploads\/2025\/05\/IMG_1836-scaled.jpg\" data-id=\"11446\" data-link=\"https:\/\/fundaciohospitalariesmartorell.org\/entre-tots\/2025\/05\/la-i-jornada-dinfermeria-i-fisioterapia-en-atencio-intermedia-destaca-el-paper-clau-de-la-infermeria-i-la-rehabilitacio-com-a-motors-del-canvi-en-aquest-ambit\/img_1836\/\" data-original-link=\"https:\/\/fundaciohospitalariesmartorell.org\/entre-tots\/wp-content\/uploads\/2025\/05\/IMG_1836-scaled.jpg\" class=\"wp-block-getwid-images-slider__image wp-image-11446\" srcset=\"https:\/\/fundaciohospitalariesmartorell.org\/entre-tots\/wp-content\/uploads\/2025\/05\/IMG_1836-scaled.jpg 2560w, https:\/\/fundaciohospitalariesmartorell.org\/entre-tots\/wp-content\/uploads\/2025\/05\/IMG_1836-300x169.jpg 300w, https:\/\/fundaciohospitalariesmartorell.org\/entre-tots\/wp-content\/uploads\/2025\/05\/IMG_1836-1024x576.jpg 1024w, https:\/\/fundaciohospitalariesmartorell.org\/entre-tots\/wp-content\/uploads\/2025\/05\/IMG_1836-768x432.jpg 768w, https:\/\/fundaciohospitalariesmartorell.org\/entre-tots\/wp-content\/uploads\/2025\/05\/IMG_1836-1536x864.jpg 1536w, https:\/\/fundaciohospitalariesmartorell.org\/entre-tots\/wp-content\/uploads\/2025\/05\/IMG_1836-2048x1152.jpg 2048w, https:\/\/fundaciohospitalariesmartorell.org\/entre-tots\/wp-content\/uploads\/2025\/05\/IMG_1836-1320x743.jpg 1320w\" sizes=\"auto, (max-width: 2560px) 100vw, 2560px\" \/><\/figure><\/div><div class=\"wp-block-getwid-images-slider__item\"><figure><img loading=\"lazy\" decoding=\"async\" width=\"2560\" height=\"1440\" src=\"https:\/\/fundaciohospitalariesmartorell.org\/entre-tots\/wp-content\/uploads\/2025\/05\/IMG_1814-scaled.jpg\" data-id=\"11444\" data-link=\"https:\/\/fundaciohospitalariesmartorell.org\/entre-tots\/2025\/05\/la-i-jornada-dinfermeria-i-fisioterapia-en-atencio-intermedia-destaca-el-paper-clau-de-la-infermeria-i-la-rehabilitacio-com-a-motors-del-canvi-en-aquest-ambit\/img_1814\/\" data-original-link=\"https:\/\/fundaciohospitalariesmartorell.org\/entre-tots\/wp-content\/uploads\/2025\/05\/IMG_1814-scaled.jpg\" class=\"wp-block-getwid-images-slider__image wp-image-11444\" srcset=\"https:\/\/fundaciohospitalariesmartorell.org\/entre-tots\/wp-content\/uploads\/2025\/05\/IMG_1814-scaled.jpg 2560w, https:\/\/fundaciohospitalariesmartorell.org\/entre-tots\/wp-content\/uploads\/2025\/05\/IMG_1814-300x169.jpg 300w, https:\/\/fundaciohospitalariesmartorell.org\/entre-tots\/wp-content\/uploads\/2025\/05\/IMG_1814-1024x576.jpg 1024w, https:\/\/fundaciohospitalariesmartorell.org\/entre-tots\/wp-content\/uploads\/2025\/05\/IMG_1814-768x432.jpg 768w, https:\/\/fundaciohospitalariesmartorell.org\/entre-tots\/wp-content\/uploads\/2025\/05\/IMG_1814-1536x864.jpg 1536w, https:\/\/fundaciohospitalariesmartorell.org\/entre-tots\/wp-content\/uploads\/2025\/05\/IMG_1814-2048x1152.jpg 2048w, https:\/\/fundaciohospitalariesmartorell.org\/entre-tots\/wp-content\/uploads\/2025\/05\/IMG_1814-1320x743.jpg 1320w\" sizes=\"auto, (max-width: 2560px) 100vw, 2560px\" \/><\/figure><\/div><div class=\"wp-block-getwid-images-slider__item\"><figure><img loading=\"lazy\" decoding=\"async\" width=\"2560\" height=\"1440\" src=\"https:\/\/fundaciohospitalariesmartorell.org\/entre-tots\/wp-content\/uploads\/2025\/05\/IMG_1807-scaled.jpg\" data-id=\"11445\" data-link=\"https:\/\/fundaciohospitalariesmartorell.org\/entre-tots\/2025\/05\/la-i-jornada-dinfermeria-i-fisioterapia-en-atencio-intermedia-destaca-el-paper-clau-de-la-infermeria-i-la-rehabilitacio-com-a-motors-del-canvi-en-aquest-ambit\/img_1807\/\" data-original-link=\"https:\/\/fundaciohospitalariesmartorell.org\/entre-tots\/wp-content\/uploads\/2025\/05\/IMG_1807-scaled.jpg\" class=\"wp-block-getwid-images-slider__image wp-image-11445\" srcset=\"https:\/\/fundaciohospitalariesmartorell.org\/entre-tots\/wp-content\/uploads\/2025\/05\/IMG_1807-scaled.jpg 2560w, https:\/\/fundaciohospitalariesmartorell.org\/entre-tots\/wp-content\/uploads\/2025\/05\/IMG_1807-300x169.jpg 300w, https:\/\/fundaciohospitalariesmartorell.org\/entre-tots\/wp-content\/uploads\/2025\/05\/IMG_1807-1024x576.jpg 1024w, https:\/\/fundaciohospitalariesmartorell.org\/entre-tots\/wp-content\/uploads\/2025\/05\/IMG_1807-768x432.jpg 768w, https:\/\/fundaciohospitalariesmartorell.org\/entre-tots\/wp-content\/uploads\/2025\/05\/IMG_1807-1536x864.jpg 1536w, https:\/\/fundaciohospitalariesmartorell.org\/entre-tots\/wp-content\/uploads\/2025\/05\/IMG_1807-2048x1152.jpg 2048w, https:\/\/fundaciohospitalariesmartorell.org\/entre-tots\/wp-content\/uploads\/2025\/05\/IMG_1807-1320x743.jpg 1320w\" sizes=\"auto, (max-width: 2560px) 100vw, 2560px\" \/><\/figure><\/div><\/div><\/div>\n\n\n\n<p>Si us voleu descarregar aquestes i altres fotos de la jornada, feu clic en aquest enlla\u00e7: <a href=\"https:\/\/flic.kr\/s\/aHBqjCeDmd\">aqu\u00ed<\/a>.<\/p>\n","protected":false},"excerpt":{"rendered":"<p>La Fundaci\u00f3 Hospital\u00e0ries Martorell va acollir, el passat 9 de maig, la I Jornada d\u2019Infermeria i Fisioter\u00e0pia en Atenci\u00f3 Interm\u00e8dia, emmarcada dins dels actes de commemoraci\u00f3 del Dia Internacional de la Infermeria. Aquesta trobada neix amb la voluntat de recuperar l\u2019esperit de les anteriors Jornades Sociosanit\u00e0ries d\u2019Infermeria i Fisioter\u00e0pia que se celebraven abans de la [&hellip;]<\/p>\n","protected":false},"author":6,"featured_media":11433,"comment_status":"closed","ping_status":"closed","sticky":false,"template":"","format":"standard","meta":{"footnotes":""},"categories":[27],"tags":[],"class_list":["post-11432","post","type-post","status-publish","format-standard","has-post-thumbnail","hentry","category-actualitat"],"blocksy_meta":[],"featured_image_urls_v2":{"full":["https:\/\/fundaciohospitalariesmartorell.org\/entre-tots\/wp-content\/uploads\/2025\/05\/IMG_1778-scaled.jpg",2560,1440,false],"thumbnail":["https:\/\/fundaciohospitalariesmartorell.org\/entre-tots\/wp-content\/uploads\/2025\/05\/IMG_1778-150x150.jpg",150,150,true],"medium":["https:\/\/fundaciohospitalariesmartorell.org\/entre-tots\/wp-content\/uploads\/2025\/05\/IMG_1778-300x169.jpg",300,169,true],"medium_large":["https:\/\/fundaciohospitalariesmartorell.org\/entre-tots\/wp-content\/uploads\/2025\/05\/IMG_1778-768x432.jpg",768,432,true],"large":["https:\/\/fundaciohospitalariesmartorell.org\/entre-tots\/wp-content\/uploads\/2025\/05\/IMG_1778-1024x576.jpg",1024,576,true],"1536x1536":["https:\/\/fundaciohospitalariesmartorell.org\/entre-tots\/wp-content\/uploads\/2025\/05\/IMG_1778-1536x864.jpg",1536,864,true],"2048x2048":["https:\/\/fundaciohospitalariesmartorell.org\/entre-tots\/wp-content\/uploads\/2025\/05\/IMG_1778-2048x1152.jpg",2048,1152,true],"mailpoet_newsletter_max":["https:\/\/fundaciohospitalariesmartorell.org\/entre-tots\/wp-content\/uploads\/2025\/05\/IMG_1778-1320x743.jpg",1320,743,true]},"post_excerpt_stackable_v2":"<p>La Fundaci\u00f3 Hospital\u00e0ries Martorell va acollir, el passat 9 de maig, la I Jornada d\u2019Infermeria i Fisioter\u00e0pia en Atenci\u00f3 Interm\u00e8dia, emmarcada dins dels actes de commemoraci\u00f3 del Dia Internacional de la Infermeria. Aquesta trobada neix amb la voluntat de recuperar l\u2019esperit de les anteriors Jornades Sociosanit\u00e0ries d\u2019Infermeria i Fisioter\u00e0pia que se celebraven abans de la pand\u00e8mia al nostre centre. La jornada va reunir m\u00e9s de 130 professionals&nbsp;de diversos \u00e0mbits assistencials \u2014atenci\u00f3 prim\u00e0ria, especialitzada i interm\u00e8dia\u2014 i va posar en valor el paper essencial de les infermeres&nbsp;i dels professionals de la rehabilitaci\u00f3 (fisioterapeutes, logopedes i terapeutes ocupacionals) en el nou model&hellip;<\/p>\n","category_list_v2":"<a href=\"https:\/\/fundaciohospitalariesmartorell.org\/entre-tots\/category\/actualitat\/\" rel=\"category tag\">ACTUALITAT<\/a>","author_info_v2":{"name":"Martorell_comunicacio","url":"https:\/\/fundaciohospitalariesmartorell.org\/entre-tots\/author\/martorell_comunicacio\/"},"comments_num_v2":"0 comments","_links":{"self":[{"href":"https:\/\/fundaciohospitalariesmartorell.org\/entre-tots\/wp-json\/wp\/v2\/posts\/11432","targetHints":{"allow":["GET"]}}],"collection":[{"href":"https:\/\/fundaciohospitalariesmartorell.org\/entre-tots\/wp-json\/wp\/v2\/posts"}],"about":[{"href":"https:\/\/fundaciohospitalariesmartorell.org\/entre-tots\/wp-json\/wp\/v2\/types\/post"}],"author":[{"embeddable":true,"href":"https:\/\/fundaciohospitalariesmartorell.org\/entre-tots\/wp-json\/wp\/v2\/users\/6"}],"replies":[{"embeddable":true,"href":"https:\/\/fundaciohospitalariesmartorell.org\/entre-tots\/wp-json\/wp\/v2\/comments?post=11432"}],"version-history":[{"count":5,"href":"https:\/\/fundaciohospitalariesmartorell.org\/entre-tots\/wp-json\/wp\/v2\/posts\/11432\/revisions"}],"predecessor-version":[{"id":11450,"href":"https:\/\/fundaciohospitalariesmartorell.org\/entre-tots\/wp-json\/wp\/v2\/posts\/11432\/revisions\/11450"}],"wp:featuredmedia":[{"embeddable":true,"href":"https:\/\/fundaciohospitalariesmartorell.org\/entre-tots\/wp-json\/wp\/v2\/media\/11433"}],"wp:attachment":[{"href":"https:\/\/fundaciohospitalariesmartorell.org\/entre-tots\/wp-json\/wp\/v2\/media?parent=11432"}],"wp:term":[{"taxonomy":"category","embeddable":true,"href":"https:\/\/fundaciohospitalariesmartorell.org\/entre-tots\/wp-json\/wp\/v2\/categories?post=11432"},{"taxonomy":"post_tag","embeddable":true,"href":"https:\/\/fundaciohospitalariesmartorell.org\/entre-tots\/wp-json\/wp\/v2\/tags?post=11432"}],"curies":[{"name":"wp","href":"https:\/\/api.w.org\/{rel}","templated":true}]}}